{"id":45335,"date":"2022-07-19T17:52:30","date_gmt":"2022-07-19T17:52:30","guid":{"rendered":"https:\/\/www.ole.com.ar\/river-plate\/palito-gallardo-dirigentes-entrenadores_0_0sgtyAwcs8.html"},"modified":"2022-07-19T17:52:30","modified_gmt":"2022-07-19T17:52:30","slug":"la-propuesta-de-gallardo-contra-los-dirigentes-que-echan-tecnicos","status":"publish","type":"post","link":"http:\/\/hoycordobaweb.com\/index.php\/2022\/07\/19\/la-propuesta-de-gallardo-contra-los-dirigentes-que-echan-tecnicos\/","title":{"rendered":"La propuesta de Gallardo contra los dirigentes que echan t\u00e9cnicos"},"content":{"rendered":"<p><img src=\"http:\/\/hoycordobaweb.com\/wp-content\/uploads\/2022\/07\/la-propuesta-de-gallardo-contra-los-dirigentes-que-echan-tecnicos.jpg\"><\/p>\n<p>La conferencia de <a alt=\"marcelo-gallardo\" class=\"slug\" href=\"https:\/\/www.ole.com.ar\/tema\/marcelo-gallardo.html\" target=\"_blank\" title=\"marcelo-gallardo\" rel=\"noopener noreferrer\">Marcelo Gallard<\/a>o toc\u00f3 varios temas candentes como el nivel de<a data-cke-saved-href=\"https:\/\/www.ole.com.ar\/river-plate\/conferencia-river-gallardo-refuerzos_0_ppZyteA9tg.html\" target=\"_blank\" href=\"https:\/\/www.ole.com.ar\/river-plate\/conferencia-river-gallardo-refuerzos_0_ppZyteA9tg.html\" rel=\"noopener noreferrer\"> los refuerzos, el arbitraje y su futuro<\/a> como t\u00e9cnico de <a alt=\"river-plate\" class=\"slug\" href=\"https:\/\/www.ole.com.ar\/tema\/river-plate.html\" target=\"_blank\" title=\"river-plate\" rel=\"noopener noreferrer\">River<\/a>, pero adem\u00e1s se permiti\u00f3 hacer un comentario particular, direccionado a las dirigencias de los otros clubes. <strong>\u00abYo propondr\u00eda que cuando se contrata un DT y no se lo sostiene, que se vaya el responsable de la elecci\u00f3n de ese entrenador.<\/strong> P\u00f3nganse a pensar lo que significar\u00eda eso. Mi permanencia se deber\u00eda ver como un m\u00e9rito. Por eso hablo del convencimiento\u00bb, tir\u00f3. \u00bfA qui\u00e9n le hablaba? <a data-cke-saved-href=\"https:\/\/www.ole.com.ar\/futbol-primera\/tecnicos-liga-profesional_0_iG9nDkXMyH.html\" target=\"_blank\" href=\"https:\/\/www.ole.com.ar\/futbol-primera\/tecnicos-liga-profesional_0_iG9nDkXMyH.html\" rel=\"noopener noreferrer\">En ocho fechas ya se fueron seis t\u00e9cnicos de Primera&#8230;<\/a><\/p>\n<div class=\"sp__SM\">\n<div class=\"content-new \">\n<span class=\"tit-mobile\">Mir\u00e1 tambi\u00e9n<\/span><\/p>\n<div class=\"mg\">\n<div class=\"wrap-figure\">\n<picture>\n<a href=\"https:\/\/www.ole.com.ar\/river-plate\/gallardo-arbitros-fallando-feo-river_0_w6me8mRkZj.html\" target=\"_self\" rel=\"noopener noreferrer\"><br \/>\n<img class=\"img-responsive\" alt=\"Gallardo y los \u00e1rbitros: &quot;Cuando se equivocan tan feamente te sacan&quot;\" src=\"http:\/\/hoycordobaweb.com\/wp-content\/uploads\/2022\/07\/la-propuesta-de-gallardo-contra-los-dirigentes-que-echan-tecnicos-2.jpg\" loading=\"lazy\"><br \/>\n<\/a>\n<\/picture>\n<\/div>\n<\/div><\/div>\n<\/div>\n<p>Gallardo agreg\u00f3: \u00abEn una sociedad en la que se quiere destruir todo rapidamente <strong>se debe ver como un m\u00e9rito la permanencia<\/strong>. No me miro para m\u00ed, sino para el resto de los entrenadores.<strong> Les hablo a los dirigentes de otras instituciones<\/strong>. El futbol no es arte. Te sent\u00e1s y cambi\u00e1s un par de cosas, no se da a corto plazo. Cuando ten\u00e9s convencimiento debe ser real. Todo el tiempo nos estamos equivocando\u00bb.<\/p>\n<h2><strong>Lo mejor de la conferencia de Gallardo<\/strong><\/h2>\n<div class=\"sp__SM\">\n<div class=\"content-new \">\n<span class=\"tit-mobile\">Mir\u00e1 tambi\u00e9n<\/span><\/p>\n<div class=\"mg\">\n<div class=\"wrap-figure\">\n<picture>\n<a href=\"https:\/\/www.ole.com.ar\/river-plate\/conferencia-river-gallardo-refuerzos_0_ppZyteA9tg.html\" target=\"_self\" rel=\"noopener noreferrer\"><br \/>\n<img class=\"img-responsive\" alt=\"Gallardo: del &quot;no hay crisis&quot; al &quot;voy a estar hasta el \u00faltimo d\u00eda de mi contrato&quot;\" src=\"http:\/\/hoycordobaweb.com\/wp-content\/uploads\/2022\/07\/la-propuesta-de-gallardo-contra-los-dirigentes-que-echan-tecnicos-3.jpg\" loading=\"lazy\"><br \/>\n<\/a>\n<\/picture>\n<\/div>\n<\/div><\/div>\n<\/div>\n<div class=\"sp__SM\">\n<div class=\"content-new \">\n<span class=\"tit-mobile\">Mir\u00e1 tambi\u00e9n<\/span><\/p>\n<div class=\"mg\">\n<div class=\"wrap-figure\">\n<picture>\n<a href=\"https:\/\/www.ole.com.ar\/river-plate\/gallardo-river-futuro-2023_0_TMfoozUwqu.html\" target=\"_self\" rel=\"noopener noreferrer\"><br \/>\n<img class=\"img-responsive\" alt=\"Gallardo y su futuro: \u00bfsigue en 2023?\" src=\"http:\/\/hoycordobaweb.com\/wp-content\/uploads\/2022\/07\/la-propuesta-de-gallardo-contra-los-dirigentes-que-echan-tecnicos-4.jpg\" loading=\"lazy\"><br \/>\n<\/a>\n<\/picture>\n<\/div>\n<\/div><\/div>\n<\/div>\n<div class=\"entry-tags\">\n<h2>TEMAS QUE APARECEN EN ESTA NOTA<\/h2>\n<\/p><\/div>\n","protected":false},"excerpt":{"rendered":"<p>La conferencia de Marcelo Gallardo toc\u00f3 varios temas candentes como el nivel de los refuerzos, el arbitraje y su futuro como t\u00e9cnico de River, pero adem\u00e1s se permiti\u00f3 hacer un comentario particular, direccionado a las dirigencias de los otros clubes. \u00abYo propondr\u00eda que cuando se contrata un DT y no se lo sostiene, que se [&hellip;]<\/p>\n","protected":false},"author":1,"featured_media":45336,"comment_status":"open","ping_status":"closed","sticky":false,"template":"","format":"standard","meta":[],"categories":[16],"tags":[],"_links":{"self":[{"href":"http:\/\/hoycordobaweb.com\/index.php\/wp-json\/wp\/v2\/posts\/45335"}],"collection":[{"href":"http:\/\/hoycordobaweb.com\/index.php\/wp-json\/wp\/v2\/posts"}],"about":[{"href":"http:\/\/hoycordobaweb.com\/index.php\/wp-json\/wp\/v2\/types\/post"}],"author":[{"embeddable":true,"href":"http:\/\/hoycordobaweb.com\/index.php\/wp-json\/wp\/v2\/users\/1"}],"replies":[{"embeddable":true,"href":"http:\/\/hoycordobaweb.com\/index.php\/wp-json\/wp\/v2\/comments?post=45335"}],"version-history":[{"count":0,"href":"http:\/\/hoycordobaweb.com\/index.php\/wp-json\/wp\/v2\/posts\/45335\/revisions"}],"wp:featuredmedia":[{"embeddable":true,"href":"http:\/\/hoycordobaweb.com\/index.php\/wp-json\/wp\/v2\/media\/45336"}],"wp:attachment":[{"href":"http:\/\/hoycordobaweb.com\/index.php\/wp-json\/wp\/v2\/media?parent=45335"}],"wp:term":[{"taxonomy":"category","embeddable":true,"href":"http:\/\/hoycordobaweb.com\/index.php\/wp-json\/wp\/v2\/categories?post=45335"},{"taxonomy":"post_tag","embeddable":true,"href":"http:\/\/hoycordobaweb.com\/index.php\/wp-json\/wp\/v2\/tags?post=45335"}],"curies":[{"name":"wp","href":"https:\/\/api.w.org\/{rel}","templated":true}]}}