{"id":45329,"date":"2022-07-19T11:27:48","date_gmt":"2022-07-19T11:27:48","guid":{"rendered":"https:\/\/manoamanocba.com.ar\/?p=5540"},"modified":"2022-07-19T11:27:48","modified_gmt":"2022-07-19T11:27:48","slug":"extendieron-el-plazo-de-la-moratoria-previsional","status":"publish","type":"post","link":"http:\/\/hoycordobaweb.com\/index.php\/2022\/07\/19\/extendieron-el-plazo-de-la-moratoria-previsional\/","title":{"rendered":"Extendieron el plazo de la moratoria previsional"},"content":{"rendered":"<div><img src=\"http:\/\/hoycordobaweb.com\/wp-content\/uploads\/2022\/07\/extendieron-el-plazo-de-la-moratoria-previsional.jpg\" class=\"ff-og-image-inserted\"><\/div>\n<p>El presidente Alberto Fern\u00e1ndez&nbsp;anunci\u00f3 este lunes la extensi\u00f3n del plazo de la moratoria previsional, sancionada en 2014 y que&nbsp;<strong>venc\u00eda el s\u00e1bado pr\u00f3ximo<\/strong>, hasta que el Congreso sancione una nueva ley.<\/p>\n<p>\u00abHoy me reun\u00ed con&nbsp;<strong>Fernanda Raverta<\/strong> para analizar la situaci\u00f3n de las y los jubilados de Argentina y las medidas a tomar por el vencimiento del plazo de la moratoria previsional sancionada en el 2014\u2033, public\u00f3 Fern\u00e1ndez en su cuenta de <em>Twitter<\/em>.<\/p>\n<p>\u00abLa moratoria previsional fue una pol\u00edtica indispensable en nuestro pa\u00eds para&nbsp;<strong>garantizar que millones de mujeres mayores puedan acceder a su jubilaci\u00f3n<\/strong>\u00ab, ampli\u00f3 el mandatario en en un hilo en esa red social.<\/p>\n<blockquote class=\"twitter-tweet\" readability=\"8.1549815498155\">\n<p dir=\"ltr\" lang=\"es\">Hoy me reun\u00ed con <a href=\"https:\/\/twitter.com\/FerRaverta?ref_src=twsrc%5Etfw\">@FerRaverta<\/a> para analizar la situaci\u00f3n de las y los jubilados de Argentina y las medidas a tomar por el vencimiento del plazo de la moratoria previsional sancionada en el 2014. <a href=\"https:\/\/t.co\/OOjj3BaAe9\">pic.twitter.com\/OOjj3BaAe9<\/a><\/p>\n<p>\u2014 Alberto Fern\u00e1ndez (@alferdez) <a href=\"https:\/\/twitter.com\/alferdez\/status\/1549165884635226112?ref_src=twsrc%5Etfw\">July 18, 2022<\/a><\/p>\n<\/blockquote>\n<p>Y anunci\u00f3: \u00abPor eso tomamos la decisi\u00f3n de extender su plazo&nbsp;<strong>hasta que el Congreso sancione una nueva ley<\/strong>\u00ab.<\/p>\n<p>De este modo, reforzamos nuestro compromiso con garantizar que todas las personas mayores, despu\u00e9s de toda una vida de trabajo, puedan acceder a su jubilaci\u00f3n\u00bb, complet\u00f3 el jefe de Estado.<\/p>\n<p>El 2 de junio pasado, la diputada&nbsp;<strong>Gisela Marziotta<\/strong>&nbsp;(Frente de Todos) present\u00f3 un proyecto de ley para prorrogar la moratoria de las jubilaciones para las mujeres que tienen m\u00e1s de 60 a\u00f1os pero carecen de los 30 a\u00f1os de aportes para acceder al r\u00e9gimen previsional.<\/p>\n","protected":false},"excerpt":{"rendered":"<p>El presidente Alberto Fern\u00e1ndez&nbsp;anunci\u00f3 este lunes la extensi\u00f3n del plazo de la moratoria previsional, sancionada en 2014 y que&nbsp;venc\u00eda el s\u00e1bado pr\u00f3ximo, hasta que el Congreso sancione una nueva ley. \u00abHoy me reun\u00ed con&nbsp;Fernanda Raverta para analizar la situaci\u00f3n de las y los jubilados de Argentina y las medidas a tomar por el vencimiento del [&hellip;]<\/p>\n","protected":false},"author":1,"featured_media":45330,"comment_status":"closed","ping_status":"closed","sticky":false,"template":"","format":"standard","meta":[],"categories":[19],"tags":[],"_links":{"self":[{"href":"http:\/\/hoycordobaweb.com\/index.php\/wp-json\/wp\/v2\/posts\/45329"}],"collection":[{"href":"http:\/\/hoycordobaweb.com\/index.php\/wp-json\/wp\/v2\/posts"}],"about":[{"href":"http:\/\/hoycordobaweb.com\/index.php\/wp-json\/wp\/v2\/types\/post"}],"author":[{"embeddable":true,"href":"http:\/\/hoycordobaweb.com\/index.php\/wp-json\/wp\/v2\/users\/1"}],"replies":[{"embeddable":true,"href":"http:\/\/hoycordobaweb.com\/index.php\/wp-json\/wp\/v2\/comments?post=45329"}],"version-history":[{"count":0,"href":"http:\/\/hoycordobaweb.com\/index.php\/wp-json\/wp\/v2\/posts\/45329\/revisions"}],"wp:featuredmedia":[{"embeddable":true,"href":"http:\/\/hoycordobaweb.com\/index.php\/wp-json\/wp\/v2\/media\/45330"}],"wp:attachment":[{"href":"http:\/\/hoycordobaweb.com\/index.php\/wp-json\/wp\/v2\/media?parent=45329"}],"wp:term":[{"taxonomy":"category","embeddable":true,"href":"http:\/\/hoycordobaweb.com\/index.php\/wp-json\/wp\/v2\/categories?post=45329"},{"taxonomy":"post_tag","embeddable":true,"href":"http:\/\/hoycordobaweb.com\/index.php\/wp-json\/wp\/v2\/tags?post=45329"}],"curies":[{"name":"wp","href":"https:\/\/api.w.org\/{rel}","templated":true}]}}