{"id":44945,"date":"2022-07-15T13:41:02","date_gmt":"2022-07-15T13:41:02","guid":{"rendered":"https:\/\/ladecimaweb.com\/?p=13937"},"modified":"2022-07-15T13:41:02","modified_gmt":"2022-07-15T13:41:02","slug":"nora-oyola-nada-para-arpeboch-todo-para-el-asentamiento-marta-juana","status":"publish","type":"post","link":"http:\/\/hoycordobaweb.com\/index.php\/2022\/07\/15\/nora-oyola-nada-para-arpeboch-todo-para-el-asentamiento-marta-juana\/","title":{"rendered":"Nora Oyola: \u201cNada para Arpeboch, todo para el asentamiento Marta Juana\u201d"},"content":{"rendered":"<div class=\"boldgrid-section\">\n<div class=\"container\">\n<div class=\"row\">\n<div class=\"col-md-12 col-xs-12 col-sm-12\">\n<p><em>&nbsp;<\/em><\/p>\n<p><em>\u201cSe olvidaron de Arpeboch\u201d, dice una de las fundadoras del asentamiento. <\/em><\/p>\n<p class=\"\">El gobierno de Juan Schiaretti mantiene en la Provincia un trabajo sostenido con las organizaciones sociales que a nivel nacional son aliadas del kirchnerismo. Se trata del Movimiento Evita, la Utep (Uni\u00f3n de los Trabajadores de la Econom\u00eda Popular) y Barrios de Pie. Por caso, la Utep est\u00e1 a cargo del asentamiento Marta Juana Gonz\u00e1lez, al fondo de Villa El Libertador.<\/p>\n<p>El asentamiento tiene una decena de casas, espacios en com\u00fan y un amplio terreno abierto de canchas de f\u00fatbol.<\/p>\n<p class=\"\">Contiguo al barrio, est\u00e1 el barrio Arpeboch (ap\u00f3cope de Argentinos, peruanos, bolivianos y chilenos). Nora Oyola, integrante de su comisi\u00f3n directiva, &nbsp;sostiene que \u201cse han&nbsp; olvidado de Arpeboch pese a que nosotros tenemos la escrituraci\u00f3n de las tierras y pagamos los impuestos\u201d.<\/p>\n<p class=\"\"><strong>\u201cEn 24 a\u00f1os en el barrio, lo \u00fanico que nos hicieron fue -hace un a\u00f1o- un cord\u00f3n cuneta. Lo hicieron como quisieron, mal hecho y en solo la mitad de las calles\u201d, critic\u00f3.<\/strong><\/p>\n<figure id=\"attachment_13942\" aria-describedby=\"caption-attachment-13942\" style=\"width: 498px\" class=\"wp-caption aligncenter\"><img loading=\"lazy\" class=\"wp-image-13942\" src=\"http:\/\/hoycordobaweb.com\/wp-content\/uploads\/2022\/07\/nora-oyola-nada-para-arpeboch-todo-para-el-asentamiento-marta-juana.jpg\" alt=\"\" width=\"498\" height=\"280\" srcset=\"http:\/\/hoycordobaweb.com\/wp-content\/uploads\/2022\/07\/nora-oyola-nada-para-arpeboch-todo-para-el-asentamiento-marta-juana.jpg 1600w, http:\/\/hoycordobaweb.com\/wp-content\/uploads\/2022\/07\/nora-oyola-nada-para-arpeboch-todo-para-el-asentamiento-marta-juana-3.jpg 788w, http:\/\/hoycordobaweb.com\/wp-content\/uploads\/2022\/07\/nora-oyola-nada-para-arpeboch-todo-para-el-asentamiento-marta-juana-4.jpg 768w, http:\/\/hoycordobaweb.com\/wp-content\/uploads\/2022\/07\/nora-oyola-nada-para-arpeboch-todo-para-el-asentamiento-marta-juana-5.jpg 1536w\" sizes=\"(max-width: 498px) 100vw, 498px\" \/><figcaption id=\"caption-attachment-13942\" class=\"wp-caption-text\">Cord\u00f3n cuneta solo en algunas calles y m\u00e1s bajo que la calle<\/figcaption><\/figure>\n<p>En una recorrida por el Marta Juana Gonz\u00e1lez pudimos corroborar las m\u00e1quinas y los ca\u00f1os para la ejecuci\u00f3n de la red de cloacas. Esto, junto a la obra de agua potable ya inaugurada y a los planes y programas sociales (Lo Tengo, Semillas, Vida Digna) que reciben sus beneficiarios.<\/p>\n<p class=\"\">&nbsp;<\/p>\n<figure id=\"attachment_13939\" aria-describedby=\"caption-attachment-13939\" style=\"width: 647px\" class=\"wp-caption aligncenter\"><img loading=\"lazy\" class=\"wp-image-13939\" src=\"http:\/\/hoycordobaweb.com\/wp-content\/uploads\/2022\/07\/nora-oyola-nada-para-arpeboch-todo-para-el-asentamiento-marta-juana-1.jpg\" alt=\"\" width=\"647\" height=\"364\" srcset=\"http:\/\/hoycordobaweb.com\/wp-content\/uploads\/2022\/07\/nora-oyola-nada-para-arpeboch-todo-para-el-asentamiento-marta-juana-6.jpg 1600w, http:\/\/hoycordobaweb.com\/wp-content\/uploads\/2022\/07\/nora-oyola-nada-para-arpeboch-todo-para-el-asentamiento-marta-juana-7.jpg 788w, http:\/\/hoycordobaweb.com\/wp-content\/uploads\/2022\/07\/nora-oyola-nada-para-arpeboch-todo-para-el-asentamiento-marta-juana-8.jpg 768w, http:\/\/hoycordobaweb.com\/wp-content\/uploads\/2022\/07\/nora-oyola-nada-para-arpeboch-todo-para-el-asentamiento-marta-juana-9.jpg 1536w\" sizes=\"(max-width: 647px) 100vw, 647px\" \/><figcaption id=\"caption-attachment-13939\" class=\"wp-caption-text\">Ca\u00f1os para la obra de cloacas en Marta Juana<\/figcaption><\/figure>\n<p>&nbsp;<\/p>\n<p>&nbsp;<\/p>\n<p>&nbsp;<\/p>\n<figure id=\"attachment_13941\" aria-describedby=\"caption-attachment-13941\" style=\"width: 382px\" class=\"wp-caption aligncenter\"><img loading=\"lazy\" class=\"wp-image-13941\" src=\"http:\/\/hoycordobaweb.com\/wp-content\/uploads\/2022\/07\/nora-oyola-nada-para-arpeboch-todo-para-el-asentamiento-marta-juana-2.jpg\" alt=\"\" width=\"382\" height=\"256\" srcset=\"http:\/\/hoycordobaweb.com\/wp-content\/uploads\/2022\/07\/nora-oyola-nada-para-arpeboch-todo-para-el-asentamiento-marta-juana-10.jpg 728w, http:\/\/hoycordobaweb.com\/wp-content\/uploads\/2022\/07\/nora-oyola-nada-para-arpeboch-todo-para-el-asentamiento-marta-juana-11.jpg 662w\" sizes=\"(max-width: 382px) 100vw, 382px\" \/><figcaption id=\"caption-attachment-13941\" class=\"wp-caption-text\">Rosal\u00eda C\u00e1ceres, Mart\u00edn LLaryora y Mariano Lorenzo (foto de Perfil)<\/figcaption><\/figure>\n<p class=\"\">En la administraci\u00f3n provincial, por caso, trabaja Rosal\u00eda C\u00e1ceres, referente de la Utep y hoy Subsecretaria de Promoci\u00f3n de la Econom\u00eda Familiar en la Provincia. C\u00e1ceres, adem\u00e1s, fue candidata en las Legislativas Nacionales 2021. En el origen del Marta Juana Gonz\u00e1lez, cuando ocuparon las tierras de lo que ser\u00eda Valle Cercano, C\u00e1ceres y su pareja militaban en la agrupaci\u00f3n de izquierda An\u00edbal Ver\u00f3n y luego pegaron el salto al kirchnerismo. El asentamiento tiene un poco m\u00e1s de diez a\u00f1os.<\/p>\n<p class=\"\">\u201cNosotros estamos como estamos porque nunca ofertamos banderas pol\u00edticas dentro de la cooperativa \u00bfAcaso tenemos que tener socios o aliados pol\u00edticos dentro de la cooperativa para que nos hagan una obra?\u201d, se pregunta Oyola, al tiempo que muestra el mapa con las 240 viviendas donde viven m\u00e1s de dos mil habitantes en el lugar.<\/p>\n<p>Oyola calific\u00f3 de \u201cabsurdo\u201d que el barrio no sea incluido dentro del plan de cloacas cuando el ca\u00f1o pasa a solo una cuadra. \u201cEstamos olvidados\u201d, repite y destaca que \u201ctodo lo que hay ac\u00e1 se hizo a pulm\u00f3n: cada uno levant\u00f3 su casa como pudo\u201d.<\/p>\n<p class=\"\">]<\/p>\n<p class=\"\">&nbsp;<\/p>\n<p><iframe loading=\"lazy\" title=\"Dirigentes de barrio Arpeboch se sienten olvidados\" width=\"800\" height=\"450\" src=\"https:\/\/www.youtube.com\/embed\/mt-Znmuqi0Y?feature=oembed\" frameborder=\"0\" allow=\"accelerometer; autoplay; clipboard-write; encrypted-media; gyroscope; picture-in-picture\" allowfullscreen><\/iframe><\/p>\n<p class=\"\">\n<div class=\"ubm_banner\"><a href=\"https:\/\/www.cba.gov.ar\/10-https:\/\/www.cba.gov.ar\/10-mil-viviendas\/?csrt=8333084810548506306\" target=\"_blank\" rel=\"dofollow noopener noreferrer\"><img src=\"http:\/\/hoycordobaweb.com\/wp-content\/uploads\/2022\/07\/nora-oyola-nada-para-arpeboch-todo-para-el-asentamiento-marta-juana.gif\" alt=\"\"><\/a><\/div>\n<\/div>\n<\/div>\n<\/div>\n<\/div>\n<p>La entrada <a rel=\"nofollow\" href=\"https:\/\/ladecimaweb.com\/nada-para-arpeboch-todo-para-el-asentamiento-marta-juana\/\">Nora Oyola: \u201cNada para Arpeboch, todo para el asentamiento Marta Juana\u201d<\/a> se public\u00f3 primero en <a rel=\"nofollow\" href=\"https:\/\/ladecimaweb.com\">LaDecima<\/a>.<\/p>\n","protected":false},"excerpt":{"rendered":"<p>&nbsp; \u201cSe olvidaron de Arpeboch\u201d, dice una de las fundadoras del asentamiento. El gobierno de Juan Schiaretti mantiene en la Provincia un trabajo sostenido con las organizaciones sociales que a nivel nacional son aliadas del kirchnerismo. Se trata del Movimiento Evita, la Utep (Uni\u00f3n de los Trabajadores de la Econom\u00eda Popular) y Barrios de Pie. [&hellip;]<\/p>\n","protected":false},"author":1,"featured_media":44946,"comment_status":"closed","ping_status":"closed","sticky":false,"template":"","format":"standard","meta":[],"categories":[19],"tags":[],"_links":{"self":[{"href":"http:\/\/hoycordobaweb.com\/index.php\/wp-json\/wp\/v2\/posts\/44945"}],"collection":[{"href":"http:\/\/hoycordobaweb.com\/index.php\/wp-json\/wp\/v2\/posts"}],"about":[{"href":"http:\/\/hoycordobaweb.com\/index.php\/wp-json\/wp\/v2\/types\/post"}],"author":[{"embeddable":true,"href":"http:\/\/hoycordobaweb.com\/index.php\/wp-json\/wp\/v2\/users\/1"}],"replies":[{"embeddable":true,"href":"http:\/\/hoycordobaweb.com\/index.php\/wp-json\/wp\/v2\/comments?post=44945"}],"version-history":[{"count":0,"href":"http:\/\/hoycordobaweb.com\/index.php\/wp-json\/wp\/v2\/posts\/44945\/revisions"}],"wp:featuredmedia":[{"embeddable":true,"href":"http:\/\/hoycordobaweb.com\/index.php\/wp-json\/wp\/v2\/media\/44946"}],"wp:attachment":[{"href":"http:\/\/hoycordobaweb.com\/index.php\/wp-json\/wp\/v2\/media?parent=44945"}],"wp:term":[{"taxonomy":"category","embeddable":true,"href":"http:\/\/hoycordobaweb.com\/index.php\/wp-json\/wp\/v2\/categories?post=44945"},{"taxonomy":"post_tag","embeddable":true,"href":"http:\/\/hoycordobaweb.com\/index.php\/wp-json\/wp\/v2\/tags?post=44945"}],"curies":[{"name":"wp","href":"https:\/\/api.w.org\/{rel}","templated":true}]}}