{"id":44936,"date":"2022-07-12T11:24:00","date_gmt":"2022-07-12T11:24:00","guid":{"rendered":"https:\/\/fm-comunicar.com.ar\/contenido\/19393\/aumento-un-25-por-ciento-el-boleto-del-colectivo-interurbano"},"modified":"2022-07-12T11:24:00","modified_gmt":"2022-07-12T11:24:00","slug":"aumento-un-25-por-ciento-el-boleto-del-colectivo-interurbano","status":"publish","type":"post","link":"http:\/\/hoycordobaweb.com\/index.php\/2022\/07\/12\/aumento-un-25-por-ciento-el-boleto-del-colectivo-interurbano\/","title":{"rendered":"Aument\u00f3 un 25 por ciento el boleto del colectivo interurbano"},"content":{"rendered":"<p>El incremento rige desde este martes. El recorrido local Colonia Caroya &#8211; Jes\u00fas Mar\u00eda qued\u00f3 en $80. Viajar a C\u00f3rdoba ahora sale entre $240 y $310, seg\u00fan la empresa.<img src=\"http:\/\/hoycordobaweb.com\/wp-content\/uploads\/2022\/07\/aumento-un-25-por-ciento-el-boleto-del-colectivo-interurbano.jpg\"><\/p>\n","protected":false},"excerpt":{"rendered":"<p>El incremento rige desde este martes. El recorrido local Colonia Caroya &#8211; Jes\u00fas Mar\u00eda qued\u00f3 en $80. Viajar a C\u00f3rdoba ahora sale entre $240 y $310, seg\u00fan la empresa.<\/p>\n","protected":false},"author":1,"featured_media":44937,"comment_status":"closed","ping_status":"closed","sticky":false,"template":"","format":"standard","meta":[],"categories":[18],"tags":[],"_links":{"self":[{"href":"http:\/\/hoycordobaweb.com\/index.php\/wp-json\/wp\/v2\/posts\/44936"}],"collection":[{"href":"http:\/\/hoycordobaweb.com\/index.php\/wp-json\/wp\/v2\/posts"}],"about":[{"href":"http:\/\/hoycordobaweb.com\/index.php\/wp-json\/wp\/v2\/types\/post"}],"author":[{"embeddable":true,"href":"http:\/\/hoycordobaweb.com\/index.php\/wp-json\/wp\/v2\/users\/1"}],"replies":[{"embeddable":true,"href":"http:\/\/hoycordobaweb.com\/index.php\/wp-json\/wp\/v2\/comments?post=44936"}],"version-history":[{"count":0,"href":"http:\/\/hoycordobaweb.com\/index.php\/wp-json\/wp\/v2\/posts\/44936\/revisions"}],"wp:featuredmedia":[{"embeddable":true,"href":"http:\/\/hoycordobaweb.com\/index.php\/wp-json\/wp\/v2\/media\/44937"}],"wp:attachment":[{"href":"http:\/\/hoycordobaweb.com\/index.php\/wp-json\/wp\/v2\/media?parent=44936"}],"wp:term":[{"taxonomy":"category","embeddable":true,"href":"http:\/\/hoycordobaweb.com\/index.php\/wp-json\/wp\/v2\/categories?post=44936"},{"taxonomy":"post_tag","embeddable":true,"href":"http:\/\/hoycordobaweb.com\/index.php\/wp-json\/wp\/v2\/tags?post=44936"}],"curies":[{"name":"wp","href":"https:\/\/api.w.org\/{rel}","templated":true}]}}