{"id":44891,"date":"2022-07-14T18:26:00","date_gmt":"2022-07-14T18:26:00","guid":{"rendered":"http:\/\/hoycordobaweb.com\/index.php\/2022\/07\/14\/manana-comenzara-la-inscripcion-para-acceder-a-los-subsidios-al-consumo\/"},"modified":"2022-07-14T18:26:00","modified_gmt":"2022-07-14T18:26:00","slug":"manana-comenzara-la-inscripcion-para-acceder-a-los-subsidios-al-consumo","status":"publish","type":"post","link":"http:\/\/hoycordobaweb.com\/index.php\/2022\/07\/14\/manana-comenzara-la-inscripcion-para-acceder-a-los-subsidios-al-consumo\/","title":{"rendered":"Ma\u00f1ana comenzar\u00e1 la inscripci\u00f3n para acceder a los subsidios al consumo"},"content":{"rendered":"<p><img src=\"http:\/\/hoycordobaweb.com\/wp-content\/uploads\/2022\/07\/manana-comenzara-la-inscripcion-para-acceder-a-los-subsidios-al-consumo.jpg\"><\/p>\n<div class=\"video_repositive\"> <a class=\"video_sticky\" href=\"javascript:void();\" onclick=\"removeStuckVideo(true);\"><i class=\"far fa-window-close\"><\/i><\/a> <\/p>\n<div id=\"n7wTb67QqCc\" class=\"video_telam\" readability=\"7\">\n<div class=\"feature_article_inner\" readability=\"34\">\n<p><h2 class=\"text-center\">Cerruti confirm\u00f3 que ma\u00f1ana comenzar\u00e1 inscripci\u00f3n para segmentaci\u00f3n tarifas, que regir\u00e1 desde agosto<\/h2>\n<\/p><\/div>\n<p>VER VIDEO <i class=\"fas fa-play\"><\/i><\/p>\n<\/p><\/div><\/div>\n<p>La portavoz de la Presidencia, Gabriela Cerruti, confirm\u00f3 que a partir de este viernes estar\u00e1 disponible tanto en el sitio web <a href=\"http:\/\/www.argentina.gob.ar\" target=\"_blank\" rel=\"noopener noreferrer\">www.argentina.gob.ar<\/a> como a trav\u00e9s de la aplicaci\u00f3n <a href=\"https:\/\/www.argentina.gob.ar\/miargentina\" target=\"_blank\" rel=\"noopener noreferrer\">Mi Argentina<\/a>, el formulario para la inscripci\u00f3n de usuarios de cara a la continuidad de la percepci\u00f3n de los subsidios al consumo de gas y electricidad, que, seg\u00fan indic\u00f3, \u00abcomenzar\u00e1 a regir a partir del 1 de agosto\u00bb.<\/p>\n<p><strong>\u00abA partir del 1 de agosto comenzar\u00e1n a regir las tarifas de acuerdo con las tres franjas fijadas por el decreto dictado hace un mes por el presidente Alberto Fern\u00e1ndez\u00bb<\/strong>, asever\u00f3 Cerruti en su habitual conferencia de prensa de los jueves en la Casa de Gobierno.<\/p>\n<p>Al respecto, explic\u00f3 que al formulario \u00ab<strong>tienen que ingresar absolutamente todos los que creen que pueden recibir el subsidio<\/strong>, ya sea porque tiene tarifa social o porque est\u00e1 en la franja de ingresos medios\u00bb.<\/p>\n<p>\u00abSon datos muy sencillos de llenar y van a cruzarse con los que est\u00e1n en poder del Estado; una vez que est\u00e9n cruzados, se van a empezar a cobrar las tarifas plenas y con los diferentes subsidios seg\u00fan la franja que pertenezcan\u00bb, asever\u00f3.<\/p>\n<p>\u00abConfiamos -agreg\u00f3 Cerruti- en que todo se va a hacer muy r\u00e1pidamente\u00bb, y aclar\u00f3 que,<strong> \u00absi no lo saben hacer o les resulta complicado, va a haber turnos en las oficinas de Anses o en las diferentes compa\u00f1\u00edas, ciudades, pueblos y provincias\u00bb para poder realizar el tr\u00e1mite de manera presencial.<\/strong><\/p>\n<figure class=\"mb-3\"><img loading=\"lazy\" src=\"http:\/\/hoycordobaweb.com\/wp-content\/uploads\/2022\/07\/manana-comenzara-la-inscripcion-para-acceder-a-los-subsidios-al-consumo-2.jpg\" width=\"100%\" height=\"100%\" alt=\"Desde el 1 de agosto se pondr en marcha el rgimen de segmentacin de subsidios a usuarios y usuarias residenciales de los servicios pblicos de energa elctrica y gas natural por red\"><figcaption> Desde el 1 de agosto se pondr\u00e1 en marcha el r\u00e9gimen de segmentaci\u00f3n de subsidios a usuarios y usuarias residenciales de los servicios p\u00fablicos de energ\u00eda el\u00e9ctrica y gas natural por red. <\/figcaption><\/figure>\n<p>Tambi\u00e9n consign\u00f3 que, a partir de este jueves, ser\u00e1 puesta en marcha \u00abuna campa\u00f1a publicitaria que va a llegar hasta el \u00faltimo rinc\u00f3n del pa\u00eds\u00bb, con informaci\u00f3n sobre <strong>c\u00f3mo proceder para acceder a las tarifas diferenciadas<\/strong>.<\/p>\n<p>La puesta en marcha de la inscripci\u00f3n de cara a la segmentaci\u00f3n de tarifas de los servicios p\u00fablicos de distribuci\u00f3n de gas y energ\u00eda el\u00e9ctrica <a href=\"https:\/\/www.telam.com.ar\/notas\/202207\/598164-este-viernes-estara-lista-la-implementacion-de-la-segmentacion-de-tarifas.html\" target=\"_blank\" rel=\"noopener noreferrer\">hab\u00eda sido anunciada el lunes pasado por la ministra de Econom\u00eda, Silvina Batakis, en la conferencia de prensa que ofreci\u00f3 en el Palacio de Hacienda.<\/a><\/p>\n<p>\u00abEl viernes va a estar lista la implementaci\u00f3n de la instrumentaci\u00f3n del Decreto 332 de segmentaci\u00f3n de tarifas para los distintos tipos de poblaci\u00f3n\u00bb, precis\u00f3 Batakis en la conferencia de prensa en la que anunci\u00f3 las primeras medidas econ\u00f3micas desde que asumi\u00f3.<\/p>\n<p>La segmentaci\u00f3n tarifaria form\u00f3 parte de los t\u00e9rminos del acuerdo con el Fondo Monetario Internacional (FMI), y tambi\u00e9n se incluy\u00f3 en el mensaje del presidente ante la Asamblea Legislativa del 1\u00ba de marzo.<\/p>\n<p>Desde entonces, fueron deline\u00e1ndose las caracter\u00edsticas de los niveles de usuarios a los efectos de definir las caracter\u00edsticas de la segmentaci\u00f3n.<\/p>\n<h2 class>Niveles de usuarios<\/h2>\n<p>El decreto 332\/2022 fue publicado el 16 de junio pasado en un suplemento extraordinario del Bolet\u00edn Oficial y, con esa medida, el presidente Alberto Fern\u00e1ndez estableci\u00f3 \u00abun <strong>r\u00e9gimen de segmentaci\u00f3n de subsidios a usuarios y usuarias residenciales de los servicios p\u00fablicos de energ\u00eda el\u00e9ctrica y gas natural por red, con el objeto de lograr valores de la energ\u00eda razonables y susceptibles de ser aplicados con criterios de justicia y equidad distributiva<\/strong>\u00ab.<\/p>\n<p><span class=\"badge badge-primary\">Nivel 1<\/span><br \/>El art\u00edculo 2 de la norma estableci\u00f3 que el <strong>nivel 1<\/strong> estar\u00e1 integrado por los <strong>usuarios de mayores ingresos<\/strong> \u00abque tendr\u00e1n a su cargo el costo pleno del componente energ\u00eda del respectivo servicio\u00bb, con ingresos mensuales netos superiores a 3,5 Canastas B\u00e1sicas Totales (CBT), que a valores de mayo representan $ 348.868,97.<\/p>\n<p>Otras de las condiciones para revestir en este grupo son la de ser titular de 3 o m\u00e1s autom\u00f3viles con antig\u00fcedad menor a cinco a\u00f1os, tres o m\u00e1s inmuebles, una o m\u00e1s aeronaves o embarcaciones de lujo o \u00abser titulares de activos societarios que exterioricen capacidad econ\u00f3mica plena\u00bb.<\/p>\n<p><span class=\"badge badge-primary\">Nivel 2<\/span><br \/>El <strong>nivel 2<\/strong>, de menores ingresos, tomar\u00e1 como referencia <strong>ingresos netos menores a 1 CBT ($99.676,85)<\/strong>, contar con certificado de vivienda del Renabap, vivir en un domicilio donde funcione un comedor o merendero comunitario, que un integrante del grupo familiar posea una pensi\u00f3n vitalicia de Veteranos de Guerra del Atl\u00e1ntico Sur o posea un certificado de discapacidad.<\/p>\n<p>En este caso, el aumento en todo 2022 no ser\u00e1 superior al 40% de la variaci\u00f3n salarial del a\u00f1o pasado (53,4%), que resulta equivalente al 21,36%.<\/p>\n<p><span class=\"badge badge-primary\">Nivel 3<\/span><br \/>El <strong>nivel 3<\/strong> ser\u00e1 integrado por clientes de <strong>ingresos medios o del nivel 2 si los propietarios en su conjunto cuentan con dos o m\u00e1s inmuebles o un veh\u00edculo de hasta tres a\u00f1os de antig\u00fcedad<\/strong>, excepto si un conviviente cuenta con un certificado de discapacidad.<\/p>\n<p>Para este nivel, <strong>el incremento ser\u00e1 del 80% de la variaci\u00f3n salarial de 2021, equivalente al 42,72%<\/strong>.<\/p>\n","protected":false},"excerpt":{"rendered":"<p>Cerruti confirm\u00f3 que ma\u00f1ana comenzar\u00e1 inscripci\u00f3n para segmentaci\u00f3n tarifas, que regir\u00e1 desde agosto VER VIDEO La portavoz de la Presidencia, Gabriela Cerruti, confirm\u00f3 que a partir de este viernes estar\u00e1 disponible tanto en el sitio web www.argentina.gob.ar como a trav\u00e9s de la aplicaci\u00f3n Mi Argentina, el formulario para la inscripci\u00f3n de usuarios de cara a [&hellip;]<\/p>\n","protected":false},"author":1,"featured_media":44892,"comment_status":"open","ping_status":"closed","sticky":false,"template":"","format":"standard","meta":[],"categories":[19],"tags":[],"_links":{"self":[{"href":"http:\/\/hoycordobaweb.com\/index.php\/wp-json\/wp\/v2\/posts\/44891"}],"collection":[{"href":"http:\/\/hoycordobaweb.com\/index.php\/wp-json\/wp\/v2\/posts"}],"about":[{"href":"http:\/\/hoycordobaweb.com\/index.php\/wp-json\/wp\/v2\/types\/post"}],"author":[{"embeddable":true,"href":"http:\/\/hoycordobaweb.com\/index.php\/wp-json\/wp\/v2\/users\/1"}],"replies":[{"embeddable":true,"href":"http:\/\/hoycordobaweb.com\/index.php\/wp-json\/wp\/v2\/comments?post=44891"}],"version-history":[{"count":0,"href":"http:\/\/hoycordobaweb.com\/index.php\/wp-json\/wp\/v2\/posts\/44891\/revisions"}],"wp:featuredmedia":[{"embeddable":true,"href":"http:\/\/hoycordobaweb.com\/index.php\/wp-json\/wp\/v2\/media\/44892"}],"wp:attachment":[{"href":"http:\/\/hoycordobaweb.com\/index.php\/wp-json\/wp\/v2\/media?parent=44891"}],"wp:term":[{"taxonomy":"category","embeddable":true,"href":"http:\/\/hoycordobaweb.com\/index.php\/wp-json\/wp\/v2\/categories?post=44891"},{"taxonomy":"post_tag","embeddable":true,"href":"http:\/\/hoycordobaweb.com\/index.php\/wp-json\/wp\/v2\/tags?post=44891"}],"curies":[{"name":"wp","href":"https:\/\/api.w.org\/{rel}","templated":true}]}}