{"id":44846,"date":"2022-07-14T16:44:41","date_gmt":"2022-07-14T16:44:41","guid":{"rendered":"https:\/\/www.ole.com.ar\/futbol-internacional\/alvaro-pereira-ex-lateral-derecho-dt-cambaceres-uruguay-argentina_0_mmmFp1Hhsf.html"},"modified":"2022-07-14T16:44:41","modified_gmt":"2022-07-14T16:44:41","slug":"la-leyenda-del-futbol-uruguayo-que-esta-cerca-de-dirigir-a-cambaceres","status":"publish","type":"post","link":"http:\/\/hoycordobaweb.com\/index.php\/2022\/07\/14\/la-leyenda-del-futbol-uruguayo-que-esta-cerca-de-dirigir-a-cambaceres\/","title":{"rendered":"La leyenda del f\u00fatbol uruguayo que est\u00e1 cerca de dirigir a Cambaceres"},"content":{"rendered":"<p><img src=\"http:\/\/hoycordobaweb.com\/wp-content\/uploads\/2022\/07\/la-leyenda-del-futbol-uruguayo-que-esta-cerca-de-dirigir-a-cambaceres.jpg\"><\/p>\n<p>El mi\u00e9rcoles se confirm\u00f3 que C\u00e9sar \u00abNacho\u00bb Gonz\u00e1lez dej\u00f3 de ser el entrenador de Defensores de Cambaceres y el ayudante de campo Mat\u00edas D\u00edaz asumir\u00e1 de manera interina en el plantel de Ensenada. Si bien reci\u00e9n pas\u00f3 un solo d\u00eda de esta noticia, <a data-cke-saved-href=\"https:\/\/www.ole.com.ar\/futbol-ascenso\/\" target=\"_blank\" href=\"https:\/\/www.ole.com.ar\/futbol-ascenso\/\" rel=\"noopener noreferrer\"><strong>el equipo de la Primera D estar\u00eda a punto de cerrar un entrenador de renombre<\/strong><\/a>.<\/p>\n<p>Seg\u00fan informaron desde Mundo Ascenso, <strong>las negociaciones entre Defensores de Cambaceres y <a data-cke-saved-href=\"https:\/\/www.ole.com.ar\/tema\/alvaro-pereira.html\" target=\"_blank\" href=\"https:\/\/www.ole.com.ar\/tema\/alvaro-pereira.html\" rel=\"noopener noreferrer\">Alvaro Daniel Pereira<\/a> est\u00e1n bien encaminadas<\/strong>. Llegar\u00eda al club con un hombre de la casa como preparador f\u00edsico, Marcelo Chiappetta, y, adem\u00e1s, buscan cerrar a otro reconocido jugador ex Rojo como ayudante de campo.<\/p>\n<div class=\"sp__Normal\">\n<div class=\"image-embeb image-trigger\" readability=\"6\">\n<picture><source media=\"(min-width: 720px)\" srcset=\"http:\/\/hoycordobaweb.com\/wp-content\/uploads\/2022\/07\/la-leyenda-del-futbol-uruguayo-que-esta-cerca-de-dirigir-a-cambaceres-2.jpg\"><img itemprop=\"image\" src=\"http:\/\/hoycordobaweb.com\/wp-content\/uploads\/2022\/07\/la-leyenda-del-futbol-uruguayo-que-esta-cerca-de-dirigir-a-cambaceres-2.jpg\" loading=\"lazy\" alt=\"Alvaro Pereira suena como posible DT de Cambaceres (Foto: MARCELO CARROLL).\">\n<\/picture><figcaption readability=\"2\">\n<p>Alvaro Pereira suena como posible DT de Cambaceres (Foto: MARCELO CARROLL).\n<\/p>\n<\/figcaption><\/div>\n<\/div>\n<p><a data-cke-saved-href=\"https:\/\/www.ole.com.ar\/fuera-de-juego\/alvaro-pereira-perro-hijo-sebastian-saja_0_qyzVTTjcj.html\" target=\"_blank\" href=\"https:\/\/www.ole.com.ar\/fuera-de-juego\/alvaro-pereira-perro-hijo-sebastian-saja_0_qyzVTTjcj.html\" rel=\"noopener noreferrer\"><strong>El uruguayo se recibi\u00f3 de entrenador el a\u00f1o pasado y podr\u00eda asumir como DT el pr\u00f3ximo lunes<\/strong><\/a>. Palito Pereira se encontrar\u00e1 con un Defensores de Cambaceres que est\u00e1 cuarto en la Primera D a falta de una fecha para que culmine el Apertura 2022. Cabe destacar que los ganadores del Apertura y Clausura juegan entre s\u00ed para determinar el \u00fanico ascenso (si el mismo equipo gana ambos, asciende directo). El objetivo del oriental ser\u00e1 preparar al plantel para la segunda mitad del a\u00f1o y concretar el ascenso a la Primera C (en la final espera Centro Espa\u00f1ol).<\/p>\n<div class=\"sp__SM\">\n<div class=\"content-new \">\n<span class=\"tit-mobile\">Mir\u00e1 tambi\u00e9n<\/span><\/p>\n<div class=\"mg\">\n<div class=\"wrap-figure\">\n<picture>\n<a href=\"https:\/\/www.ole.com.ar\/futbol-internacional\/inglaterra\/cristiano-ronaldo-venta-chelsea-thomas-tuchel-dt_0_YKcNUPDbUQ.html\" target=\"_self\" rel=\"noopener noreferrer\"><br \/>\n<img class=\"img-responsive\" alt=\"Otro equipo rechaz\u00f3 a Cristiano Ronaldo y se queda sin opciones\" src=\"http:\/\/hoycordobaweb.com\/wp-content\/uploads\/2022\/07\/la-leyenda-del-futbol-uruguayo-que-esta-cerca-de-dirigir-a-cambaceres-3.jpg\" loading=\"lazy\"><br \/>\n<\/a>\n<\/picture>\n<\/div>\n<\/div><\/div>\n<\/div>\n<h2><strong>El pasado futbol\u00edstico de Alvaro Pereira<\/strong><br \/><\/h2>\n<p>Sin dudas, es una sorpresa la posible llegada de Alvaro Pereira a Defensores de Cambaceres por su consagrada carrera como jugador. <a data-cke-saved-href=\"https:\/\/www.ole.com.ar\/futbol-internacional\/\" target=\"_blank\" href=\"https:\/\/www.ole.com.ar\/futbol-internacional\/\" rel=\"noopener noreferrer\"><strong>El ex lateral de la Selecci\u00f3n de Uruguay, supo defender la camiseta del Porto de Portugal, Inter de Italia y Estudiantes de La Plata, entre otros<\/strong><\/a>. A lo largo de sus a\u00f1os, disput\u00f3 <mark>m\u00e1s de 300 partidos y gan\u00f3 11 t\u00edtulos a nivel clubes<\/mark>. Adem\u00e1s, visti\u00f3 la camiseta de Charr\u00faa y <strong>gan\u00f3 la Copa Am\u00e9rica 2011 que se disput\u00f3 en Argentina<\/strong>.<\/p>\n<div class=\"sp__Normal\">\n<div class=\"image-embeb image-trigger\" readability=\"6\">\n<picture><source media=\"(min-width: 720px)\" srcset=\"http:\/\/hoycordobaweb.com\/wp-content\/uploads\/2022\/07\/la-leyenda-del-futbol-uruguayo-que-esta-cerca-de-dirigir-a-cambaceres-4.jpg\"><img itemprop=\"image\" src=\"http:\/\/hoycordobaweb.com\/wp-content\/uploads\/2022\/07\/la-leyenda-del-futbol-uruguayo-que-esta-cerca-de-dirigir-a-cambaceres-4.jpg\" loading=\"lazy\" alt=\"El plantel de Uruguay para la Copa Am\u00e9rica 2011 (Foto: AP).\">\n<\/picture><figcaption readability=\"2\">\n<p>El plantel de Uruguay para la Copa Am\u00e9rica 2011 (Foto: AP).\n<\/p>\n<\/figcaption><\/div>\n<\/div>\n<div class=\"sp__Normal\">\n<div class=\"image-embeb image-trigger\" readability=\"6\">\n<picture><source media=\"(min-width: 720px)\" srcset=\"http:\/\/hoycordobaweb.com\/wp-content\/uploads\/2022\/07\/la-leyenda-del-futbol-uruguayo-que-esta-cerca-de-dirigir-a-cambaceres-5.jpg\"><img itemprop=\"image\" src=\"http:\/\/hoycordobaweb.com\/wp-content\/uploads\/2022\/07\/la-leyenda-del-futbol-uruguayo-que-esta-cerca-de-dirigir-a-cambaceres-5.jpg\" loading=\"lazy\" alt=\"\u00c1lvaro Pereira besando el trofeo durante la celebraci\u00f3n en el estadio Centenario (Foto: EFE).\">\n<\/picture><figcaption readability=\"2\">\n<p>\u00c1lvaro Pereira besando el trofeo durante la celebraci\u00f3n en el estadio Centenario (Foto: EFE).\n<\/p>\n<\/figcaption><\/div>\n<\/div>\n<div class=\"sp__SM\">\n<div class=\"content-new \">\n<span class=\"tit-mobile\">Mir\u00e1 tambi\u00e9n<\/span><\/p>\n<div class=\"mg\">\n<div class=\"wrap-figure\">\n<picture>\n<a href=\"https:\/\/www.ole.com.ar\/futbol-internacional\/peru-fifa-mundial-chile-ecuador_0_ZPPthGWkfI.html\" target=\"_self\" rel=\"noopener noreferrer\"><br \/>\n<img class=\"img-responsive\" alt=\"Per\u00fa se sumar\u00eda al reclamo de Chile ante la FIFA: &quot;Exige que se expulse a Ecuador del Mundial&quot;\" src=\"http:\/\/hoycordobaweb.com\/wp-content\/uploads\/2022\/07\/la-leyenda-del-futbol-uruguayo-que-esta-cerca-de-dirigir-a-cambaceres-6.jpg\" loading=\"lazy\"><br \/>\n<\/a>\n<\/picture>\n<\/div>\n<\/div><\/div>\n<\/div>\n<div class=\"sp__SM\">\n<div class=\"content-new \">\n<span class=\"tit-mobile\">Mir\u00e1 tambi\u00e9n<\/span><\/p>\n<div class=\"mg\">\n<div class=\"wrap-figure\">\n<picture>\n<a href=\"https:\/\/www.ole.com.ar\/ecuador\/internacional\/mexico-dani-alves-pumas-contrato_0_RIRKNbDws2.html\" target=\"_self\" rel=\"noopener noreferrer\"><br \/>\n<img class=\"img-responsive\" alt=\"La incre\u00edble cifra que ganar\u00eda Dani Alves por cada partido en Pumas\" src=\"http:\/\/hoycordobaweb.com\/wp-content\/uploads\/2022\/07\/la-leyenda-del-futbol-uruguayo-que-esta-cerca-de-dirigir-a-cambaceres-7.jpg\" loading=\"lazy\"><br \/>\n<\/a>\n<\/picture>\n<\/div>\n<\/div><\/div>\n<\/div>\n<div class=\"sp__SM\">\n<div class=\"content-new \">\n<span class=\"tit-mobile\">Mir\u00e1 tambi\u00e9n<\/span><\/p>\n<div class=\"mg\">\n<div class=\"wrap-figure\">\n<picture>\n<a href=\"https:\/\/www.ole.com.ar\/futbol-internacional\/espana\/rafa-marquez-dt-filial-barcelona-barca-atletic_0_qg6NTrptSq.html\" target=\"_self\" rel=\"noopener noreferrer\"><br \/>\n<img class=\"img-responsive\" alt=\"El nuevo rol de Rafa M\u00e1rquez dentro del Barcelona\" src=\"http:\/\/hoycordobaweb.com\/wp-content\/uploads\/2022\/07\/la-leyenda-del-futbol-uruguayo-que-esta-cerca-de-dirigir-a-cambaceres-8.jpg\" loading=\"lazy\"><br \/>\n<\/a>\n<\/picture>\n<\/div>\n<\/div><\/div>\n<\/div>\n<div class=\"entry-tags\">\n<h2>TEMAS QUE APARECEN EN ESTA NOTA<\/h2>\n<\/p><\/div>\n","protected":false},"excerpt":{"rendered":"<p>El mi\u00e9rcoles se confirm\u00f3 que C\u00e9sar \u00abNacho\u00bb Gonz\u00e1lez dej\u00f3 de ser el entrenador de Defensores de Cambaceres y el ayudante de campo Mat\u00edas D\u00edaz asumir\u00e1 de manera interina en el plantel de Ensenada. Si bien reci\u00e9n pas\u00f3 un solo d\u00eda de esta noticia, el equipo de la Primera D estar\u00eda a punto de cerrar un [&hellip;]<\/p>\n","protected":false},"author":1,"featured_media":44847,"comment_status":"open","ping_status":"closed","sticky":false,"template":"","format":"standard","meta":[],"categories":[16],"tags":[],"_links":{"self":[{"href":"http:\/\/hoycordobaweb.com\/index.php\/wp-json\/wp\/v2\/posts\/44846"}],"collection":[{"href":"http:\/\/hoycordobaweb.com\/index.php\/wp-json\/wp\/v2\/posts"}],"about":[{"href":"http:\/\/hoycordobaweb.com\/index.php\/wp-json\/wp\/v2\/types\/post"}],"author":[{"embeddable":true,"href":"http:\/\/hoycordobaweb.com\/index.php\/wp-json\/wp\/v2\/users\/1"}],"replies":[{"embeddable":true,"href":"http:\/\/hoycordobaweb.com\/index.php\/wp-json\/wp\/v2\/comments?post=44846"}],"version-history":[{"count":0,"href":"http:\/\/hoycordobaweb.com\/index.php\/wp-json\/wp\/v2\/posts\/44846\/revisions"}],"wp:featuredmedia":[{"embeddable":true,"href":"http:\/\/hoycordobaweb.com\/index.php\/wp-json\/wp\/v2\/media\/44847"}],"wp:attachment":[{"href":"http:\/\/hoycordobaweb.com\/index.php\/wp-json\/wp\/v2\/media?parent=44846"}],"wp:term":[{"taxonomy":"category","embeddable":true,"href":"http:\/\/hoycordobaweb.com\/index.php\/wp-json\/wp\/v2\/categories?post=44846"},{"taxonomy":"post_tag","embeddable":true,"href":"http:\/\/hoycordobaweb.com\/index.php\/wp-json\/wp\/v2\/tags?post=44846"}],"curies":[{"name":"wp","href":"https:\/\/api.w.org\/{rel}","templated":true}]}}