{"id":44842,"date":"2022-07-14T17:16:06","date_gmt":"2022-07-14T17:16:06","guid":{"rendered":"https:\/\/www.ole.com.ar\/fuera-de-juego\/pique-shakira-barcelona-entrenamiento_0_UQiaQBj4e6.html"},"modified":"2022-07-14T17:16:06","modified_gmt":"2022-07-14T17:16:06","slug":"pique-salio-del-entrenamiento-del-barsa-escuchando-a-shakira","status":"publish","type":"post","link":"http:\/\/hoycordobaweb.com\/index.php\/2022\/07\/14\/pique-salio-del-entrenamiento-del-barsa-escuchando-a-shakira\/","title":{"rendered":"Piqu\u00e9 sali\u00f3 del entrenamiento del Barsa&#8230; \u00a1Escuchando a Shakira!"},"content":{"rendered":"<p><img src=\"http:\/\/hoycordobaweb.com\/wp-content\/uploads\/2022\/07\/pique-salio-del-entrenamiento-del-barsa-escuchando-a-shakira.jpg\"><\/p>\n<p>Inevitable, como el nombre de la&nbsp;canci\u00f3n que escuchaba en su auto, era que no lo agarraran a<strong> <a alt=\"gerard-pique\" class=\"slug\" href=\"https:\/\/www.ole.com.ar\/tema\/gerard-pique.html\" target=\"_blank\" title=\"gerard-pique\" rel=\"noopener noreferrer\">Gerard Piqu\u00e9<\/a>, que ven\u00eda con la m\u00fasica de <a alt=\"shakira\" class=\"slug\" href=\"https:\/\/www.ole.com.ar\/tema\/shakira.html\" target=\"_blank\" title=\"shakira\" rel=\"noopener noreferrer\">Shakira<\/a>&nbsp;a todo volumen. El defensor sali\u00f3 de entrenar en <a alt=\"barcelona\" class=\"slug\" href=\"https:\/\/www.ole.com.ar\/tema\/barcelona.html\" target=\"_blank\" title=\"barcelona\" rel=\"noopener noreferrer\">Barcelona<\/a> y un &#8216;tiktoker&#8217; lo film\u00f3 cuando fren\u00f3 en un sem\u00e1foro,<\/strong><strong> <\/strong>\u200bdejando al mundo con la incertidumbre de qu\u00e9&nbsp;suceder\u00e1 con el futuro de la pareja que tiene dos hijos, Sasha y Milan.<\/p>\n<div class=\"sp__SM\">\n<div class=\"content-new \">\n<span class=\"tit-mobile\">Mir\u00e1 tambi\u00e9n<\/span><\/p>\n<div class=\"mg\">\n<div class=\"wrap-figure\">\n<picture>\n<a href=\"https:\/\/www.ole.com.ar\/ecuador\/barcelona-sc\/barcelona-crisis-preocupa-alfaro-moreno-_0_6FFsUNZTjL.html\" target=\"_self\" rel=\"noopener noreferrer\"><br \/>\n<img class=\"img-responsive\" alt=\"Barcelona: de ganador de la Fase 1 a una crisis que &quot;preocupa&quot;\" src=\"http:\/\/hoycordobaweb.com\/wp-content\/uploads\/2022\/07\/pique-salio-del-entrenamiento-del-barsa-escuchando-a-shakira-2.jpg\" loading=\"lazy\"><br \/>\n<\/a>\n<\/picture>\n<\/div>\n<\/div><\/div>\n<\/div>\n<p>A comienzos del pasado junio,<strong> cuando la cantante confirm\u00f3 la separaci\u00f3n del futbolista a trav\u00e9s de un comunicad<\/strong>o, abundaron las especulaciones en todo el mundo sobre los motivos de la ruptura de la pareja&nbsp;y, seg\u00fan medios espa\u00f1oles,&nbsp;todo indicaba&nbsp;que el ex compa\u00f1ero de <a alt=\"lionel-messi\" class=\"slug\" href=\"https:\/\/www.ole.com.ar\/tema\/lionel-messi.html\" target=\"_blank\" title=\"lionel-messi\" rel=\"noopener noreferrer\">Lionel Messi<\/a>&nbsp;hab\u00eda sido infiel. Incluso&nbsp;fue captado con otra mujer en un evento al que asisti\u00f3 en Suecia.<\/p>\n<div class=\"sp__Normal\">\n<div class=\"image-embeb image-trigger\" readability=\"6\">\n<picture><source media=\"(min-width: 720px)\" srcset=\"http:\/\/hoycordobaweb.com\/wp-content\/uploads\/2022\/07\/pique-salio-del-entrenamiento-del-barsa-escuchando-a-shakira-3.jpg\"><img itemprop=\"image\" src=\"http:\/\/hoycordobaweb.com\/wp-content\/uploads\/2022\/07\/pique-salio-del-entrenamiento-del-barsa-escuchando-a-shakira-3.jpg\" loading=\"lazy\" alt=\"Piqu\u00e9 y Shakira festejando un t\u00edtulo del Barcelona. (Foto: AFP)\">\n<\/picture><figcaption readability=\"2\">\n<p>Piqu\u00e9 y Shakira festejando un t\u00edtulo del Barcelona. (Foto: AFP)\n<\/p>\n<\/figcaption><\/div>\n<\/div>\n<p>El capit\u00e1n del club cul\u00e9, de pocas palabras al hablar del tema y muy cuestionado por la ruptura, ya habr\u00eda tomado distancia&nbsp;de la tercera en cuesti\u00f3n&nbsp;e<strong> intentar\u00eda reconquistar a la cantante y compositora colombiana, que reclam\u00f3 la custodia de sus hijos y desea irse a Miami a vivir con ellos.<\/strong><\/p>\n<h2><strong>EL VIDEO DE PIQU\u00c9 ESCUCHANDO A SHAKIRA&nbsp;<\/strong><\/h2>\n<p><strong>\u00ab\u00a1Qu\u00e9 temazo!\u00bb<\/strong>, le grit\u00f3 @carmonaa.23, el encargado de subir el video que acumula millones de reproducciones en su cuenta de TikTok y hacer explotar las redes con el tema m\u00e1s comentado por la prensa a nivel internacional en el mundo del espect\u00e1culo. <\/p>\n<div class=\"sp__SM\">\n<div class=\"content-new \">\n<span class=\"tit-mobile\">Mir\u00e1 tambi\u00e9n<\/span><\/p>\n<div class=\"mg\">\n<div class=\"wrap-figure\">\n<picture>\n<a href=\"https:\/\/www.ole.com.ar\/futbol-internacional\/espana\/rafa-marquez-dt-filial-barcelona-barca-atletic_0_qg6NTrptSq.html\" target=\"_self\" rel=\"noopener noreferrer\"><br \/>\n<img class=\"img-responsive\" alt=\"El nuevo rol de Rafa M\u00e1rquez dentro del Barcelona\" src=\"http:\/\/hoycordobaweb.com\/wp-content\/uploads\/2022\/07\/pique-salio-del-entrenamiento-del-barsa-escuchando-a-shakira-4.jpg\" loading=\"lazy\"><br \/>\n<\/a>\n<\/picture>\n<\/div>\n<\/div><\/div>\n<\/div>\n<h2><strong>\u00bfQU\u00c9 SER\u00c1 DEL FUTURO DEL JUGADOR DEL BARCELONA?<\/strong>\u200b<br \/><\/h2>\n<div class=\"sp__Normal\">\n<div class=\"image-embeb image-trigger\" readability=\"6\">\n<picture><source media=\"(min-width: 720px)\" srcset=\"http:\/\/hoycordobaweb.com\/wp-content\/uploads\/2022\/07\/pique-salio-del-entrenamiento-del-barsa-escuchando-a-shakira-5.jpg\"><img itemprop=\"image\" src=\"http:\/\/hoycordobaweb.com\/wp-content\/uploads\/2022\/07\/pique-salio-del-entrenamiento-del-barsa-escuchando-a-shakira-5.jpg\" loading=\"lazy\" alt=\"Piqu\u00e9 disputando la Champions League. REUTERS\">\n<\/picture><figcaption readability=\"2\">\n<p>Piqu\u00e9 disputando la Champions League. REUTERS\n<\/p>\n<\/figcaption><\/div>\n<\/div>\n<p>El defensor de 35 a\u00f1os termin\u00f3 sus movidas vacaciones, marcadas&nbsp;por la disputa por la tenencia de sus hijos, y <strong>se present\u00f3 en las pr\u00e1cticas del club <\/strong>en el que milita desde el 2008. No obstante, Piqu\u00e9 no fue parte de ninguno de los dos amistosos que su equipo disput\u00f3 durante la gira estadounidense que est\u00e1 llevando a cabo.<\/p>\n<p>El espa\u00f1ol est\u00e1 a la espera de afrontar lo que vendr\u00e1 en el ajustado calendario de<a alt=\"liga-espana\" class=\"slug\" href=\"https:\/\/www.ole.com.ar\/tema\/liga-espana.html\" target=\"_blank\" title=\"liga-espana\" rel=\"noopener noreferrer\"> La Liga<\/a> luego de los amistosos en los que enfrentar\u00e1 a equipos como<a alt=\"real-madrid\" class=\"slug\" href=\"https:\/\/www.ole.com.ar\/tema\/real-madrid.html\" target=\"_blank\" title=\"real-madrid\" rel=\"noopener noreferrer\"> Real Madrid<\/a>,<a alt=\"juventus\" class=\"slug\" href=\"https:\/\/www.ole.com.ar\/tema\/juventus.html\" target=\"_blank\" title=\"juventus\" rel=\"noopener noreferrer\"> Juventus<\/a> y <a alt=\"manchester-city\" class=\"slug\" href=\"https:\/\/www.ole.com.ar\/tema\/manchester-city.html\" target=\"_blank\" title=\"manchester-city\" rel=\"noopener noreferrer\">Manchester City<\/a>. Y&nbsp;luego estar\u00e1 la <a alt=\"champions-league\" class=\"slug\" href=\"https:\/\/www.ole.com.ar\/tema\/champions-league.html\" target=\"_blank\" title=\"champions-league\" rel=\"noopener noreferrer\">Champions League<\/a>, en cuya \u00faltima edici\u00f3n Barcelona qued\u00f3 afuera en fase de grupos. <strong>Por ahora, Piqu\u00e9 entrena y se pone a punto al ritmo de Shakira&#8230;<\/strong><\/p>\n<div class=\"entry-tags\">\n<h2>TEMAS QUE APARECEN EN ESTA NOTA<\/h2>\n<\/p><\/div>\n","protected":false},"excerpt":{"rendered":"<p>Inevitable, como el nombre de la&nbsp;canci\u00f3n que escuchaba en su auto, era que no lo agarraran a Gerard Piqu\u00e9, que ven\u00eda con la m\u00fasica de Shakira&nbsp;a todo volumen. El defensor sali\u00f3 de entrenar en Barcelona y un &#8216;tiktoker&#8217; lo film\u00f3 cuando fren\u00f3 en un sem\u00e1foro, \u200bdejando al mundo con la incertidumbre de qu\u00e9&nbsp;suceder\u00e1 con el [&hellip;]<\/p>\n","protected":false},"author":1,"featured_media":44843,"comment_status":"open","ping_status":"closed","sticky":false,"template":"","format":"standard","meta":[],"categories":[16],"tags":[],"_links":{"self":[{"href":"http:\/\/hoycordobaweb.com\/index.php\/wp-json\/wp\/v2\/posts\/44842"}],"collection":[{"href":"http:\/\/hoycordobaweb.com\/index.php\/wp-json\/wp\/v2\/posts"}],"about":[{"href":"http:\/\/hoycordobaweb.com\/index.php\/wp-json\/wp\/v2\/types\/post"}],"author":[{"embeddable":true,"href":"http:\/\/hoycordobaweb.com\/index.php\/wp-json\/wp\/v2\/users\/1"}],"replies":[{"embeddable":true,"href":"http:\/\/hoycordobaweb.com\/index.php\/wp-json\/wp\/v2\/comments?post=44842"}],"version-history":[{"count":0,"href":"http:\/\/hoycordobaweb.com\/index.php\/wp-json\/wp\/v2\/posts\/44842\/revisions"}],"wp:featuredmedia":[{"embeddable":true,"href":"http:\/\/hoycordobaweb.com\/index.php\/wp-json\/wp\/v2\/media\/44843"}],"wp:attachment":[{"href":"http:\/\/hoycordobaweb.com\/index.php\/wp-json\/wp\/v2\/media?parent=44842"}],"wp:term":[{"taxonomy":"category","embeddable":true,"href":"http:\/\/hoycordobaweb.com\/index.php\/wp-json\/wp\/v2\/categories?post=44842"},{"taxonomy":"post_tag","embeddable":true,"href":"http:\/\/hoycordobaweb.com\/index.php\/wp-json\/wp\/v2\/tags?post=44842"}],"curies":[{"name":"wp","href":"https:\/\/api.w.org\/{rel}","templated":true}]}}