{"id":44743,"date":"2022-07-13T11:27:17","date_gmt":"2022-07-13T11:27:17","guid":{"rendered":"https:\/\/www.mujerhoy.com\/moda\/no-te-pierdas\/vestidos-comodos-baratos-fresquitos-ponibles-nueva-coleccion-sfera-20220713132607-nt.html"},"modified":"2022-07-13T11:27:17","modified_gmt":"2022-07-13T11:27:17","slug":"flechazo-con-estos-vestidos-de-menos-de-20-euros-de-la-nueva-coleccion-de-sfera-buenos-bonitos-y-baratos","status":"publish","type":"post","link":"http:\/\/hoycordobaweb.com\/index.php\/2022\/07\/13\/flechazo-con-estos-vestidos-de-menos-de-20-euros-de-la-nueva-coleccion-de-sfera-buenos-bonitos-y-baratos\/","title":{"rendered":"Flechazo con estos vestidos de menos de 20 euros de la nueva colecci\u00f3n de Sfera: buenos, bonitos y baratos"},"content":{"rendered":"<p><!-- AUTHOR --><!-- COMPONENTS --><\/p>\n<p class=\"voc-paragraph\">El calor casi no nos permite ni pensar bien delante del armario. <a data-voc-vtm-id=\"in-text-traffic\" href=\"https:\/\/www.mujerhoy.com\/moda\/tendencias\/conjunto-baratisimo-lefties-fresquito-practico-bonito-ponible-20220615132900-nt.html\">Elegir un buen conjunto estiloso con 40\u00baC<\/a> durante el verano, podr\u00edamos decir que es bastante complicado. Ante esta situaci\u00f3n, solo queremos llevar <a data-voc-vtm-id=\"in-text-traffic\" href=\"https:\/\/www.mujerhoy.com\/moda\/tendencias\/vestidos-tirantes-verano-parfois-estampado-lunares-naranja-asequibles-nueva-coleccion-20220531144622-nt.html\">prendas fresquitas<\/a> como <a data-voc-vtm-id=\"in-text-traffic\" href=\"https:\/\/www.mujerhoy.com\/moda\/tendencias\/vestidos-midi-elegantes-nueva-coleccion-zara-tendencia-influencers-look-verano-20220709090434-nt.html\">vestidos<\/a> y sandalias muy planas.\n<\/p>\n<p class=\"voc-paragraph\">Est\u00e1 claro que los vestidos son la opci\u00f3n m\u00e1s c\u00f3modas para llevar en verano. Y no lo decimos nosotras. Simplemente debes echar un vistazo a tu feed en redes sociales y ver\u00e1s que <strong>los vestidos predominan casi todas las publicaciones<\/strong>. Son una prenda vers\u00e1til, todoterreno y muy elegante. <\/p>\n<p class=\"voc-paragraph\">Entonces, <strong>\u00bfmerece la pena invertir en vestidos durante el verano?<\/strong> La respuesta es claramente un s\u00ed rotundo. Aunque no lo creas, es casi imposible que te canses de los vestidos durante esta temporada. Te solucionan el look r\u00e1pidamente ya tengas un plan algo m\u00e1s familiar, como un evento.\n<\/p>\n<p class=\"voc-paragraph\">Lo que est\u00e1 claro es que <strong>los vestidos<\/strong> gusta a la mayor\u00eda porque sientan de maravilla. Tambi\u00e9n porque nos facilitan las labores estil\u00edsticas. <strong>Es m\u00e1s c\u00f3modo ir con vestido a hacer recados, o incluso a trabajar a la oficina<\/strong>, que optar por unos vaqueros. Y eso que a nosotras nos encantan los pantalones, pero es cierto que en verano agobian un poco. <\/p>\n<p class=\"voc-paragraph\">Para las que no se cansan de los vestidos, est\u00e1s de suerte porque te traemos <strong>tres vestidos muy bonitos por menos de 20 euros.<\/strong> Son vestidos parte de <strong>la nueva colecci\u00f3n de Sfera<\/strong>que podr\u00e1s llevar en diferentes ocasiones durante el verano. Un vestido m\u00e1s elegante para una boda, otro para una cena en pareja y el \u00faltimo para el d\u00eda a d\u00eda.\n<\/p>\n<p><h3 class=\"voc-detail__title\"> Vestido largo con estampado de flores de Sfera<br \/>\n<\/h3>\n<\/p>\n<div class=\"voc-detail-photo-zoom\"><picture data-toggle=\"modal\" data-target=\"#photoZoomModal-766\" target=\"modal\">\n<div class=\"voc-img-icon-link\"><img loading=\"lazy\" data-original=\"\/\/static2.mujerhoy.com\/www\/multimedia\/202207\/12\/media\/cortadas\/vestido-estampado-verde-sfera-ktYG--460x637@MujerHoy.jpeg\" class=\"lazy\"><noscript><img src=\"http:\/\/hoycordobaweb.com\/wp-content\/uploads\/2022\/07\/flechazo-con-estos-vestidos-de-menos-de-20-euros-de-la-nueva-coleccion-de-sfera-buenos-bonitos-y-baratos.jpg\"><\/noscript><i class=\"voc-icons zoom voc-multimedia-box voc-ico-l\"><\/i><\/div><figcaption class=\"figure-caption\"><\/figcaption><\/picture><\/div>\n<div id=\"photoZoomModal-766\" class=\"voc-lightbox modal fade voc-lightbox--photo-zoom\" role=\"dialog\" data-voc-photozoom-lightbox>\n<div class=\"voc-lightbox__dialog\" role=\"document\">\n<div class=\"voc-lightbox__content\"><!-- Modal header --><!-- Modal content --><\/p>\n<div class=\"voc-lightbox__photo-container\"><picture class><img loading=\"lazy\" data-original=\"\/\/static2.mujerhoy.com\/www\/multimedia\/202207\/12\/media\/cortadas\/vestido-estampado-verde-sfera-ktYG--460x637@MujerHoy.jpeg\" class=\"lazy\"><noscript><img src=\"http:\/\/hoycordobaweb.com\/wp-content\/uploads\/2022\/07\/flechazo-con-estos-vestidos-de-menos-de-20-euros-de-la-nueva-coleccion-de-sfera-buenos-bonitos-y-baratos.jpg\"><\/noscript><\/picture><\/div>\n<\/div>\n<\/div>\n<\/div>\n<p class=\"voc-paragraph\">Este <strong>vestido con estampado de flores de Sfera (17,99 euros)<\/strong> es uno de los m\u00e1s bonitos de la nueva colecci\u00f3n Es un vestido con cuello halter muy favorecedor, disponible tambi\u00e9n en dos tonalidades m\u00e1s. <strong>Tiene tallas desde las S hasta la L.<\/strong><\/p>\n<p><h3 class=\"voc-detail__title\"> Vestido midi estampado de Sfera<br \/>\n<\/h3>\n<\/p>\n<div class=\"voc-detail-photo-zoom\"><picture data-toggle=\"modal\" data-target=\"#photoZoomModal-841\" target=\"modal\">\n<div class=\"voc-img-icon-link\"><img loading=\"lazy\" data-original=\"\/\/static1.mujerhoy.com\/www\/multimedia\/202207\/12\/media\/cortadas\/vestido-estampado-midi-sfera-ktYG--460x637@MujerHoy.jpeg\" class=\"lazy\"><noscript><img src=\"http:\/\/hoycordobaweb.com\/wp-content\/uploads\/2022\/07\/flechazo-con-estos-vestidos-de-menos-de-20-euros-de-la-nueva-coleccion-de-sfera-buenos-bonitos-y-baratos-1.jpg\"><\/noscript><i class=\"voc-icons zoom voc-multimedia-box voc-ico-l\"><\/i><\/div><figcaption class=\"figure-caption\"><\/figcaption><\/picture><\/div>\n<div id=\"photoZoomModal-841\" class=\"voc-lightbox modal fade voc-lightbox--photo-zoom\" role=\"dialog\" data-voc-photozoom-lightbox>\n<div class=\"voc-lightbox__dialog\" role=\"document\">\n<div class=\"voc-lightbox__content\"><!-- Modal header --><!-- Modal content --><\/p>\n<div class=\"voc-lightbox__photo-container\"><picture class><img loading=\"lazy\" data-original=\"\/\/static1.mujerhoy.com\/www\/multimedia\/202207\/12\/media\/cortadas\/vestido-estampado-midi-sfera-ktYG--460x637@MujerHoy.jpeg\" class=\"lazy\"><noscript><img src=\"http:\/\/hoycordobaweb.com\/wp-content\/uploads\/2022\/07\/flechazo-con-estos-vestidos-de-menos-de-20-euros-de-la-nueva-coleccion-de-sfera-buenos-bonitos-y-baratos-1.jpg\"><\/noscript><\/picture><\/div>\n<\/div>\n<\/div>\n<\/div>\n<p class=\"voc-paragraph\">Es <strong>un vestido bicolor muy fluido de Sfera con manga sisa<\/strong> y cuello redondo. Cuenta con un dise\u00f1o muy favorecedor para lucirlo por la noche con sandalias de tac\u00f3n c\u00f3modo. Est\u00e1 disponible en diferentes tallas, <strong>desde la S hasta la XL.<\/strong><\/p>\n<p><h3 class=\"voc-detail__title\"> Vestido largo estampado en color azul de Sfera<br \/>\n<\/h3>\n<\/p>\n<div class=\"voc-detail-photo-zoom\"><picture data-toggle=\"modal\" data-target=\"#photoZoomModal-568\" target=\"modal\">\n<div class=\"voc-img-icon-link\"><img loading=\"lazy\" data-original=\"\/\/static.mujerhoy.com\/www\/multimedia\/202207\/12\/media\/cortadas\/vestido-largo-azul-sfera-ktYG--460x637@MujerHoy.jpeg\" class=\"lazy\"><noscript><img src=\"http:\/\/hoycordobaweb.com\/wp-content\/uploads\/2022\/07\/flechazo-con-estos-vestidos-de-menos-de-20-euros-de-la-nueva-coleccion-de-sfera-buenos-bonitos-y-baratos-2.jpg\"><\/noscript><i class=\"voc-icons zoom voc-multimedia-box voc-ico-l\"><\/i><\/div><figcaption class=\"figure-caption\"><\/figcaption><\/picture><\/div>\n<div id=\"photoZoomModal-568\" class=\"voc-lightbox modal fade voc-lightbox--photo-zoom\" role=\"dialog\" data-voc-photozoom-lightbox>\n<div class=\"voc-lightbox__dialog\" role=\"document\">\n<div class=\"voc-lightbox__content\"><!-- Modal header --><!-- Modal content --><\/p>\n<div class=\"voc-lightbox__photo-container\"><picture class><img loading=\"lazy\" data-original=\"\/\/static.mujerhoy.com\/www\/multimedia\/202207\/12\/media\/cortadas\/vestido-largo-azul-sfera-ktYG--460x637@MujerHoy.jpeg\" class=\"lazy\"><noscript><img src=\"http:\/\/hoycordobaweb.com\/wp-content\/uploads\/2022\/07\/flechazo-con-estos-vestidos-de-menos-de-20-euros-de-la-nueva-coleccion-de-sfera-buenos-bonitos-y-baratos-2.jpg\"><\/noscript><\/picture><\/div>\n<\/div>\n<\/div>\n<\/div>\n<p class=\"voc-paragraph\">Es <strong>un vestido midi con estampado en azul de Sfera (19,99 euros)<\/strong>. Se trata de un vestido con botones en la parte central, manga corta y volantes en la zona del bajo. <strong>Es un vestido todoterreno<\/strong> y muy f\u00e1cil de llevar en el d\u00eda a d\u00eda. Est\u00e1 disponible tambi\u00e9n en dos colores m\u00e1s.\n<\/p>\n<p><!-- TOPICS --><\/p>\n","protected":false},"excerpt":{"rendered":"<p>El calor casi no nos permite ni pensar bien delante del armario. Elegir un buen conjunto estiloso con 40\u00baC durante el verano, podr\u00edamos decir que es bastante complicado. Ante esta situaci\u00f3n, solo queremos llevar prendas fresquitas como vestidos y sandalias muy planas. Est\u00e1 claro que los vestidos son la opci\u00f3n m\u00e1s c\u00f3modas para llevar en [&hellip;]<\/p>\n","protected":false},"author":1,"featured_media":44744,"comment_status":"closed","ping_status":"closed","sticky":false,"template":"","format":"standard","meta":[],"categories":[1],"tags":[],"_links":{"self":[{"href":"http:\/\/hoycordobaweb.com\/index.php\/wp-json\/wp\/v2\/posts\/44743"}],"collection":[{"href":"http:\/\/hoycordobaweb.com\/index.php\/wp-json\/wp\/v2\/posts"}],"about":[{"href":"http:\/\/hoycordobaweb.com\/index.php\/wp-json\/wp\/v2\/types\/post"}],"author":[{"embeddable":true,"href":"http:\/\/hoycordobaweb.com\/index.php\/wp-json\/wp\/v2\/users\/1"}],"replies":[{"embeddable":true,"href":"http:\/\/hoycordobaweb.com\/index.php\/wp-json\/wp\/v2\/comments?post=44743"}],"version-history":[{"count":0,"href":"http:\/\/hoycordobaweb.com\/index.php\/wp-json\/wp\/v2\/posts\/44743\/revisions"}],"wp:featuredmedia":[{"embeddable":true,"href":"http:\/\/hoycordobaweb.com\/index.php\/wp-json\/wp\/v2\/media\/44744"}],"wp:attachment":[{"href":"http:\/\/hoycordobaweb.com\/index.php\/wp-json\/wp\/v2\/media?parent=44743"}],"wp:term":[{"taxonomy":"category","embeddable":true,"href":"http:\/\/hoycordobaweb.com\/index.php\/wp-json\/wp\/v2\/categories?post=44743"},{"taxonomy":"post_tag","embeddable":true,"href":"http:\/\/hoycordobaweb.com\/index.php\/wp-json\/wp\/v2\/tags?post=44743"}],"curies":[{"name":"wp","href":"https:\/\/api.w.org\/{rel}","templated":true}]}}