{"id":44627,"date":"2022-07-12T12:55:12","date_gmt":"2022-07-12T12:55:12","guid":{"rendered":"https:\/\/www.ole.com.ar\/futbol-internacional\/schiappacasse-historia-preso-uruguay_0_2zjTflwlgi.html"},"modified":"2022-07-12T12:55:12","modified_gmt":"2022-07-12T12:55:12","slug":"la-historia-de-schiappacasse-de-estar-preso-a-jugar-en-la-b-uruguaya","status":"publish","type":"post","link":"http:\/\/hoycordobaweb.com\/index.php\/2022\/07\/12\/la-historia-de-schiappacasse-de-estar-preso-a-jugar-en-la-b-uruguaya\/","title":{"rendered":"La historia de Schiappacasse: de estar preso a jugar en la B uruguaya"},"content":{"rendered":"<p><img src=\"http:\/\/hoycordobaweb.com\/wp-content\/uploads\/2022\/07\/la-historia-de-schiappacasse-de-estar-preso-a-jugar-en-la-b-uruguaya.jpg\"><\/p>\n<p>Los \u00faltimos meses fueron muy complejos para el futbolista uruguayo Nicol\u00e1s Schiappacasse que a comienzos de este a\u00f1o cuando iba a firmar con Pe\u00f1arol fue detenido por portar un arma de fuego sin autorizaci\u00f3n cuando iba a ver el cl\u00e1sico uruguayo. <strong>Si bien en abril obtuvo la prisi\u00f3n domiciliaria, este lunes recibi\u00f3 una gran noticia.<\/strong> <\/p>\n<p>A trav\u00e9s de sus redes sociales, el club Miramar Misiones anunci\u00f3 el fichaje de Schiappacasse por un a\u00f1o lo que le permitir\u00e1 regresar a las canchas cuando reinicie la actividad de la Segunda Divisi\u00f3n Profesional Uruguaya. Tras el anuncio cont\u00f3: <strong>\u00abHoy estoy pensando en el entrenamiento de ma\u00f1ana. No me estoy proyectando a otras cosas, porque esto es como un volver a empezar. Me hace acordar a cuando yo daba mis primeros pasos en River<\/strong>\u00ab.<\/p>\n<div class=\"sp__SM\">\n<div class=\"content-new \">\n<span class=\"tit-mobile\">Mir\u00e1 tambi\u00e9n<\/span><\/p>\n<div class=\"mg\">\n<div class=\"wrap-figure\">\n<picture>\n<a href=\"https:\/\/www.ole.com.ar\/informacion-general\/fabbro-condena-apelacion-rechazo_0_zzOG4XykO3.html\" target=\"_self\" rel=\"noopener noreferrer\"><br \/>\n<img class=\"img-responsive\" alt=\"Fabbro: apelaci\u00f3n rechazada y situaci\u00f3n complicada\" src=\"http:\/\/hoycordobaweb.com\/wp-content\/uploads\/2022\/07\/la-historia-de-schiappacasse-de-estar-preso-a-jugar-en-la-b-uruguaya-2.jpg\" loading=\"lazy\"><br \/>\n<\/a>\n<\/picture>\n<\/div>\n<\/div><\/div>\n<\/div>\n<p>\u00abAhora estoy bien. Vengo tratando todo esto que me pas\u00f3 en manos de profesionales. <strong>Agradezco el horario que me dan y las horas que me dejan salir porque me distraigo bastante cuando estoy entrenando. Estoy mejor. Fue un golpe muy duro para m\u00ed, pero ahora de a poco estoy saliendo\u00bb<\/strong>, agreg\u00f3 en una entrevista con el programa radial \u00daltimo al arco, de la Sport 890.<\/p>\n<div class=\"sp__SM\">\n<div class=\"content-new \">\n<span class=\"tit-mobile\">Mir\u00e1 tambi\u00e9n<\/span><\/p>\n<div class=\"mg\">\n<div class=\"wrap-figure\">\n<picture>\n<a href=\"https:\/\/www.ole.com.ar\/futbol-internacional\/blatter-platini-absueltos-fraude-fifa_0_oSfOHTF63l.html\" target=\"_self\" rel=\"noopener noreferrer\"><br \/>\n<img class=\"img-responsive\" alt=\"Blatter y Platini fueron absueltos: los motivos del fallo\" src=\"http:\/\/hoycordobaweb.com\/wp-content\/uploads\/2022\/07\/la-historia-de-schiappacasse-de-estar-preso-a-jugar-en-la-b-uruguaya-3.jpg\" loading=\"lazy\"><br \/>\n<\/a>\n<\/picture>\n<\/div>\n<\/div><\/div>\n<\/div>\n<p>El ex Atl\u00e9tico de Madrid no juega un partido oficial desde mayo de 2021 cuando con los colores de Pe\u00f1arol sufri\u00f3 una lesi\u00f3n de ligamentos cruzados. El 27 de enero de este a\u00f1o fue detenido y condenado a 14 meses de prisi\u00f3n. Si bien ya se encuentra recuperado de la lesi\u00f3n, confes\u00f3 que esta oportunidad era muy movilizante.<\/p>\n<div class=\"sp__SM\">\n<div class=\"content-new \">\n<span class=\"tit-mobile\">Mir\u00e1 tambi\u00e9n<\/span><\/p>\n<div class=\"mg\">\n<div class=\"wrap-figure\">\n<picture>\n<a href=\"https:\/\/www.ole.com.ar\/tenis\/kyrgios-violencia-denuncia_0_PTYU46tuJx.html\" target=\"_self\" rel=\"noopener noreferrer\"><br \/>\n<img class=\"img-responsive\" alt=\"Kyrgios fue acusado de violencia de g\u00e9nero y deber\u00e1 presentarse en la Justicia\" src=\"http:\/\/hoycordobaweb.com\/wp-content\/uploads\/2022\/07\/la-historia-de-schiappacasse-de-estar-preso-a-jugar-en-la-b-uruguaya-4.jpg\" loading=\"lazy\"><br \/>\n<\/a>\n<\/picture>\n<\/div>\n<\/div><\/div>\n<\/div>\n<p>\u00abCuando vos est\u00e1s ah\u00ed adentro no sab\u00e9s qu\u00e9 d\u00eda vas a volver a estar libre, pero siempre mantuve en la cabeza que el f\u00fatbol no lo iba a perder ni a olvidar\u00bb, concluy\u00f3.<\/p>\n<h2><strong>Trayectoria<\/strong><\/h2>\n<p>Nacido en Montevideo en 1999, Schiappacasse comenz\u00f3 su carrera el River Plate de Montevideo, equipo que lo transfiri\u00f3 al Colchonero.<\/p>\n<div class=\"sp__SM\">\n<div class=\"content-new \">\n<span class=\"tit-mobile\">Mir\u00e1 tambi\u00e9n<\/span><\/p>\n<div class=\"mg\">\n<div class=\"wrap-figure\">\n<picture>\n<a href=\"https:\/\/www.ole.com.ar\/informacion-general\/robinho-dejo-futbol-condena-violacion_0_BqGIDoYvX3.html\" target=\"_self\" rel=\"noopener noreferrer\"><br \/>\n<img class=\"img-responsive\" alt=\"Despu\u00e9s de ser condenado, Robinho confirm\u00f3 que se retir\u00f3 del f\u00fatbol\" src=\"http:\/\/hoycordobaweb.com\/wp-content\/uploads\/2022\/07\/la-historia-de-schiappacasse-de-estar-preso-a-jugar-en-la-b-uruguaya-5.jpg\" loading=\"lazy\"><br \/>\n<\/a>\n<\/picture>\n<\/div>\n<\/div><\/div>\n<\/div>\n<p> En Europa, el delantero jug\u00f3 en el filial del Aleti en el Rayo Majadahonda, en el portugu\u00e9s Familacao y en los italianos Parma Calcio y Sassuolo. Tambi\u00e9n fue parte del plantel Sub 20 de la Celeste.<\/p>\n<div class=\"entry-tags\">\n<h2>TEMAS QUE APARECEN EN ESTA NOTA<\/h2>\n<\/p><\/div>\n","protected":false},"excerpt":{"rendered":"<p>Los \u00faltimos meses fueron muy complejos para el futbolista uruguayo Nicol\u00e1s Schiappacasse que a comienzos de este a\u00f1o cuando iba a firmar con Pe\u00f1arol fue detenido por portar un arma de fuego sin autorizaci\u00f3n cuando iba a ver el cl\u00e1sico uruguayo. Si bien en abril obtuvo la prisi\u00f3n domiciliaria, este lunes recibi\u00f3 una gran noticia. [&hellip;]<\/p>\n","protected":false},"author":1,"featured_media":44628,"comment_status":"open","ping_status":"closed","sticky":false,"template":"","format":"standard","meta":[],"categories":[16],"tags":[],"_links":{"self":[{"href":"http:\/\/hoycordobaweb.com\/index.php\/wp-json\/wp\/v2\/posts\/44627"}],"collection":[{"href":"http:\/\/hoycordobaweb.com\/index.php\/wp-json\/wp\/v2\/posts"}],"about":[{"href":"http:\/\/hoycordobaweb.com\/index.php\/wp-json\/wp\/v2\/types\/post"}],"author":[{"embeddable":true,"href":"http:\/\/hoycordobaweb.com\/index.php\/wp-json\/wp\/v2\/users\/1"}],"replies":[{"embeddable":true,"href":"http:\/\/hoycordobaweb.com\/index.php\/wp-json\/wp\/v2\/comments?post=44627"}],"version-history":[{"count":0,"href":"http:\/\/hoycordobaweb.com\/index.php\/wp-json\/wp\/v2\/posts\/44627\/revisions"}],"wp:featuredmedia":[{"embeddable":true,"href":"http:\/\/hoycordobaweb.com\/index.php\/wp-json\/wp\/v2\/media\/44628"}],"wp:attachment":[{"href":"http:\/\/hoycordobaweb.com\/index.php\/wp-json\/wp\/v2\/media?parent=44627"}],"wp:term":[{"taxonomy":"category","embeddable":true,"href":"http:\/\/hoycordobaweb.com\/index.php\/wp-json\/wp\/v2\/categories?post=44627"},{"taxonomy":"post_tag","embeddable":true,"href":"http:\/\/hoycordobaweb.com\/index.php\/wp-json\/wp\/v2\/tags?post=44627"}],"curies":[{"name":"wp","href":"https:\/\/api.w.org\/{rel}","templated":true}]}}