{"id":44625,"date":"2022-07-12T14:39:51","date_gmt":"2022-07-12T14:39:51","guid":{"rendered":"https:\/\/www.ole.com.ar\/futbol-internacional\/icardi-out-psg-asia-gira_0_FFiHqn7oLt.html"},"modified":"2022-07-12T14:39:51","modified_gmt":"2022-07-12T14:39:51","slug":"icardi-out-de-la-gira-de-psg-por-asia","status":"publish","type":"post","link":"http:\/\/hoycordobaweb.com\/index.php\/2022\/07\/12\/icardi-out-de-la-gira-de-psg-por-asia\/","title":{"rendered":"\u00bfIcardi out de la gira de PSG por Asia?"},"content":{"rendered":"<p><img src=\"http:\/\/hoycordobaweb.com\/wp-content\/uploads\/2022\/07\/icardi-out-de-la-gira-de-psg-por-asia.jpg\"><\/p>\n<p>Ya con nuevo DT, PSG arranc\u00f3 hace una semana los entrenamientos pensando en la temporada 22\/23. Se fue Mauricio Pochettino y lleg\u00f3 Christophe Galtier para tomar las riendas del conjunto parisino, actual campe\u00f3n de Francia y con<strong> Lionel Messi y Kylian Mbapp\u00e9 como nombres estelares dentro de un plantel que cuenta tambi\u00e9n con otras figuras. Como en otras oportunidades, el gran objetivo ser\u00e1 la Champions League.&nbsp;<\/strong><\/p>\n<div class=\"sp__SM\">\n<div class=\"content-new \">\n<span class=\"tit-mobile\">Mir\u00e1 tambi\u00e9n<\/span><\/p>\n<div class=\"mg\">\n<div class=\"wrap-figure\">\n<picture>\n<a href=\"https:\/\/www.ole.com.ar\/river-plate\/palmeiras-cruz-libre-enero-river_0_vdMAlLYidR.html\" target=\"_self\" rel=\"noopener noreferrer\"><br \/>\n<img class=\"img-responsive\" alt=\"Atento River: en Brasil insisten con que Palmeiras quiere a De la Cruz en enero\" src=\"http:\/\/hoycordobaweb.com\/wp-content\/uploads\/2022\/07\/icardi-out-de-la-gira-de-psg-por-asia-2.jpg\" loading=\"lazy\"><br \/>\n<\/a>\n<\/picture>\n<\/div>\n<\/div><\/div>\n<\/div>\n<div class=\"sp__Normal\">\n<div class=\"image-embeb image-trigger\" readability=\"6\">\n<picture><source media=\"(min-width: 720px)\" srcset=\"http:\/\/hoycordobaweb.com\/wp-content\/uploads\/2022\/07\/icardi-out-de-la-gira-de-psg-por-asia-3.jpg\"><img itemprop=\"image\" src=\"http:\/\/hoycordobaweb.com\/wp-content\/uploads\/2022\/07\/icardi-out-de-la-gira-de-psg-por-asia-3.jpg\" loading=\"lazy\" alt=\"Mauro en el entrenamiento de PSG.\">\n<\/picture><figcaption readability=\"2\">\n<p>Mauro en el entrenamiento de PSG.\n<\/p>\n<\/figcaption><\/div>\n<\/div>\n<p>Apenas arribado, Galtie<a data-cke-saved-href=\"https:\/\/www.ole.com.ar\/futbol-internacional\/francia\/operacion-salida-psg-transferibles-venta_0_4gMnhXGkcz.html\" target=\"_blank\" href=\"https:\/\/www.ole.com.ar\/futbol-internacional\/francia\/operacion-salida-psg-transferibles-venta_0_4gMnhXGkcz.html\" rel=\"noopener noreferrer\">r se refiri\u00f3&nbsp;en conferencia de prensa sobre&nbsp;la necesidad de reducir el plantel actual.<\/a> Por tal motivo, en las \u00faltimas horas trascendi\u00f3 en los medios<a data-cke-saved-href=\"https:\/\/www.ole.com.ar\/futbol-internacional\/francia\/operacion-salida-psg-transferibles-venta_0_4gMnhXGkcz.html\" target=\"_blank\" href=\"https:\/\/www.ole.com.ar\/futbol-internacional\/francia\/operacion-salida-psg-transferibles-venta_0_4gMnhXGkcz.html\" rel=\"noopener noreferrer\"> una supuesta lista armada por el entrenador de jugadores prescindibles<\/a>. Entre ellos, dos argentinos:<strong> Mauro Icardi y Leandro Paredes (aunque s\u00f3lo se ir\u00eda si hay una oferta realmente tentadora).<\/strong><\/p>\n<div class=\"sp__SM\">\n<div class=\"content-new \">\n<span class=\"tit-mobile\">Mir\u00e1 tambi\u00e9n<\/span><\/p>\n<div class=\"mg\">\n<div class=\"wrap-figure\">\n<picture>\n<a href=\"https:\/\/www.ole.com.ar\/futbol-internacional\/inglaterra\/cristiano-ronaldo-chelsea-manchester-united-mercado-pases_0_xOgrrmaoH7.html\" target=\"_self\" rel=\"noopener noreferrer\"><br \/>\n<img class=\"img-responsive\" alt=\"Las pistas sobre el futuro de Cristiano Ronaldo: una fuerte respuesta y un follow\" src=\"http:\/\/hoycordobaweb.com\/wp-content\/uploads\/2022\/07\/icardi-out-de-la-gira-de-psg-por-asia-4.jpg\" loading=\"lazy\"><br \/>\n<\/a>\n<\/picture>\n<\/div>\n<\/div><\/div>\n<\/div>\n<p>Y en apenas unos d\u00edas, luego del primer amistoso de pretemporada ante Quevilly (el viernes a las 12 -hora argentina- en el predio de PSG), el conjunto parisino emprender\u00e1 una gira por Asia para jugar tres <mark><strong>amistosos entre el 20 y 25 de julio: Kawasaki Frontale, Urawa Reds y Gamba Osaka.<\/strong><\/mark><\/p>\n<div class=\"sp__SM\">\n<div class=\"content-new \">\n<span class=\"tit-mobile\">Mir\u00e1 tambi\u00e9n<\/span><\/p>\n<div class=\"mg\">\n<div class=\"wrap-figure\">\n<picture>\n<a href=\"https:\/\/www.ole.com.ar\/futbol-internacional\/francia\/camoranesi-marsella-ayudante-campo_0_PbyfAsz65Q.html\" target=\"_self\" rel=\"noopener noreferrer\"><br \/>\n<img class=\"img-responsive\" alt=\"Camoranesi dur\u00f3 una semana como ayudante de campo del Marsella\" src=\"http:\/\/hoycordobaweb.com\/wp-content\/uploads\/2022\/07\/icardi-out-de-la-gira-de-psg-por-asia-5.jpg\" loading=\"lazy\"><br \/>\n<\/a>\n<\/picture>\n<\/div>\n<\/div><\/div>\n<\/div>\n<p>Seg\u00fan la prensa local, en este caso Canal Supporters,<mark><strong> Galtier ya habr\u00eda decidido que solamente ir\u00e1n 20 futbolistas. Y diez del actual plantel se quedar\u00edan en Par\u00eds para resolver su futuro<\/strong><\/mark>: <strong>Mauro Icardi<\/strong>, Layvin Kurzawa, Julian Draxler, Ander Herrera, Georginio Wijnaldum, \u00c9ric Junior Dina Ebimbe, Rafinha, Sergio Rico, Idrissa Gueye y Abdou Diallo. Paredes, por el momento, formar\u00eda parte de la comitiva por Asia.<\/p>\n<div class=\"sp__SM\">\n<div class=\"content-new \">\n<span class=\"tit-mobile\">Mir\u00e1 tambi\u00e9n<\/span><\/p>\n<div class=\"mg\">\n<div class=\"wrap-figure\">\n<picture>\n<a href=\"https:\/\/www.ole.com.ar\/futbol-internacional\/italia\/presidente-ud-lecce-italia-serie_0_1197YwF8iD.html\" target=\"_self\" rel=\"noopener noreferrer\"><br \/>\n<img class=\"img-responsive\" alt=\"Amenaza mafiosa contra el presidente del Lecce: le enviaron una cabeza de cerdo cortada\" src=\"http:\/\/hoycordobaweb.com\/wp-content\/uploads\/2022\/07\/icardi-out-de-la-gira-de-psg-por-asia-6.jpg\" loading=\"lazy\"><br \/>\n<\/a>\n<\/picture>\n<\/div>\n<\/div><\/div>\n<\/div>\n<p>En el caso de Icardi, ya hab\u00eda perdido terreno la temporada anterior, con Pochettino al frente. Disput\u00f3 29 partidos entre Ligue 1, copas locales y Champions, pero en su mayor\u00eda ingresando desde el banco. El asunto es que a\u00fan tiene dos a\u00f1os m\u00e1s de contrato y su salida no pinta f\u00e1cil. D\u00edas atr\u00e1s<a data-cke-saved-href=\"https:\/\/www.ole.com.ar\/futbol-internacional\/francia\/mauro-icardi-monza-berlusconi-wanda-nara-programa-tele_0_hc7CuwaPYq.html\" target=\"_blank\" href=\"https:\/\/www.ole.com.ar\/futbol-internacional\/francia\/mauro-icardi-monza-berlusconi-wanda-nara-programa-tele_0_hc7CuwaPYq.html\" rel=\"noopener noreferrer\"> hab\u00eda sonado como posible refuerzo del Monza de Italia, recientemente ascendido a la Serie A. <\/a><strong>\u00bfQu\u00e9 pasar\u00e1 con Mauro?<\/strong><\/p>\n<div class=\"sp__Normal\">\n<div class=\"image-embeb image-trigger\" readability=\"6\">\n<picture><source media=\"(min-width: 720px)\" srcset=\"http:\/\/hoycordobaweb.com\/wp-content\/uploads\/2022\/07\/icardi-out-de-la-gira-de-psg-por-asia-7.jpg\"><img itemprop=\"image\" src=\"http:\/\/hoycordobaweb.com\/wp-content\/uploads\/2022\/07\/icardi-out-de-la-gira-de-psg-por-asia-7.jpg\" loading=\"lazy\" alt=\"El futuro de Icardi es una inc\u00f3gnita.\">\n<\/picture><figcaption readability=\"2\">\n<p>El futuro de Icardi es una inc\u00f3gnita.\n<\/p>\n<\/figcaption><\/div>\n<\/div>\n<div class=\"sp__SM\">\n<div class=\"content-new \">\n<span class=\"tit-mobile\">Mir\u00e1 tambi\u00e9n<\/span><\/p>\n<div class=\"mg\">\n<div class=\"wrap-figure\">\n<picture>\n<a href=\"https:\/\/www.ole.com.ar\/futbol-internacional\/lewandowski-revision-bayern-barcelona_0_RFI1s8PRrN.html\" target=\"_self\" rel=\"noopener noreferrer\"><br \/>\n<img class=\"img-responsive\" alt=\"Lewandowski: revisi\u00f3n m\u00e9dica y confusi\u00f3n en el Bayern Munich\" src=\"http:\/\/hoycordobaweb.com\/wp-content\/uploads\/2022\/07\/icardi-out-de-la-gira-de-psg-por-asia-8.jpg\" loading=\"lazy\"><br \/>\n<\/a>\n<\/picture>\n<\/div>\n<\/div><\/div>\n<\/div>\n<p>Por lo pronto, parece que no armar\u00e1 las valijas para ir a suelo asi\u00e1tico. Habr\u00e1 que esperar el transcurso del mercado de pases en Europa.&nbsp;<\/p>\n<div class=\"entry-tags\">\n<h2>TEMAS QUE APARECEN EN ESTA NOTA<\/h2>\n<\/p><\/div>\n","protected":false},"excerpt":{"rendered":"<p>Ya con nuevo DT, PSG arranc\u00f3 hace una semana los entrenamientos pensando en la temporada 22\/23. Se fue Mauricio Pochettino y lleg\u00f3 Christophe Galtier para tomar las riendas del conjunto parisino, actual campe\u00f3n de Francia y con Lionel Messi y Kylian Mbapp\u00e9 como nombres estelares dentro de un plantel que cuenta tambi\u00e9n con otras figuras. [&hellip;]<\/p>\n","protected":false},"author":1,"featured_media":44626,"comment_status":"open","ping_status":"closed","sticky":false,"template":"","format":"standard","meta":[],"categories":[16],"tags":[],"_links":{"self":[{"href":"http:\/\/hoycordobaweb.com\/index.php\/wp-json\/wp\/v2\/posts\/44625"}],"collection":[{"href":"http:\/\/hoycordobaweb.com\/index.php\/wp-json\/wp\/v2\/posts"}],"about":[{"href":"http:\/\/hoycordobaweb.com\/index.php\/wp-json\/wp\/v2\/types\/post"}],"author":[{"embeddable":true,"href":"http:\/\/hoycordobaweb.com\/index.php\/wp-json\/wp\/v2\/users\/1"}],"replies":[{"embeddable":true,"href":"http:\/\/hoycordobaweb.com\/index.php\/wp-json\/wp\/v2\/comments?post=44625"}],"version-history":[{"count":0,"href":"http:\/\/hoycordobaweb.com\/index.php\/wp-json\/wp\/v2\/posts\/44625\/revisions"}],"wp:featuredmedia":[{"embeddable":true,"href":"http:\/\/hoycordobaweb.com\/index.php\/wp-json\/wp\/v2\/media\/44626"}],"wp:attachment":[{"href":"http:\/\/hoycordobaweb.com\/index.php\/wp-json\/wp\/v2\/media?parent=44625"}],"wp:term":[{"taxonomy":"category","embeddable":true,"href":"http:\/\/hoycordobaweb.com\/index.php\/wp-json\/wp\/v2\/categories?post=44625"},{"taxonomy":"post_tag","embeddable":true,"href":"http:\/\/hoycordobaweb.com\/index.php\/wp-json\/wp\/v2\/tags?post=44625"}],"curies":[{"name":"wp","href":"https:\/\/api.w.org\/{rel}","templated":true}]}}