{"id":44613,"date":"2022-07-12T12:00:30","date_gmt":"2022-07-12T12:00:30","guid":{"rendered":"https:\/\/manoamanocba.com.ar\/?p=5523"},"modified":"2022-07-12T12:00:30","modified_gmt":"2022-07-12T12:00:30","slug":"el-chocolate-se-hace-fiesta-en-villa-general-belgrano","status":"publish","type":"post","link":"http:\/\/hoycordobaweb.com\/index.php\/2022\/07\/12\/el-chocolate-se-hace-fiesta-en-villa-general-belgrano\/","title":{"rendered":"El chocolate se hace fiesta en Villa General Belgrano"},"content":{"rendered":"<div><img src=\"http:\/\/hoycordobaweb.com\/wp-content\/uploads\/2022\/07\/el-chocolate-se-hace-fiesta-en-villa-general-belgrano.jpg\" class=\"ff-og-image-inserted\"><\/div>\n<p>Las vacaciones de invierno y los d\u00edas fr\u00edos que caracterizan al mes de julio son el marco perfecto para visitar <strong>Villa General Belgrano<\/strong> y dejarse cautivar por su&nbsp;<strong>Fiesta del Chocolate Alpino<\/strong>.<\/p>\n<p>Esta tradicional festividad est\u00e1 inspirada <strong>en los inmigrantes de Italia, Alemania, Austria y de Suiza<\/strong>, manteniendo su esp\u00edritu y tradici\u00f3n centroeuropea.<\/p>\n<p>La&nbsp;<strong>38 edici\u00f3n<\/strong>&nbsp;de la fiesta dio comienzo el 9 de julio y, hasta fin de mes, ofrece espect\u00e1culos con producciones art\u00edsticas para todos los gustos y edades que tendr\u00e1n como epicentro el Sal\u00f3n Alpino.<\/p>\n<p>Es justamente en ese espacio en donde se realiza la tradicional fondue de chocolate, uno de los momentos m\u00e1s tradicionales y m\u00e1s esperado por los visitantes. Lo m\u00e1s tentador son los pinches con frutas frescas que reciben los turistas y que luego pueden sumergir en la paila con chocolate caliente.<\/p>\n<p>La fiesta del chocolate viene acompa\u00f1ada por una programaci\u00f3n variada con m\u00fasica, danzas y teatro que ponen especial \u00e9nfasis en un p\u00fablico infantil y juvenil.<\/p>\n<p>La&nbsp;<strong>programaci\u00f3n mensual<\/strong>&nbsp;se puede consultar en&nbsp;<a href=\"https:\/\/villageneralbelgrano.gob.ar\/chocolatealpino2022\/\" target=\"_blank\" rel=\"noreferrer noopener\">este enlace<\/a>.<\/p>\n<p><strong>La tradici\u00f3n<\/strong><\/p>\n<p>Desde 1985, esta localidad serrana se ha visto envuelta con un aroma muy particular a chocolate caliente y se ha vestido con los m\u00e1s alegres colores para dar lugar a la Fiesta del Chocolate Alpino.<\/p>\n<p>A comienzos de la d\u00e9cada del 30, inmigrantes provenientes del centro de Europa se instalaron en la localidad aportando su bagaje cultural y tradiciones propias de sus tierras de origen, entre las que estaban la gastronom\u00eda y la reposter\u00eda.<\/p>\n<p>Desde entonces y en muchos casos, los procesos de elaboraci\u00f3n de sus postres y platos siguen siendo los propios de aquellas tierras, pero con los agregados y caracter\u00edsticas<\/p>\n","protected":false},"excerpt":{"rendered":"<p>Las vacaciones de invierno y los d\u00edas fr\u00edos que caracterizan al mes de julio son el marco perfecto para visitar Villa General Belgrano y dejarse cautivar por su&nbsp;Fiesta del Chocolate Alpino. Esta tradicional festividad est\u00e1 inspirada en los inmigrantes de Italia, Alemania, Austria y de Suiza, manteniendo su esp\u00edritu y tradici\u00f3n centroeuropea. La&nbsp;38 edici\u00f3n&nbsp;de la [&hellip;]<\/p>\n","protected":false},"author":1,"featured_media":44614,"comment_status":"closed","ping_status":"closed","sticky":false,"template":"","format":"standard","meta":[],"categories":[19],"tags":[],"_links":{"self":[{"href":"http:\/\/hoycordobaweb.com\/index.php\/wp-json\/wp\/v2\/posts\/44613"}],"collection":[{"href":"http:\/\/hoycordobaweb.com\/index.php\/wp-json\/wp\/v2\/posts"}],"about":[{"href":"http:\/\/hoycordobaweb.com\/index.php\/wp-json\/wp\/v2\/types\/post"}],"author":[{"embeddable":true,"href":"http:\/\/hoycordobaweb.com\/index.php\/wp-json\/wp\/v2\/users\/1"}],"replies":[{"embeddable":true,"href":"http:\/\/hoycordobaweb.com\/index.php\/wp-json\/wp\/v2\/comments?post=44613"}],"version-history":[{"count":0,"href":"http:\/\/hoycordobaweb.com\/index.php\/wp-json\/wp\/v2\/posts\/44613\/revisions"}],"wp:featuredmedia":[{"embeddable":true,"href":"http:\/\/hoycordobaweb.com\/index.php\/wp-json\/wp\/v2\/media\/44614"}],"wp:attachment":[{"href":"http:\/\/hoycordobaweb.com\/index.php\/wp-json\/wp\/v2\/media?parent=44613"}],"wp:term":[{"taxonomy":"category","embeddable":true,"href":"http:\/\/hoycordobaweb.com\/index.php\/wp-json\/wp\/v2\/categories?post=44613"},{"taxonomy":"post_tag","embeddable":true,"href":"http:\/\/hoycordobaweb.com\/index.php\/wp-json\/wp\/v2\/tags?post=44613"}],"curies":[{"name":"wp","href":"https:\/\/api.w.org\/{rel}","templated":true}]}}