{"id":44422,"date":"2022-07-09T17:57:00","date_gmt":"2022-07-09T17:57:00","guid":{"rendered":"http:\/\/hoycordobaweb.com\/index.php\/2022\/07\/09\/macri-la-camara-federal-definira-su-situacion-procesal-en-una-de-las-causas-por-espionaje\/"},"modified":"2022-07-09T17:57:00","modified_gmt":"2022-07-09T17:57:00","slug":"macri-la-camara-federal-definira-su-situacion-procesal-en-una-de-las-causas-por-espionaje","status":"publish","type":"post","link":"http:\/\/hoycordobaweb.com\/index.php\/2022\/07\/09\/macri-la-camara-federal-definira-su-situacion-procesal-en-una-de-las-causas-por-espionaje\/","title":{"rendered":"Macri: la C\u00e1mara Federal definir\u00e1 su situaci\u00f3n procesal en una de las causas por espionaje"},"content":{"rendered":"<figure class=\"mb-3\"><img loading=\"lazy\" src=\"http:\/\/hoycordobaweb.com\/wp-content\/uploads\/2022\/07\/macri-la-camara-federal-definira-su-situacion-procesal-en-una-de-las-causas-por-espionaje.jpg\" width=\"100%\" height=\"100%\" alt=\"El expresidente est acusado de espiar a los familiares de las vctimas del hundimiento del submarino ARA San Juan ocurrido durante su gobierno Foto Juan Gens \"><figcaption> El expresidente est\u00e1 acusado de espiar a los familiares de las v\u00edctimas del hundimiento del submarino ARA San Juan ocurrido durante su gobierno. Foto: Juan Gens. <\/figcaption><\/figure>\n<p>La C\u00e1mara Federal porte\u00f1a prev\u00e9 resolver la semana pr\u00f3xima, antes de la feria judicial, si confirma o revoca el procesamiento del expresidente Mauricio Macri en la causa que se le sigue por supuesto espionaje ilegal a los familiares de los tripulantes del submarino Ara San Juan, hundido en noviembre de 2017.<\/p>\n<p>Fuentes del tribunal de apelaciones adelantaron a T\u00e9lam que la idea es que la resoluci\u00f3n est\u00e9 firmada antes del inicio de la feria judicial y aseguraron que por estas horas los tres jueces \u2013Mariano Llorens, Leopoldo Bruglia y Pablo Bertuzzi- trabajan con sus respectivos equipos para definir sus posiciones.<\/p>\n<p>Los voceros judiciales adelantaron adem\u00e1s que, a la par de la resoluci\u00f3n de ese incidente, <strong>se prev\u00e9 que los magistrados resuelvan otros puntos vinculados a la situaci\u00f3n procesal de los exjefes de la Agencia Federal de Inteligencia<\/strong>, Gustavo Arribas y Silvia Majdalani, en el mismo caso.<\/p>\n<p>Antes del inicio de la feria judicial, que se extender\u00e1 entre el 18 y el 29 de julio, los jueces de la sala primera del tribunal de apelaciones podr\u00edan resolver tambi\u00e9n sobre los procesamientos dictados en el caso \u00c1rea Metropolitana de Buenos Aires (AMBA), en el que se investigan maniobras de espionaje pol\u00edtico en la provincia de Buenos Aires, aunque all\u00ed los an\u00e1lisis vienen m\u00e1s demorados.<\/p>\n<blockquote class><p>El expresidente fue procesado el 1 de diciembre pasado por el juez federal de Dolores, Mart\u00edn Bava, quien lo hall\u00f3 \u00abpenalmente responsable del delito de realizaci\u00f3n de acciones de inteligencia prohibidas en car\u00e1cter de autor en virtud de haber posibilitado la producci\u00f3n de tareas de inteligencia ilegal\u00bb<\/p><\/blockquote>\n<p>El caso de las bases AMBA y el del espionaje a los familiares de las v\u00edctimas del hundimiento del San Juan tramitaron en Dolores hasta fines del 2021 cuando la C\u00e1mara de Casaci\u00f3n Penal decidi\u00f3 que pasaran a los tribunales federales de Comodoro Py, arrastrados por el caso D\u00b4 Alessio que pas\u00f3 a tramitar en el juzgado del juez Juli\u00e1n Ercolini.<\/p>\n<p>El expresidente fue procesado el 1 de diciembre pasado por el juez federal de Dolores, Mart\u00edn Bava, quien lo hall\u00f3 \u00abpenalmente responsable del delito de realizaci\u00f3n de acciones de inteligencia prohibidas en car\u00e1cter de autor en virtud de haber posibilitado la producci\u00f3n de tareas de inteligencia ilegal\u00bb.<\/p>\n<p><strong>De acuerdo a la investigaci\u00f3n judicial, el entonces mandatario se habr\u00eda valido se informaci\u00f3n obtenida por medios ilegales para adelantarse a los reclamos de los familiares<\/strong> de los tripulantes del San Juan y reducir as\u00ed los posibles impactos en la imagen del gobierno de Cambiemos.<\/p>\n<p><strong>\u00abFue Mauricio Macri quien no solo permiti\u00f3 la realizaci\u00f3n de esas tareas ilegales, sino utiliz\u00f3 esa informaci\u00f3n para tomar decisiones.<\/strong> En algunos casos esas decisiones tuvieron que ver contener informaci\u00f3n adelantada sobre los reclamos que recibir\u00eda o las manifestaciones organizadas por las v\u00edctimas ante la visita del entonces Presidente a la ciudad de Mar del Plata\u00bb, sostuvo el juez Bava cuando lo proces\u00f3.<\/p>\n<blockquote class><p>Los familiares de los tripulantes del San Juan reclamaron a trav\u00e9s de sus representantes legales que los procesamientos dictados en la causa sean confirmados, aunque tienen baja expectativa de que ello vaya a ocurrir, algo que se\u00f1alaron en m\u00e1s de una oportunidad tras el paso de la causa a los tribunales federales porte\u00f1os<\/p><\/blockquote>\n<p>\u00abEn otras ocasiones, (las decisiones cuestionadas estuvieron destinadas) a<strong> mantener el seguimiento constante y sistem\u00e1tico de las medidas reivindicativas del colectivo de familiares que resulta v\u00edctimas de estas tareas ilegales<\/strong>\u00ab, escribi\u00f3 el juez.<\/p>\n<figure class=\"mb-3\"><img loading=\"lazy\" src=\"http:\/\/hoycordobaweb.com\/wp-content\/uploads\/2022\/07\/macri-la-camara-federal-definira-su-situacion-procesal-en-una-de-las-causas-por-espionaje-1.jpg\" width=\"100%\" height=\"100%\" alt=\"Los familiares reclaman a la Justicia por sentirse doblemente damnificados Foto Juan Gens \"><figcaption> Los familiares reclaman a la Justicia por sentirse doblemente damnificados. Foto: Juan Gens. <\/figcaption><\/figure>\n<p>Los familiares de los tripulantes del San Juan reclamaron a trav\u00e9s de sus representantes legales que los procesamientos dictados en la causa sean confirmados, aunque tienen baja expectativa de que ello vaya a ocurrir, algo que se\u00f1alaron en m\u00e1s de una oportunidad tras el paso de la causa a los tribunales federales porte\u00f1os.<\/p>\n<p><strong>\u00abComo querella sabemos que desde el pase de la causa de espionaje ilegal a Comodoro Py, estamos ante la cr\u00f3nica de una muerte anunciada<\/strong>. Las se\u00f1ales son inequ\u00edvocas. La m\u00e1s aberrante alerta sobre el final de esta causa, fue la marcada diferencia entre el ex presidente y las familias espiadas ilegalmente. Al procesado se lo atiende hasta en s\u00e1bado a la noche. A esta querella de la ignora\u00bb, sostuvo la abogada Valeria Carreras en di\u00e1logo con T\u00e9lam.<\/p>\n<blockquote class><p>Hace ya m\u00e1s de dos meses el fiscal ante la C\u00e1mara Federal porte\u00f1a, Jos\u00e9 Luis Ag\u00fcero Iturbe, dictamin\u00f3 que corresponde anular el procesamiento Macri, tal como lo reclama el abogado Pablo Lanusse, que defiende al expresidente<\/p><\/blockquote>\n<p><strong>\u00abQuiz\u00e1s estemos frente al tiro del final sobre la verdad, sobre la justicia y sobre las familias que represento, volviendo a re victimizarlas<\/strong>, si se sobresee a los procesados. Sin embargo, no dejar\u00e1n las familias de arbitrar cada medio y cada instancia, hasta la v\u00eda internacional. No podr\u00e1n hacerles m\u00e1s da\u00f1o que ya se les hizo. No podr\u00e1n evitar que sigan su v\u00eda crucis ante la justicia. Tienen las pruebas y han demostrado luchar con las manos llenas de dignidad\u00bb, remarc\u00f3.<\/p>\n<p>Hace ya m\u00e1s de dos meses el fiscal ante la C\u00e1mara Federal porte\u00f1a, Jos\u00e9 Luis Ag\u00fcero Iturbe, dictamin\u00f3 que corresponde anular el procesamiento Macri, tal como lo reclama el abogado Pablo Lanusse, que defiende al expresidente.<\/p>\n<p>El fiscal sostuvo que en el acto de la indagatoria, a Macri \u00abno le fue impuesta la prueba existente en su contra\u00bb por lo que no se le habr\u00eda dado la posibilidad de rebatirla oportunamente: en funci\u00f3n de esto, <strong>reclam\u00f3&nbsp; la nulidad del procesamiento y la convocatoria a una nueva indagatoria.<\/strong> <\/p>\n","protected":false},"excerpt":{"rendered":"<p>El expresidente est\u00e1 acusado de espiar a los familiares de las v\u00edctimas del hundimiento del submarino ARA San Juan ocurrido durante su gobierno. Foto: Juan Gens. La C\u00e1mara Federal porte\u00f1a prev\u00e9 resolver la semana pr\u00f3xima, antes de la feria judicial, si confirma o revoca el procesamiento del expresidente Mauricio Macri en la causa que se [&hellip;]<\/p>\n","protected":false},"author":1,"featured_media":44423,"comment_status":"open","ping_status":"closed","sticky":false,"template":"","format":"standard","meta":[],"categories":[19],"tags":[],"_links":{"self":[{"href":"http:\/\/hoycordobaweb.com\/index.php\/wp-json\/wp\/v2\/posts\/44422"}],"collection":[{"href":"http:\/\/hoycordobaweb.com\/index.php\/wp-json\/wp\/v2\/posts"}],"about":[{"href":"http:\/\/hoycordobaweb.com\/index.php\/wp-json\/wp\/v2\/types\/post"}],"author":[{"embeddable":true,"href":"http:\/\/hoycordobaweb.com\/index.php\/wp-json\/wp\/v2\/users\/1"}],"replies":[{"embeddable":true,"href":"http:\/\/hoycordobaweb.com\/index.php\/wp-json\/wp\/v2\/comments?post=44422"}],"version-history":[{"count":0,"href":"http:\/\/hoycordobaweb.com\/index.php\/wp-json\/wp\/v2\/posts\/44422\/revisions"}],"wp:featuredmedia":[{"embeddable":true,"href":"http:\/\/hoycordobaweb.com\/index.php\/wp-json\/wp\/v2\/media\/44423"}],"wp:attachment":[{"href":"http:\/\/hoycordobaweb.com\/index.php\/wp-json\/wp\/v2\/media?parent=44422"}],"wp:term":[{"taxonomy":"category","embeddable":true,"href":"http:\/\/hoycordobaweb.com\/index.php\/wp-json\/wp\/v2\/categories?post=44422"},{"taxonomy":"post_tag","embeddable":true,"href":"http:\/\/hoycordobaweb.com\/index.php\/wp-json\/wp\/v2\/tags?post=44422"}],"curies":[{"name":"wp","href":"https:\/\/api.w.org\/{rel}","templated":true}]}}