{"id":44398,"date":"2022-07-09T15:54:57","date_gmt":"2022-07-09T15:54:57","guid":{"rendered":"https:\/\/www.ole.com.ar\/fuera-de-juego\/fanatico-inter-cenizas-estatua-tio_0_fvQhcx0drf.html"},"modified":"2022-07-09T15:54:57","modified_gmt":"2022-07-09T15:54:57","slug":"video-viral-el-fanatico-del-gremio-que-esparcio-las-cenizas-de-su-tio-en-las-puertas-del-estadio-de-inter","status":"publish","type":"post","link":"http:\/\/hoycordobaweb.com\/index.php\/2022\/07\/09\/video-viral-el-fanatico-del-gremio-que-esparcio-las-cenizas-de-su-tio-en-las-puertas-del-estadio-de-inter\/","title":{"rendered":"Video viral: el fan\u00e1tico del Gremio que esparci\u00f3 las cenizas de su t\u00edo en las puertas del estadio de Inter"},"content":{"rendered":"<p><img src=\"http:\/\/hoycordobaweb.com\/wp-content\/uploads\/2022\/07\/video-viral-el-fanatico-del-gremio-que-esparcio-las-cenizas-de-su-tio-en-las-puertas-del-estadio-de-inter.jpg\"><\/p>\n<p>Porto Alegre tiene a la gran mayor\u00eda de sus habitantes divididos en dos: por un lado est\u00e1n los fan\u00e1ticos del Internacional y por otro los de Gremio. Sin embargo, hubo una escena en la Copa Sudamericana que caus\u00f3 conmoci\u00f3n en redes sociales ya que un fan\u00e1tico del Tricolor decidi\u00f3 ir a la cancha rival para esparcir las cenizas de su t\u00edo fallecido.<\/p>\n<div class=\"sp__SM\">\n<div class=\"content-new \">\n<span class=\"tit-mobile\">Mir\u00e1 tambi\u00e9n<\/span><\/p>\n<div class=\"mg\">\n<div class=\"wrap-figure\">\n<picture>\n<a href=\"https:\/\/www.ole.com.ar\/futbol-internacional\/sudamericana\/edenilson-inter-sudamericana_0_8UOKZ8OE65.html\" target=\"_self\" rel=\"noopener noreferrer\"><br \/>\n<img class=\"img-responsive\" alt=\"Le dijeron macaco y festej\u00f3 con el gesto anti racismo\" src=\"http:\/\/hoycordobaweb.com\/wp-content\/uploads\/2022\/07\/video-viral-el-fanatico-del-gremio-que-esparcio-las-cenizas-de-su-tio-en-las-puertas-del-estadio-de-inter-2.jpg\" loading=\"lazy\"><br \/>\n<\/a>\n<\/picture>\n<\/div>\n<\/div><\/div>\n<\/div>\n<p>En la previa al partido por los octavos de final ante Colo Colo, amigos y familiares de Paulo decidieron tirar sus restos luego de que falleciera el mes pasado a causa de un linfoma. Sin embargo, lo curioso es que este hincha hizo que el hijo de su mejor amigo, Lucas Ramos hincha de Gremio, <strong>pudiera acercarse al Beira-Rio en honor a su \u00abt\u00edo\u00bb y achicar la grieta entre amos conjuntos.<\/strong><\/p>\n<div class=\"sp__SM\">\n<div class=\"content-new \">\n<span class=\"tit-mobile\">Mir\u00e1 tambi\u00e9n<\/span><\/p>\n<div class=\"mg\">\n<div class=\"wrap-figure\">\n<picture>\n<a href=\"https:\/\/www.ole.com.ar\/futbol-internacional\/sudamericana\/sudamericana-colo-colo-inter-_0_RHIEJVwHaM.html\" target=\"_self\" rel=\"noopener noreferrer\"><br \/>\n<img class=\"img-responsive\" alt=\"Colo Colo le gan\u00f3 a Internacional con dos goles de argentinos\" src=\"http:\/\/hoycordobaweb.com\/wp-content\/uploads\/2022\/07\/video-viral-el-fanatico-del-gremio-que-esparcio-las-cenizas-de-su-tio-en-las-puertas-del-estadio-de-inter-3.jpg\" loading=\"lazy\"><br \/>\n<\/a>\n<\/picture>\n<\/div>\n<\/div><\/div>\n<\/div>\n<p>\u201cNuestras familias son unidas y cuando el t\u00edo se enter\u00f3 que ten\u00eda c\u00e1ncer, nos unimos a\u00fan m\u00e1s. Fuimos con siete personas al partido, porque el t\u00edo Paulo amaba mucho al Inter y, cuando lleg\u00f3, Arthur (hijo del fallecido) reparti\u00f3 bolsitas con las cenizas. <strong>Tuve la idea de ponerlo a los pies de Fernand\u00e3o y ni siquiera imaginen que la historia tomar\u00eda esta dimensi\u00f3n\u201d, <\/strong>cont\u00f3 en una entrevista con el portal de noticias brasile\u00f1o Globo.<\/p>\n<div class=\"sp__Normal htmlLibre\">\n<div class=\"embed-responsive-c\" readability=\"9.3632478632479\">\n<blockquote class=\"twitter-tweet\" readability=\"12.48433048433\">\n<p lang=\"pt\" dir=\"ltr\">OBRIGADO TIO PAULO!<br \/>Um amigo, MUITO gremista, foi ao jogo ontem, seu tio Colorado faleceu semana passada.<br \/>Em homenagem ao tio, suas cinzas, aos p\u00e9s da est\u00e1tua do Fernand\u00e3o! Isso \u00e9 FUTEBOL!<br \/>Emocionante.<br \/>Lucas me disse: \u00abHoje vou torcer pra voc\u00eas, meu tio veio e vcs v\u00e3o passar\u00bb. <a href=\"https:\/\/t.co\/ihGPFW0146\">pic.twitter.com\/ihGPFW0146<\/a><\/p>\n<p>\u2014 Bruno Voutto (@Brunovoutto) <a href=\"https:\/\/twitter.com\/Brunovoutto\/status\/1544729366843850761?ref_src=twsrc%5Etfw\">July 6, 2022<\/a><\/p><\/blockquote><\/div>\n<\/div>\n<p>El video r\u00e1pidamente se volvi\u00f3 viral en redes sociales, y en medio del impactante recibimiento de los hinchas de Inter a pura bengalas rojas, apareci\u00f3 esta emotiva escena. <mark><strong>\u00abSoy de Gr\u00eamio, pero fui al estadio con mi padre por mi t\u00edo. La idea de ir al Beira-Rio vino de mi padre, y fuimos todos juntos. El equipo del t\u00edo Paulo\u00bb<\/strong><\/mark>, coment\u00f3 Lucas Ramos.<\/p>\n<div class=\"sp__SM\">\n<div class=\"content-new \">\n<span class=\"tit-mobile\">Mir\u00e1 tambi\u00e9n<\/span><\/p>\n<div class=\"mg\">\n<div class=\"wrap-figure\">\n<picture>\n<a href=\"https:\/\/www.ole.com.ar\/velez\/medina-velez-vaccari_0_PZe0qoP7eM.html\" target=\"_self\" rel=\"noopener noreferrer\"><br \/>\n<img class=\"img-responsive\" alt=\"El proyecto de V\u00e9lez: Medina en Primera y Vaccari en Reserva\" src=\"http:\/\/hoycordobaweb.com\/wp-content\/uploads\/2022\/07\/video-viral-el-fanatico-del-gremio-que-esparcio-las-cenizas-de-su-tio-en-las-puertas-del-estadio-de-inter-4.jpg\" loading=\"lazy\"><br \/>\n<\/a>\n<\/picture>\n<\/div>\n<\/div><\/div>\n<\/div>\n<p>\u201cEstuvimos muy emocionados en el estadio y nos quedamos en el partido m\u00e1s all\u00e1 de lo que hab\u00edamos previsto\u201d, agreg\u00f3. <strong>\u00abLucas es muy, muy Gr\u00eamio y verlo en Beira-Rio, en medio de las Ruas de Fogo, por mi padre es algo que me conmovi\u00f3&#8230; Fue realmente hermoso\u00bb<\/strong>, cont\u00f3 Arthur.<\/p>\n<div class=\"sp__SM\">\n<div class=\"content-new \">\n<span class=\"tit-mobile\">Mir\u00e1 tambi\u00e9n<\/span><\/p>\n<div class=\"mg\">\n<div class=\"wrap-figure\">\n<picture>\n<a href=\"https:\/\/www.ole.com.ar\/futbol-internacional\/america\/boicot-derechos-imagen-taison-capitan_0_QPRVd0bGDR.html\" target=\"_self\" rel=\"noopener noreferrer\"><br \/>\n<img class=\"img-responsive\" alt=\"Crisis en el Inter de Porto Alegre: los jugadores armaron un &quot;boicot&quot;\" src=\"http:\/\/hoycordobaweb.com\/wp-content\/uploads\/2022\/07\/video-viral-el-fanatico-del-gremio-que-esparcio-las-cenizas-de-su-tio-en-las-puertas-del-estadio-de-inter-5.jpg\" loading=\"lazy\"><br \/>\n<\/a>\n<\/picture>\n<\/div>\n<\/div><\/div>\n<\/div>\n<p>Y concluy\u00f3: \u00abTodo ese ambiente por el Inter y por el nuestro, por el padre, era inexplicable. Tir\u00e9 las cenizas en el estadio. Me desped\u00ed de \u00e9l con el Inter. All\u00ed vivimos muchas cosas. Adem\u00e1s de padre e hijo, \u00e9ramos mejores amigos. Y&nbsp;fue algo as\u00ed&#8230; <strong>Fue algo que hice para dejar al padre donde le gustaba estar\u201d.<\/strong><\/p>\n<div class=\"entry-tags\">\n<h2>TEMAS QUE APARECEN EN ESTA NOTA<\/h2>\n<\/p><\/div>\n","protected":false},"excerpt":{"rendered":"<p>Porto Alegre tiene a la gran mayor\u00eda de sus habitantes divididos en dos: por un lado est\u00e1n los fan\u00e1ticos del Internacional y por otro los de Gremio. Sin embargo, hubo una escena en la Copa Sudamericana que caus\u00f3 conmoci\u00f3n en redes sociales ya que un fan\u00e1tico del Tricolor decidi\u00f3 ir a la cancha rival para [&hellip;]<\/p>\n","protected":false},"author":1,"featured_media":44399,"comment_status":"open","ping_status":"closed","sticky":false,"template":"","format":"standard","meta":[],"categories":[16],"tags":[],"_links":{"self":[{"href":"http:\/\/hoycordobaweb.com\/index.php\/wp-json\/wp\/v2\/posts\/44398"}],"collection":[{"href":"http:\/\/hoycordobaweb.com\/index.php\/wp-json\/wp\/v2\/posts"}],"about":[{"href":"http:\/\/hoycordobaweb.com\/index.php\/wp-json\/wp\/v2\/types\/post"}],"author":[{"embeddable":true,"href":"http:\/\/hoycordobaweb.com\/index.php\/wp-json\/wp\/v2\/users\/1"}],"replies":[{"embeddable":true,"href":"http:\/\/hoycordobaweb.com\/index.php\/wp-json\/wp\/v2\/comments?post=44398"}],"version-history":[{"count":0,"href":"http:\/\/hoycordobaweb.com\/index.php\/wp-json\/wp\/v2\/posts\/44398\/revisions"}],"wp:featuredmedia":[{"embeddable":true,"href":"http:\/\/hoycordobaweb.com\/index.php\/wp-json\/wp\/v2\/media\/44399"}],"wp:attachment":[{"href":"http:\/\/hoycordobaweb.com\/index.php\/wp-json\/wp\/v2\/media?parent=44398"}],"wp:term":[{"taxonomy":"category","embeddable":true,"href":"http:\/\/hoycordobaweb.com\/index.php\/wp-json\/wp\/v2\/categories?post=44398"},{"taxonomy":"post_tag","embeddable":true,"href":"http:\/\/hoycordobaweb.com\/index.php\/wp-json\/wp\/v2\/tags?post=44398"}],"curies":[{"name":"wp","href":"https:\/\/api.w.org\/{rel}","templated":true}]}}