{"id":44396,"date":"2022-07-09T16:01:50","date_gmt":"2022-07-09T16:01:50","guid":{"rendered":"https:\/\/www.ole.com.ar\/futbol-internacional\/italia\/di-maria-explico-22-camiseta-juventus_0_vQgRE1oY6d.html"},"modified":"2022-07-09T16:01:50","modified_gmt":"2022-07-09T16:01:50","slug":"los-motivos-de-di-maria-para-elegir-la-22-de-la-juventus","status":"publish","type":"post","link":"http:\/\/hoycordobaweb.com\/index.php\/2022\/07\/09\/los-motivos-de-di-maria-para-elegir-la-22-de-la-juventus\/","title":{"rendered":"Los motivos de Di Mar\u00eda para elegir la 22 de la Juventus"},"content":{"rendered":"<p><img src=\"http:\/\/hoycordobaweb.com\/wp-content\/uploads\/2022\/07\/los-motivos-de-di-maria-para-elegir-la-22-de-la-juventus.jpg\"><\/p>\n<p>No pod\u00eda ser de otra manera. <a alt=\"angel-di-maria\" class=\"slug\" href=\"https:\/\/www.ole.com.ar\/tema\/angel-di-maria.html\" target=\"_blank\" title=\"angel-di-maria\" rel=\"noopener noreferrer\">\u00c1ngel Di Mar\u00eda<\/a> tiene nuevo equipo y ten\u00eda que ser uno top. El jueves lleg\u00f3 a Tur\u00edn y<strong><a data-cke-saved-href=\"https:\/\/www.ole.com.ar\/futbol-internacional\/italia\/di-maria-revision-medica-multitud_0_4n1cSRvxQw.html\" target=\"_blank\" href=\"https:\/\/www.ole.com.ar\/futbol-internacional\/italia\/di-maria-revision-medica-multitud_0_4n1cSRvxQw.html\" rel=\"noopener noreferrer\"> el viernes se hizo oficial su firma de contrato con la Juventus,<\/a><\/strong> el equipo con m\u00e1s t\u00edtulos de Italia. \u201cSignifica todo. He estado en cada pa\u00eds en el mejor equipo y me faltaba el mejor de Italia. Y el mejor de Italia es la Juve, el m\u00e1s grande. Ten\u00eda mucha ilusi\u00f3n, muchas ganas de venir\u201d, confes\u00f3 el rosarino, ya con la camiseta bianconera, que <strong>ahora lucir\u00e1 un nuevo dorsal.<\/strong><\/p>\n<div class=\"sp__SM\">\n<div class=\"content-new \">\n<span class=\"tit-mobile\">Mir\u00e1 tambi\u00e9n<\/span><\/p>\n<div class=\"mg\">\n<div class=\"wrap-figure\">\n<picture>\n<a href=\"https:\/\/www.ole.com.ar\/futbol-internacional\/italia\/juventus-presento-pogba-di-maria_0_Rmw3RFzYuV.html\" target=\"_self\" rel=\"noopener noreferrer\"><br \/>\n<img class=\"img-responsive\" alt=\"La S\u00faper Juventus: Pogba se sum\u00f3 a Di Mar\u00eda\" src=\"http:\/\/hoycordobaweb.com\/wp-content\/uploads\/2022\/07\/los-motivos-de-di-maria-para-elegir-la-22-de-la-juventus-2.jpg\" loading=\"lazy\"><br \/>\n<\/a>\n<\/picture>\n<\/div>\n<\/div><\/div>\n<\/div>\n<p>Despu\u00e9s de dejar Rosario Central en 2007, el Fideo pas\u00f3 por Benfica en Portugal, Real Madrid en Espa\u00f1a, Manchester United en Inglaterra y PSG en Francia. Por eso, ahora eligi\u00f3 a la Vecchia Signora despu\u00e9s de haber quedado libre. \u201c<strong>Sab\u00eda que la Juve la temporada pasada no pudo ganar el Scudetto y perdi\u00f3 la Copa Italia, por eso tambi\u00e9n la motivaci\u00f3n de volver a conseguir todo. Por eso di el s\u00ed<\/strong>\u201d, explic\u00f3 una decisi\u00f3n que se ve\u00eda venir.<\/p>\n<p>Cuando todav\u00eda no hab\u00eda vencido su v\u00ednculo en Par\u00eds, el zurdo ya segu\u00eda a la Juventus en Instagram y hasta le puso un \u2018like\u2019 a la nueva casaca. Seguir\u00e1 en un club top como quer\u00eda para prepararse de la mejor manera para el Mundial en noviembre. <strong>Y firm\u00f3 por un a\u00f1o, pensando en pegar la vuelta a Central en 2023.<\/strong><\/p>\n<div class=\"sp__SM\">\n<div class=\"content-new \">\n<span class=\"tit-mobile\">Mir\u00e1 tambi\u00e9n<\/span><\/p>\n<div class=\"mg\">\n<div class=\"wrap-figure\">\n<picture>\n<a href=\"https:\/\/www.ole.com.ar\/futbol-internacional\/inglaterra\/cuti-romero-richarlison-encuentro-ole_0_YccTic6bNY.html\" target=\"_self\" rel=\"noopener noreferrer\"><br \/>\n<img class=\"img-responsive\" alt=\"El encuentro entre Cuti con Richarlison y el gui\u00f1o para Ol\u00e9: &quot;Ahora amigos&quot;\" src=\"http:\/\/hoycordobaweb.com\/wp-content\/uploads\/2022\/07\/los-motivos-de-di-maria-para-elegir-la-22-de-la-juventus-3.jpg\" loading=\"lazy\"><br \/>\n<\/a>\n<\/picture>\n<\/div>\n<\/div><\/div>\n<\/div>\n<p>En Tur\u00edn caus\u00f3 una revoluci\u00f3n. Es el primer refuerzo y explic\u00f3 el n\u00famero de camiseta que eligi\u00f3: <strong>\u201cEl 22 lo us\u00e9 en el <a alt=\"real-madrid\" class=\"slug\" href=\"https:\/\/www.ole.com.ar\/tema\/real-madrid.html\" target=\"_blank\" title=\"real-madrid\" rel=\"noopener noreferrer\">Real Madrid<\/a>, me record\u00f3 el haber ganado la <a alt=\"champions-league\" class=\"slug\" href=\"https:\/\/www.ole.com.ar\/tema\/champions-league.html\" target=\"_blank\" title=\"champions-league\" rel=\"noopener noreferrer\">Champions<\/a>. S\u00e9 que la Juve pelea por la Champions y el n\u00famero estaba libre. La camiseta es blanca con negro, los colores que le gustan a mi mujer. Adem\u00e1s, el 22 es importante por otra raz\u00f3n: es el d\u00eda que naci\u00f3 mi hija m\u00e1s grande\u201d. <\/strong><\/p>\n<p><strong>La Orejona fue justamente lo que le pidieron los tifosi una vez que sali\u00f3 a firmar aut\u00f3grafos.<\/strong> \u201cA los fans lo \u00fanico que les puedo prometer es mi esfuerzo, sacrificio, mentalidad de querer ganar y que voy a dejar todo dentro de la cancha, eso jam\u00e1s va a faltar, ojal\u00e1 podamos lograr todos los t\u00edtulos\u201d, cerr\u00f3 el Fideo, de 34 a\u00f1os. El \u00c1ngel de Tur\u00edn.<\/p>\n<h2><strong>La llegada y su primera nota<\/strong><\/h2>\n<div class=\"entry-tags\">\n<h2>TEMAS QUE APARECEN EN ESTA NOTA<\/h2>\n<\/p><\/div>\n","protected":false},"excerpt":{"rendered":"<p>No pod\u00eda ser de otra manera. \u00c1ngel Di Mar\u00eda tiene nuevo equipo y ten\u00eda que ser uno top. El jueves lleg\u00f3 a Tur\u00edn y el viernes se hizo oficial su firma de contrato con la Juventus, el equipo con m\u00e1s t\u00edtulos de Italia. \u201cSignifica todo. He estado en cada pa\u00eds en el mejor equipo y [&hellip;]<\/p>\n","protected":false},"author":1,"featured_media":44397,"comment_status":"open","ping_status":"closed","sticky":false,"template":"","format":"standard","meta":[],"categories":[16],"tags":[],"_links":{"self":[{"href":"http:\/\/hoycordobaweb.com\/index.php\/wp-json\/wp\/v2\/posts\/44396"}],"collection":[{"href":"http:\/\/hoycordobaweb.com\/index.php\/wp-json\/wp\/v2\/posts"}],"about":[{"href":"http:\/\/hoycordobaweb.com\/index.php\/wp-json\/wp\/v2\/types\/post"}],"author":[{"embeddable":true,"href":"http:\/\/hoycordobaweb.com\/index.php\/wp-json\/wp\/v2\/users\/1"}],"replies":[{"embeddable":true,"href":"http:\/\/hoycordobaweb.com\/index.php\/wp-json\/wp\/v2\/comments?post=44396"}],"version-history":[{"count":0,"href":"http:\/\/hoycordobaweb.com\/index.php\/wp-json\/wp\/v2\/posts\/44396\/revisions"}],"wp:featuredmedia":[{"embeddable":true,"href":"http:\/\/hoycordobaweb.com\/index.php\/wp-json\/wp\/v2\/media\/44397"}],"wp:attachment":[{"href":"http:\/\/hoycordobaweb.com\/index.php\/wp-json\/wp\/v2\/media?parent=44396"}],"wp:term":[{"taxonomy":"category","embeddable":true,"href":"http:\/\/hoycordobaweb.com\/index.php\/wp-json\/wp\/v2\/categories?post=44396"},{"taxonomy":"post_tag","embeddable":true,"href":"http:\/\/hoycordobaweb.com\/index.php\/wp-json\/wp\/v2\/tags?post=44396"}],"curies":[{"name":"wp","href":"https:\/\/api.w.org\/{rel}","templated":true}]}}