{"id":44369,"date":"2022-07-08T17:57:00","date_gmt":"2022-07-08T17:57:00","guid":{"rendered":"http:\/\/hoycordobaweb.com\/index.php\/2022\/07\/08\/revelan-audios-de-villa-hablando-de-un-soborno-para-evitar-la-denuncia\/"},"modified":"2022-07-08T17:57:00","modified_gmt":"2022-07-08T17:57:00","slug":"revelan-audios-de-villa-hablando-de-un-soborno-para-evitar-la-denuncia","status":"publish","type":"post","link":"http:\/\/hoycordobaweb.com\/index.php\/2022\/07\/08\/revelan-audios-de-villa-hablando-de-un-soborno-para-evitar-la-denuncia\/","title":{"rendered":"Revelan audios de Villa hablando de un soborno para evitar la denuncia"},"content":{"rendered":"<p><img src=\"http:\/\/hoycordobaweb.com\/wp-content\/uploads\/2022\/07\/revelan-audios-de-villa-hablando-de-un-soborno-para-evitar-la-denuncia.jpg\"><\/p>\n<figure class=\"mb-3\"><img loading=\"lazy\" src=\"http:\/\/hoycordobaweb.com\/wp-content\/uploads\/2022\/07\/revelan-audios-de-villa-hablando-de-un-soborno-para-evitar-la-denuncia-2.jpg\" width=\"100%\" height=\"100%\" alt=\"Nueva pruebas complican a Villa en la causa por abuso Foto Archivo\"><figcaption> Nueva pruebas complican a Villa en la causa por abuso \/ Foto: Archivo. <\/figcaption><\/figure>\n<p>Un audio y un video fueron incorporados a la causa que investiga al futbolista Sebasti\u00e1n Villa por la supuesta violaci\u00f3n de una joven de 26 a\u00f1os en junio 2021 en un country de la localidad bonaerense de Canning, donde se escucha al jugador de Boca hablando con ella sobre un \u201ctrato\u201d, en supuesta alusi\u00f3n a que no lo denuncie a cambio de una suma de dinero.<\/p>\n<p><strong>\u201cSupuestamente cerramos. Hicimos un trato, \u00bfno?\u201d<\/strong>, se le escucha decir a Villa a Tamara Dold\u00e1n en un video, al que tuvo acceso T\u00e9lam, que fue grabado por la v\u00edctima durante un encuentro dos d\u00edas despu\u00e9s del hecho denunciado, en un restaurante del barrio porte\u00f1o de Puerto Madero.<\/p>\n<p>Luego de hacerle esa pregunta, el futbolista colombiano, quien no se ve en im\u00e1genes ya que la c\u00e1mara del tel\u00e9fono apunta al techo, agrega:<strong> \u201cUsted es una mujer de palabra, \u00bfno? Yo soy un hombre de palabra\u201d<\/strong>.<\/p>\n<p>Ese video de 53 segundos surgi\u00f3 de una filmaci\u00f3n hecha a escondidas por Dold\u00e1n, durante una charla que mantuvo con Villa el 28 de junio de 2021 en el restaurant \u201cLa Parolaccia\u201d, ubicado en el mencionado barrio de la Ciudad de Buenos Aires.<\/p>\n<p>Antes de esa situaci\u00f3n, Villa le hab\u00eda enviado un audio a Tamara insisti\u00e9ndole para que vayan a cenar.<\/p>\n<p><strong>\u201cYo no soy as\u00ed, sab\u00e9s que te quiero mucho. Ve\u00e1monos y hablemos por favor\u201d<\/strong>, le rog\u00f3 el futbolista en un audio enviado a trav\u00e9s de Whatsapp previo al encuentro.<\/p>\n<p>Por su parte, fuentes judiciales confirmaron a T\u00e9lam que <strong>las grabaciones ya fueron incorporadas al expediente<\/strong> que tiene a su cargo la fiscal Vanesa Gonz\u00e1lez, a cargo de la Unidad Funcional de Instrucci\u00f3n (UFI) 3 Especializada en Violencia de G\u00e9nero de Esteban Echeverr\u00eda, en la cual Villa est\u00e1 acusado por el delito de \u00ababuso sexual con acceso carnal\u00bb, que prev\u00e9 una pena de 15 a\u00f1os de prisi\u00f3n.<\/p>\n<p><strong>Estas filmaciones se dan a conocer una semana despu\u00e9s de la declaraci\u00f3n indagatoria del futbolista, tras la cual denunci\u00f3 por falso testimonio a Dold\u00e1n y solicit\u00f3 ser aceptado como particular damnificado en la causa en la que se lo investiga.<\/strong><\/p>\n<p>Durante la indagatoria, Villa asegur\u00f3 que es inocente y que \u201cnunca\u201d abusar\u00eda de una mujer.<\/p>\n<p>\u201cNunca he cometido el hecho que usted me ley\u00f3, yo soy una persona tranquila, nunca abusar\u00eda de una mujer, porque yo vengo de una mujer\u201d explic\u00f3 el pasado 30 de junio a la fiscal Gonz\u00e1lez.<\/p>\n<p>Respecto a la denuncia que present\u00f3 Villa contra Dold\u00e1n por falso testimonio, fuentes judiciales confirmaron a T\u00e9lam que si bien fue radicada por los abogados del futbolista ante la UFI 1 de Lomas de Zamora, a cargo de Andr\u00e9s Devoto, este fiscal se declar\u00f3 incompetente y la remiti\u00f3 a la misma fiscal\u00eda que investiga el abuso sexual.<\/p>\n<p><strong>La joven Dold\u00e1n denunci\u00f3 al delantero colombiano el 13 de mayo \u00faltimo y cont\u00f3 que el hecho ocurri\u00f3 el 26 de junio del a\u00f1o pasado en la casa que Villa alquilaba en el country \u00abVenados II\u00bb de la localidad de Canning.<\/strong><\/p>\n<p>Seg\u00fan la v\u00edctima, esa noche el futbolista hab\u00eda consumido \u00abmucho alcohol\u00bb y comenz\u00f3 a reprocharle que sospechaba que le gustaban o que hab\u00eda estado con otros jugadores del plantel.<\/p>\n<p>Tras mantener una fuerte discusi\u00f3n, la joven dijo que Villa la encerr\u00f3 en una habitaci\u00f3n, abus\u00f3 sexualmente de ella y la intent\u00f3 sofocar.<\/p>\n<p>La fiscal ya pidi\u00f3 en una oportunidad la detenci\u00f3n de Villa el pasado 7 de junio, pero el juez de Garant\u00edas 2 de Lomas de Zamora, Javier Maffucci Moore, rechaz\u00f3 el planteo y le exigi\u00f3 a la fiscal\u00eda que profundice la investigaci\u00f3n.<\/p>\n","protected":false},"excerpt":{"rendered":"<p>Nueva pruebas complican a Villa en la causa por abuso \/ Foto: Archivo. Un audio y un video fueron incorporados a la causa que investiga al futbolista Sebasti\u00e1n Villa por la supuesta violaci\u00f3n de una joven de 26 a\u00f1os en junio 2021 en un country de la localidad bonaerense de Canning, donde se escucha al [&hellip;]<\/p>\n","protected":false},"author":1,"featured_media":44370,"comment_status":"open","ping_status":"closed","sticky":false,"template":"","format":"standard","meta":[],"categories":[19],"tags":[],"_links":{"self":[{"href":"http:\/\/hoycordobaweb.com\/index.php\/wp-json\/wp\/v2\/posts\/44369"}],"collection":[{"href":"http:\/\/hoycordobaweb.com\/index.php\/wp-json\/wp\/v2\/posts"}],"about":[{"href":"http:\/\/hoycordobaweb.com\/index.php\/wp-json\/wp\/v2\/types\/post"}],"author":[{"embeddable":true,"href":"http:\/\/hoycordobaweb.com\/index.php\/wp-json\/wp\/v2\/users\/1"}],"replies":[{"embeddable":true,"href":"http:\/\/hoycordobaweb.com\/index.php\/wp-json\/wp\/v2\/comments?post=44369"}],"version-history":[{"count":0,"href":"http:\/\/hoycordobaweb.com\/index.php\/wp-json\/wp\/v2\/posts\/44369\/revisions"}],"wp:featuredmedia":[{"embeddable":true,"href":"http:\/\/hoycordobaweb.com\/index.php\/wp-json\/wp\/v2\/media\/44370"}],"wp:attachment":[{"href":"http:\/\/hoycordobaweb.com\/index.php\/wp-json\/wp\/v2\/media?parent=44369"}],"wp:term":[{"taxonomy":"category","embeddable":true,"href":"http:\/\/hoycordobaweb.com\/index.php\/wp-json\/wp\/v2\/categories?post=44369"},{"taxonomy":"post_tag","embeddable":true,"href":"http:\/\/hoycordobaweb.com\/index.php\/wp-json\/wp\/v2\/tags?post=44369"}],"curies":[{"name":"wp","href":"https:\/\/api.w.org\/{rel}","templated":true}]}}