{"id":44341,"date":"2022-07-08T11:12:38","date_gmt":"2022-07-08T11:12:38","guid":{"rendered":"https:\/\/manoamanocba.com.ar\/?p=5507"},"modified":"2022-07-08T11:12:38","modified_gmt":"2022-07-08T11:12:38","slug":"vacaciones-en-la-plaza-cielo-tierra-de-cordoba","status":"publish","type":"post","link":"http:\/\/hoycordobaweb.com\/index.php\/2022\/07\/08\/vacaciones-en-la-plaza-cielo-tierra-de-cordoba\/","title":{"rendered":"Vacaciones en la Plaza Cielo Tierra de C\u00f3rdoba"},"content":{"rendered":"<div><img src=\"http:\/\/hoycordobaweb.com\/wp-content\/uploads\/2022\/07\/vacaciones-en-la-plaza-cielo-tierra-de-cordoba.jpg\" class=\"ff-og-image-inserted\"><\/div>\n<p>El centro de ciencias del Ministerio de Educaci\u00f3n y la Universidad Nacional de C\u00f3rdoba,&nbsp;<strong>Plaza Cielo Tierra<\/strong>, propone para estas vacaciones de invierno&nbsp;<strong>talleres gratuitos<\/strong>&nbsp;para todas las edades que se estar\u00e1n desarrollando&nbsp;<strong>desde el viernes 8 de julio hasta el domingo 24 de julio<\/strong>, en su edificio ubicado en el Parque de las Tejas \u2013 Nueva C\u00f3rdoba.<\/p>\n<p>Adem\u00e1s,&nbsp;<strong>sumar\u00e1n horarios<\/strong>&nbsp;por la ma\u00f1ana y por la tarde para disfrutar de la tradicional&nbsp;<strong>visita guiada<\/strong>&nbsp;y una funci\u00f3n en el&nbsp;<strong>Planetario Julio Verne<\/strong>.<\/p>\n<p><strong>Talleres de invierno<\/strong><\/p>\n<p>Para participar de los encuentros gratuitos se debe realizar una inscripci\u00f3n previa en&nbsp;<a href=\"http:\/\/www.plazacielotierra.org.ar\/\">www.plazacielotierra.org.ar<\/a>&nbsp;teniendo en cuenta que la misma se habilita el d\u00eda previo a cada taller y son informadas a trav\u00e9s del instagram de la Plaza (<a href=\"https:\/\/www.instagram.com\/plazacielotierra\/\">@plazacielotierra<\/a>).<\/p>\n<p>Hasta el momento, hay una amplia variedad de talleres confirmados: Fluo Kids , Taller de Paleontolog\u00eda, Taller Luz y Oscuridad en la Luna, Taller de Aves, Jornadas de Observaci\u00f3n Lunar, Taller b\u00e1sico para armado, montaje y manejo de telescopios, Taller de constelaciones astron\u00f3micas para los m\u00e1s peque\u00f1os, Taller: \u201cEntre Aromas y Plantas: aprendiendo sobre el cultivo sustentable de plantas arom\u00e1ticas), Taller de Reloj Constelaciones.<\/p>\n<p><strong>Visitas guiadas<\/strong><\/p>\n<p>Tienen una duraci\u00f3n de 1 hora y media. Quienes deseen participar de esta actividad, deben inscribirse previamente en&nbsp;<a href=\"http:\/\/www.plazacielotierra.org.ar\/\">www.plazacielotierra.org.ar<\/a>. Los turneros se habilitan los d\u00edas lunes y jueves en&nbsp;<a href=\"https:\/\/www.eventbrite.com.ar\/o\/plaza-cielo-tierra-32943645501\">este link<\/a>.<\/p>\n<p>El recorrido incluye: Funci\u00f3n Astron\u00f3mica en Planetario, Recorrido por el parque exterior (Astroparque, Plaza Did\u00e1ctica, Geoparque), Recorrido por el edificio, Funci\u00f3n astron\u00f3mica 360\u00b0 y Muestra espacial de sat\u00e9lites argentinos de CONAE.<\/p>\n<p><strong>Cronograma de talleres<\/strong><\/p>\n<p><strong>-Fluo Kids<\/strong><\/p>\n<p><em>Duraci\u00f3n: 1:30 hs \u2013 Tallerista: Florencia Carrizo<\/em><\/p>\n<p>S\u00e1bado 16 de Julio a las 11 hs, 14 hs y 16:30 hs<\/p>\n<p>Domingo 17 de Julio a las 11 hs, 14 hs y 16:30 hs<\/p>\n<p>Mi\u00e9rcoles 20 de Julio a las 11 hs, 14 hs y 16:30 hs.<\/p>\n<p>S\u00e1bado 23 de Julio a las 11 hs, 14 hs y 16:30 hs<\/p>\n<p>Domingo 24 de Julio a las 11 hs, 14 hs y 16:30 hs<\/p>\n<p><strong>-Taller de Aves \u2013 Observar para conocer y cuidar<\/strong><\/p>\n<p><em>Duraci\u00f3n: 2 hs. \u2013 Tallerista: Agostina y miembros del grupo Runachay y Fauna<\/em><\/p>\n<p>Lunes 11 de julio \u2013 De 9 a 11 hs<\/p>\n<p>Lunes 18 de julio \u2013 de 9 a 11hs.<\/p>\n<p><strong>-Taller de Paleontolog\u00eda<\/strong><\/p>\n<p><em>Duraci\u00f3n: 2 hs \u2013 Talleristas: Agostina Bordunale y Gisella Carino \u2013 Cupo: 25 \u2013 Edad: 6 a 12 a\u00f1os<\/em><\/p>\n<p>Jueves 14 de Julio a las 15 hs<\/p>\n<p>Viernes 15 de Julio a las 15 hs<\/p>\n<p>Jueves 21 de Julio a las 14 hs<\/p>\n<p>Viernes 22 de Julio a las 15 hs<\/p>\n<p><strong>-Taller Luz y oscuridad en la Luna<\/strong><\/p>\n<p><em>Duraci\u00f3n: 1:30 hs \u2013 Tallerista: Armando Mudrik \u2013 Cupo: 30 personas<\/em><\/p>\n<p>Mi\u00e9rcoles 13 de Julio a las 10:30 hs<\/p>\n<p>Jueves 14 de Julio a las 10:30 hs<\/p>\n<p>Jueves 21 de Julio a las 10:30 hs<\/p>\n<p><strong>-Jornadas de observaci\u00f3n lunar<\/strong><\/p>\n<p><em>Duraci\u00f3n: 45 minutos \u2013 Talleristas: Cristian Andreatta, Giselle Carino, Claudia Herrera y Armando Mudrik \u2013 Cupo: 30 personas<\/em><\/p>\n<p>Viernes 8 de Julio a las 18:30, 19, 19:30, 20, 20:45, 21:15 y 21:45<\/p>\n<p>S\u00e1bado 9 de Julio a las 18:30, 19, 19:30, 20, 20:45, 21:15 y 21:45<\/p>\n<p>Domingo 10 de Julio a las 18:30, 19, 19:30, 20, 20:45, 21:15 y 21:45<\/p>\n<p>Martes 17 de Julio a las 18:30, 19, 19:30, 20, 20:45, 21:15 y 21:45<\/p>\n<p>Mi\u00e9rcoles 13 de Julio a las 18:30, 19, 19:30, 20, 20:45, 21:15 y 21:45<\/p>\n<p><strong>-Taller b\u00e1sico para armado, montaje y manejo de telescopios<\/strong><\/p>\n<p><em>Duraci\u00f3n: 2 hs \u2013 Talleristas: Cristian Andreatta y Claudia Herrera \u2013 Cupo: 25 personas<\/em><\/p>\n<p>Martes 19 de Julio a las 18 hs<\/p>\n<p>Mi\u00e9rcoles 20 de Julio a las 18 hs<\/p>\n<p><strong>-Taller de constelaciones astron\u00f3micas para los m\u00e1s peque\u00f1os<\/strong><\/p>\n<p><em>Duraci\u00f3n: 2 hs \u2013 Tallerista: Cristian Andreatta \u2013 Cupo: 20 ni\u00f1os<\/em><\/p>\n<p>Viernes 15 de Julio a las 10:30 hs<\/p>\n<p>Viernes 22 de Julio a las 10:30 hs<\/p>\n<p><strong>-Taller \u201cEntre aromas y plantas: aprendiendo sobre el cultivo sustentable de plantas arom\u00e1ticas\u201d<\/strong><\/p>\n<p><em>Duraci\u00f3n: 1:30 \u2013 2 hs \u2013 Talleristas: Eleonor Moreschi \u2013 Cupo: 25 personas<\/em><\/p>\n<p>Martes 12 de Julio a las 10:30 hs y 15 hs<\/p>\n<p>Martes 19 de Julio a las 10:30 hs<\/p>\n<p><strong>-Taller Reloj Astron\u00f3mico&nbsp;<\/strong><\/p>\n<p><em>Duraci\u00f3n: 1:30 hs \u2013 Tallerista: Claudia Herrera \u2013 Cupo: 20 \u2013 Edad 8 a 12 a\u00f1os<\/em><\/p>\n<p>Mi\u00e9rcoles 13 de Julio a las 15 hs<\/p>\n<p>Martes 19 de Julio a las 15 hs<\/p>\n","protected":false},"excerpt":{"rendered":"<p>El centro de ciencias del Ministerio de Educaci\u00f3n y la Universidad Nacional de C\u00f3rdoba,&nbsp;Plaza Cielo Tierra, propone para estas vacaciones de invierno&nbsp;talleres gratuitos&nbsp;para todas las edades que se estar\u00e1n desarrollando&nbsp;desde el viernes 8 de julio hasta el domingo 24 de julio, en su edificio ubicado en el Parque de las Tejas \u2013 Nueva C\u00f3rdoba. Adem\u00e1s,&nbsp;sumar\u00e1n [&hellip;]<\/p>\n","protected":false},"author":1,"featured_media":44342,"comment_status":"closed","ping_status":"closed","sticky":false,"template":"","format":"standard","meta":[],"categories":[19],"tags":[],"_links":{"self":[{"href":"http:\/\/hoycordobaweb.com\/index.php\/wp-json\/wp\/v2\/posts\/44341"}],"collection":[{"href":"http:\/\/hoycordobaweb.com\/index.php\/wp-json\/wp\/v2\/posts"}],"about":[{"href":"http:\/\/hoycordobaweb.com\/index.php\/wp-json\/wp\/v2\/types\/post"}],"author":[{"embeddable":true,"href":"http:\/\/hoycordobaweb.com\/index.php\/wp-json\/wp\/v2\/users\/1"}],"replies":[{"embeddable":true,"href":"http:\/\/hoycordobaweb.com\/index.php\/wp-json\/wp\/v2\/comments?post=44341"}],"version-history":[{"count":0,"href":"http:\/\/hoycordobaweb.com\/index.php\/wp-json\/wp\/v2\/posts\/44341\/revisions"}],"wp:featuredmedia":[{"embeddable":true,"href":"http:\/\/hoycordobaweb.com\/index.php\/wp-json\/wp\/v2\/media\/44342"}],"wp:attachment":[{"href":"http:\/\/hoycordobaweb.com\/index.php\/wp-json\/wp\/v2\/media?parent=44341"}],"wp:term":[{"taxonomy":"category","embeddable":true,"href":"http:\/\/hoycordobaweb.com\/index.php\/wp-json\/wp\/v2\/categories?post=44341"},{"taxonomy":"post_tag","embeddable":true,"href":"http:\/\/hoycordobaweb.com\/index.php\/wp-json\/wp\/v2\/tags?post=44341"}],"curies":[{"name":"wp","href":"https:\/\/api.w.org\/{rel}","templated":true}]}}