{"id":44275,"date":"2022-07-06T16:55:00","date_gmt":"2022-07-06T16:55:00","guid":{"rendered":"http:\/\/hoycordobaweb.com\/index.php\/2022\/07\/06\/suben-a-nueve-las-victimas-del-desprendimiento-de-un-glaciar-en-italia\/"},"modified":"2022-07-06T16:55:00","modified_gmt":"2022-07-06T16:55:00","slug":"suben-a-nueve-las-victimas-del-desprendimiento-de-un-glaciar-en-italia","status":"publish","type":"post","link":"http:\/\/hoycordobaweb.com\/index.php\/2022\/07\/06\/suben-a-nueve-las-victimas-del-desprendimiento-de-un-glaciar-en-italia\/","title":{"rendered":"Suben a nueve las v\u00edctimas del desprendimiento de un glaciar en Italia"},"content":{"rendered":"<p><img src=\"http:\/\/hoycordobaweb.com\/wp-content\/uploads\/2022\/07\/suben-a-nueve-las-victimas-del-desprendimiento-de-un-glaciar-en-italia.jpg\"><\/p>\n<figure class=\"mb-3\"><img loading=\"lazy\" src=\"http:\/\/hoycordobaweb.com\/wp-content\/uploads\/2022\/07\/suben-a-nueve-las-victimas-del-desprendimiento-de-un-glaciar-en-italia-2.jpg\" width=\"100%\" height=\"100%\" alt=\"Foto AFP\"><figcaption> Foto: AFP. <\/figcaption><\/figure>\n<p>Equipos de rescate de Italia hallaron este martes dos cuerpos en la zona de la Marmolada, en el norte del pa\u00eds, por lo que se elev\u00f3 a nueve el n\u00famero de v\u00edctimas fatales del desprendimiento de un glaciar el domingo pasado.<\/p>\n<p>Dos drones de los bomberos de la norte\u00f1a provincia aut\u00f3noma de Trento encontraron los dos cuerpos mientras <strong>continuaban con los trabajos de b\u00fasqueda de desaparecidos tras el desprendimiento del domingo<\/strong>, inform\u00f3 en conferencia de prensa el presidente provincial Maurizio Fugatti.<\/p>\n<p>Con el hallazgo de este martes, el n\u00famero de v\u00edctimas se elev\u00f3 a nueve, cuatro ya identificadas por sus familias, mientras los equipos de rescate contin\u00faan la b\u00fasqueda de otras tres personas, precis\u00f3 Fugatti.<\/p>\n<p>A primera hora de la tarde, la cadena p\u00fablica Rai hab\u00eda informado el hallazgo de tres muertos, pero Fugatti precis\u00f3 luego la informaci\u00f3n y plante\u00f3 que contin\u00faa la b\u00fasqueda del resto de las personas que se encontraban en el lugar al momento del desprendimiento.<\/p>\n<figure class=\"mb-3\"><img loading=\"lazy\" src=\"http:\/\/hoycordobaweb.com\/wp-content\/uploads\/2022\/07\/suben-a-nueve-las-victimas-del-desprendimiento-de-un-glaciar-en-italia-3.jpg\" width=\"100%\" height=\"100%\" alt=\"Foto AFP\"><figcaption> Foto: AFP. <\/figcaption><\/figure>\n<p>El desastre ocurri\u00f3 un d\u00eda despu\u00e9s de que se registrara un r\u00e9cord de temperatura de 10\u00b0C en la cima del glaciar de la Marmolada, en los Alpes italianos, debilitado por el calentamiento global, as\u00ed como por la ola de calor que azot\u00f3 a toda la pen\u00ednsula italiana, lo que aceler\u00f3 su deshielo.<\/p>\n<p><strong>\u00abTenemos la obligaci\u00f3n moral de devolver los cuerpos a sus familias; es el compromiso que hemos asumido con el presidente de la Provincia de Trento, y que hemos pedido a los voluntarios y a la mesa de coordinaci\u00f3n\u00bb<\/strong>, afirm\u00f3 Luca Zaia, Gobernador de la regi\u00f3n de V\u00e9neto, en declaraciones a la prensa transmitidas por televisi\u00f3n.<\/p>\n<p>Apenas conocido el desprendimiento, el papa Francisco pidi\u00f3 un rezo por las v\u00edctimas de la tragedia y exhort\u00f3 a buscar \u00aburgentemente nuevas formas que respeten a las personas y a la naturaleza\u00bb, tras vincular esta tragedia con el cambio clim\u00e1tico.<\/p>\n<p><strong>\u00abRecemos juntos por las v\u00edctimas del derrumbe del glaciar Marmolada, y por sus familias\u00bb<\/strong>, convoc\u00f3 el Pont\u00edfice a trav\u00e9s de su cuenta de Twitter en italiano.<\/p>\n<p>Para el Papa, en l\u00ednea con analistas y expertos que se expresaron hoy en la misma l\u00ednea, \u00ablas tragedias que estamos viviendo con el cambio clim\u00e1tico deben impulsarnos a buscar urgentemente nuevas formas que respeten a las personas y la naturaleza\u00bb.<\/p>\n","protected":false},"excerpt":{"rendered":"<p>Foto: AFP. Equipos de rescate de Italia hallaron este martes dos cuerpos en la zona de la Marmolada, en el norte del pa\u00eds, por lo que se elev\u00f3 a nueve el n\u00famero de v\u00edctimas fatales del desprendimiento de un glaciar el domingo pasado. Dos drones de los bomberos de la norte\u00f1a provincia aut\u00f3noma de Trento [&hellip;]<\/p>\n","protected":false},"author":1,"featured_media":44276,"comment_status":"open","ping_status":"closed","sticky":false,"template":"","format":"standard","meta":[],"categories":[19],"tags":[],"_links":{"self":[{"href":"http:\/\/hoycordobaweb.com\/index.php\/wp-json\/wp\/v2\/posts\/44275"}],"collection":[{"href":"http:\/\/hoycordobaweb.com\/index.php\/wp-json\/wp\/v2\/posts"}],"about":[{"href":"http:\/\/hoycordobaweb.com\/index.php\/wp-json\/wp\/v2\/types\/post"}],"author":[{"embeddable":true,"href":"http:\/\/hoycordobaweb.com\/index.php\/wp-json\/wp\/v2\/users\/1"}],"replies":[{"embeddable":true,"href":"http:\/\/hoycordobaweb.com\/index.php\/wp-json\/wp\/v2\/comments?post=44275"}],"version-history":[{"count":0,"href":"http:\/\/hoycordobaweb.com\/index.php\/wp-json\/wp\/v2\/posts\/44275\/revisions"}],"wp:featuredmedia":[{"embeddable":true,"href":"http:\/\/hoycordobaweb.com\/index.php\/wp-json\/wp\/v2\/media\/44276"}],"wp:attachment":[{"href":"http:\/\/hoycordobaweb.com\/index.php\/wp-json\/wp\/v2\/media?parent=44275"}],"wp:term":[{"taxonomy":"category","embeddable":true,"href":"http:\/\/hoycordobaweb.com\/index.php\/wp-json\/wp\/v2\/categories?post=44275"},{"taxonomy":"post_tag","embeddable":true,"href":"http:\/\/hoycordobaweb.com\/index.php\/wp-json\/wp\/v2\/tags?post=44275"}],"curies":[{"name":"wp","href":"https:\/\/api.w.org\/{rel}","templated":true}]}}