{"id":44257,"date":"2022-07-06T01:08:06","date_gmt":"2022-07-06T01:08:06","guid":{"rendered":"https:\/\/www.ole.com.ar\/boca-juniors\/raul-gustavo-pol-penal-boca-corinthians_0_x7BK0yIUAa.html"},"modified":"2022-07-06T01:08:06","modified_gmt":"2022-07-06T01:08:06","slug":"el-absurdo-penal-a-favor-de-boca","status":"publish","type":"post","link":"http:\/\/hoycordobaweb.com\/index.php\/2022\/07\/06\/el-absurdo-penal-a-favor-de-boca\/","title":{"rendered":"El absurdo penal a favor de Boca"},"content":{"rendered":"<p><img src=\"http:\/\/hoycordobaweb.com\/wp-content\/uploads\/2022\/07\/el-absurdo-penal-a-favor-de-boca.jpg\"><\/p>\n<p>La jugada result\u00f3 muy ingenua por parte de Raul Gustavo, defensor de Corinthians. <strong>En una pelota \u00e1rea salt\u00f3 a pelear por la pelota contra Pol Fern\u00e1ndez y le peg\u00f3 un codazo en la cara,<\/strong> dentro del \u00e1rea. <strong>Fue una falta evidente de penal <a target=\"_blank\" href=\"https:\/\/www.ole.com.ar\/futbol-internacional\/libertadores\/boca-corinthians-copa-libertadores_0_h2ZH0KkipV.html\" rel=\"noopener noreferrer\">a favor de Boca<\/a><\/strong>, pero el \u00e1rbitro uruguayo Andr\u00e9s Matonte necesit\u00f3 de la prueba de video para sancionarlo, con amonestaci\u00f3n al defensor brasile\u00f1o. <\/p>\n<p>Result\u00f3 absurdo que los jugadores del Timao se hayan ido con el refer\u00ed hasta el monitor en un intento de presi\u00f3n. El charr\u00faa les tuvo que pedir m\u00e1s de una vez que se retiraran.<\/p>\n<p>Raul Gustavo es un jugador de 23 a\u00f1os, que ya hab\u00eda sido titular en cinco partidos de la Copa Libertadores, los tres contra Boca incluidos.&nbsp;<\/p>\n<p>Despu\u00e9s, el derechazo de Dar\u00edo Benedetto dio en el palo izquierdo de Cassio&#8230;<\/p>\n<h2><strong>Mir\u00e1 la falta<\/strong><\/h2>\n<h2><strong>El penal al palo<\/strong><br \/><\/h2>\n<div class=\"sp__Normal\">\n<div class=\"image-embeb image-trigger\">\n<picture><source media=\"(min-width: 720px)\" srcset=\"http:\/\/hoycordobaweb.com\/wp-content\/uploads\/2022\/07\/el-absurdo-penal-a-favor-de-boca-2.jpg\"><img itemprop=\"image\" src=\"http:\/\/hoycordobaweb.com\/wp-content\/uploads\/2022\/07\/el-absurdo-penal-a-favor-de-boca-2.jpg\" loading=\"lazy\" alt=\"Antes del penal.\">\n<\/picture><figcaption>\n<p>Antes del penal.\n<\/p>\n<\/figcaption><\/div>\n<\/div>\n<div class=\"sp__SM\">\n<div class=\"content-new \">\n<span class=\"tit-mobile\">Mir\u00e1 tambi\u00e9n<\/span><\/p>\n<div class=\"mg\">\n<div class=\"wrap-figure\">\n<picture>\n<a href=\"https:\/\/www.ole.com.ar\/boca-juniors\/arenga-benedetto_0_Wq8WTHs3AZ.html\" target=\"_self\" rel=\"noopener noreferrer\"><br \/>\n<img class=\"img-responsive\" alt=\"Video: la fuerte arenga de Benedetto\" src=\"http:\/\/hoycordobaweb.com\/wp-content\/uploads\/2022\/07\/el-absurdo-penal-a-favor-de-boca-3.jpg\" loading=\"lazy\"><br \/>\n<\/a>\n<\/picture>\n<\/div>\n<\/div><\/div>\n<\/div>\n<div class=\"sp__SM\">\n<div class=\"content-new \">\n<span class=\"tit-mobile\">Mir\u00e1 tambi\u00e9n<\/span><\/p>\n<div class=\"mg\">\n<div class=\"wrap-figure\">\n<picture>\n<a href=\"https:\/\/www.ole.com.ar\/futbol-internacional\/libertadores\/pavon-libertadores-copa-mineiro_0_s0JRjZit4o.html\" target=\"_self\" rel=\"noopener noreferrer\"><br \/>\n<img class=\"img-responsive\" alt=\"El reclamo de Pav\u00f3n a la Conmebol porque Boca no lo dej\u00f3 jugar\" src=\"http:\/\/hoycordobaweb.com\/wp-content\/uploads\/2022\/07\/el-absurdo-penal-a-favor-de-boca-4.jpg\" loading=\"lazy\"><br \/>\n<\/a>\n<\/picture>\n<\/div>\n<\/div><\/div>\n<\/div>\n<div class=\"sp__Normal\">\n<div class=\"image-embeb image-trigger\" readability=\"6\">\n<picture><source media=\"(min-width: 720px)\" srcset=\"http:\/\/hoycordobaweb.com\/wp-content\/uploads\/2022\/07\/el-absurdo-penal-a-favor-de-boca-5.jpg\"><img itemprop=\"image\" src=\"http:\/\/hoycordobaweb.com\/wp-content\/uploads\/2022\/07\/el-absurdo-penal-a-favor-de-boca-5.jpg\" loading=\"lazy\" alt=\"El remate de Benedetto dio en el palo (De la Orden).\">\n<\/picture><figcaption readability=\"2\">\n<p>El remate de Benedetto dio en el palo (De la Orden).\n<\/p>\n<\/figcaption><\/div>\n<\/div>\n<p>Noticia en desarrollo&#8230;<\/p>\n<p><opta-widget sport=\"football\" widget=\"timeline\" competition=\"420\" season=\"2022\" match=\"2287959\" template=\"normal\" live=\"true\" orientation=\"horizontal\" vertical_timebar_height=\"260\" show_match_header=\"true\" show_score=\"true\" show_crests=\"true\" show_assists=\"all\" show_team_formation=\"true\" show_clock=\"true\" show_period_dividers=\"true\" show_halftime_score=\"false\" show_date=\"true\" date_format=\"dddd D MMMM YYYY\" show_attendance=\"true\" show_images=\"true\" show_referee=\"true\" show_venue=\"true\" show_cards=\"all\" show_goals=\"true\" show_penalties_missed=\"true\" show_subs=\"false\" show_goals_combined=\"false\" show_shootouts=\"false\" show_competition_name=\"true\" competition_naming=\"full\" team_naming=\"full\" player_naming=\"full\" show_live=\"true\" show_logo=\"false\" show_title=\"true\" breakpoints=\"400, 700\"><\/opta-widget><opta-widget sport=\"football\" widget=\"matchstats\" competition=\"420\" season=\"2022\" match=\"2287959\" template=\"lineups\" live=\"true\" side=\"both\" column_count=\"1\" side_by_side=\"true\" show_match_header=\"true\" show_score=\"true\" show_halftime_score=\"false\" show_crests=\"false\" show_team_formation=\"true\" show_competition_name=\"true\" show_date=\"false\" date_format=\"dddd D MMMM YYYY\" order_by=\"position\" group_by_position=\"false\" show_position=\"true\" show_images=\"false\" show_key=\"false\" show_starters=\"true\" show_goalkeepers=\"true\" show_defenders=\"true\" show_midfielders=\"true\" show_forwards=\"true\" show_subs=\"true\" show_unused_subs=\"false\" show_managers=\"true\" show_captain=\"false\" show_match_events=\"true\" competition_naming=\"full\" team_naming=\"full\" player_naming=\"full\" show_live=\"false\" show_logo=\"false\" show_title=\"true\" breakpoints=\"400, 700\"><\/opta-widget><opta-widget widget=\"commentary\" competition=\"420\" season=\"2022\" match=\"2287959\" template=\"normal\" live=\"true\" data_type=\"auto\" order_by=\"time_descending\" show_event_icons=\"true\" show_minor_events=\"true\" fixed_height_comments=\"300\" show_live=\"true\" show_logo=\"false\" show_title=\"true\" breakpoints=\"400\" sport=\"football\"><\/opta-widget><opta-widget sport=\"football\" widget=\"heatmap\" competition=\"420\" season=\"2022\" match=\"2287959\" preselected_player template=\"normal\" live=\"true\" show_maps=\"all\" orientation=\"horizontal\" side=\"both\" dimension=\"2D\" one_direction=\"false\" show_match_header=\"true\" show_score=\"true\" show_halftime_score=\"false\" show_crests=\"false\" show_team_formation=\"true\" show_competition_name=\"true\" show_date=\"true\" date_format=\"dddd D MMMM YYYY\" show_team_sheets=\"true\" show_subs=\"true\" show_position=\"true\" show_timecontrols=\"true\" show_timecontrols_buttons=\"true\" show_timecontrols_bar=\"true\" show_tooltips=\"false\" competition_naming=\"full\" team_naming=\"full\" player_naming=\"full\" show_logo=\"false\" show_title=\"true\" breakpoints=\"400, 700\"><\/opta-widget><opta-widget widget=\"standings\" competition=\"420\" season=\"2022\" template=\"normal\" live=\"true\" default_nav=\"1\" side=\"combined\" data_detail=\"default\" show_key=\"true\" show_crests=\"true\" points_in_first_column=\"true\" lose_before_draw=\"false\" competition_naming=\"full\" team_naming=\"full\" date_format=\"dddd D MMMM YYYY\" sorting=\"false\" show_live=\"false\" show_relegation_average=\"true\" show_logo=\"true\" show_title=\"true\" breakpoints=\"382\" sport=\"football\"><\/opta-widget> <\/p>\n<div class=\"entry-tags\">\n<h2>TEMAS QUE APARECEN EN ESTA NOTA<\/h2>\n<\/p><\/div>\n","protected":false},"excerpt":{"rendered":"<p>La jugada result\u00f3 muy ingenua por parte de Raul Gustavo, defensor de Corinthians. En una pelota \u00e1rea salt\u00f3 a pelear por la pelota contra Pol Fern\u00e1ndez y le peg\u00f3 un codazo en la cara, dentro del \u00e1rea. Fue una falta evidente de penal a favor de Boca, pero el \u00e1rbitro uruguayo Andr\u00e9s Matonte necesit\u00f3 de [&hellip;]<\/p>\n","protected":false},"author":1,"featured_media":44258,"comment_status":"open","ping_status":"closed","sticky":false,"template":"","format":"standard","meta":[],"categories":[16],"tags":[],"_links":{"self":[{"href":"http:\/\/hoycordobaweb.com\/index.php\/wp-json\/wp\/v2\/posts\/44257"}],"collection":[{"href":"http:\/\/hoycordobaweb.com\/index.php\/wp-json\/wp\/v2\/posts"}],"about":[{"href":"http:\/\/hoycordobaweb.com\/index.php\/wp-json\/wp\/v2\/types\/post"}],"author":[{"embeddable":true,"href":"http:\/\/hoycordobaweb.com\/index.php\/wp-json\/wp\/v2\/users\/1"}],"replies":[{"embeddable":true,"href":"http:\/\/hoycordobaweb.com\/index.php\/wp-json\/wp\/v2\/comments?post=44257"}],"version-history":[{"count":0,"href":"http:\/\/hoycordobaweb.com\/index.php\/wp-json\/wp\/v2\/posts\/44257\/revisions"}],"wp:featuredmedia":[{"embeddable":true,"href":"http:\/\/hoycordobaweb.com\/index.php\/wp-json\/wp\/v2\/media\/44258"}],"wp:attachment":[{"href":"http:\/\/hoycordobaweb.com\/index.php\/wp-json\/wp\/v2\/media?parent=44257"}],"wp:term":[{"taxonomy":"category","embeddable":true,"href":"http:\/\/hoycordobaweb.com\/index.php\/wp-json\/wp\/v2\/categories?post=44257"},{"taxonomy":"post_tag","embeddable":true,"href":"http:\/\/hoycordobaweb.com\/index.php\/wp-json\/wp\/v2\/tags?post=44257"}],"curies":[{"name":"wp","href":"https:\/\/api.w.org\/{rel}","templated":true}]}}