{"id":44245,"date":"2022-07-06T16:44:26","date_gmt":"2022-07-06T16:44:26","guid":{"rendered":"https:\/\/www.ole.com.ar\/boca-juniors\/boca-izquierdoz-fabra-llanto-reaccion_0_vOK9gOtaEv.html"},"modified":"2022-07-06T16:44:26","modified_gmt":"2022-07-06T16:44:26","slug":"izquierdoz-y-fabra-dos-reacciones-de-fin-de-ciclo","status":"publish","type":"post","link":"http:\/\/hoycordobaweb.com\/index.php\/2022\/07\/06\/izquierdoz-y-fabra-dos-reacciones-de-fin-de-ciclo\/","title":{"rendered":"Izquierdoz y Fabra: \u00bfdos reacciones de fin de ciclo?"},"content":{"rendered":"<p><img src=\"http:\/\/hoycordobaweb.com\/wp-content\/uploads\/2022\/07\/izquierdoz-y-fabra-dos-reacciones-de-fin-de-ciclo.jpg\"><\/p>\n<p>Hay gestos que dejan se\u00f1ales. Sobre todo, cuando un sue\u00f1o se rompe, cuando una eliminaci\u00f3n golpea tan fuerte, cuando otro intento (uno m\u00e1s) se frustra. Las reacciones de <a alt=\"carlos-izquierdoz\" class=\"slug\" href=\"https:\/\/www.ole.com.ar\/tema\/carlos-izquierdoz.html\" target=\"_blank\" title=\"carlos-izquierdoz\" rel=\"noopener noreferrer\">Carlos Izquierdoz<\/a> y <a alt=\"frank-fabra\" class=\"slug\" href=\"https:\/\/www.ole.com.ar\/tema\/frank-fabra.html\" target=\"_blank\" title=\"frank-fabra\" rel=\"noopener noreferrer\">Frank Fabra<\/a>, en ese sentido, fueron dos im\u00e1genes muy fuertes de otra Copa que se le escapa a <a alt=\"boca-juniors\" class=\"slug\" href=\"https:\/\/www.ole.com.ar\/tema\/boca-juniors.html\" target=\"_blank\" title=\"boca-juniors\" rel=\"noopener noreferrer\">Boca<\/a>. <strong>Tanto el capit\u00e1n como el colombiano no pudieron contener las l\u00e1grimas en el final. Y hay en esas fotos un olor a fin de ciclo palpable, acaso inevitable&#8230;<\/strong><\/p>\n<p>El Cali, en efecto, hab\u00eda desactivado la cl\u00e1usula de salida que ten\u00eda para junio porque <strong>su idea era apostar todo por esta Copa, la quinta&nbsp;que disputaba en el club, acaso la \u00faltima que estaba en su cabeza.<\/strong> Es por eso que firm\u00f3 una mejora de su v\u00ednculo hasta diciembre, previo al primero choque con Corinthians. Sin embargo, <strong>toda esa ilusi\u00f3n&nbsp;se esfum\u00f3 r\u00e1pidamente.<\/strong> <\/p>\n<div class=\"sp__SM\">\n<div class=\"content-new \">\n<span class=\"tit-mobile\">Mir\u00e1 tambi\u00e9n<\/span><\/p>\n<div class=\"mg\">\n<div class=\"wrap-figure\">\n<picture>\n<a href=\"https:\/\/www.ole.com.ar\/boca-juniors\/video-viral-penal-benedetto-insulto-boca_0_Ht5wRf6XIf.html\" target=\"_self\" rel=\"noopener noreferrer\"><br \/>\n<img class=\"img-responsive\" alt=\"Viral: el penal de Benedetto a la tribuna desde adentro y el insulto\" src=\"http:\/\/hoycordobaweb.com\/wp-content\/uploads\/2022\/07\/izquierdoz-y-fabra-dos-reacciones-de-fin-de-ciclo-2.jpg\" loading=\"lazy\"><br \/>\n<\/a>\n<\/picture>\n<\/div>\n<\/div><\/div>\n<\/div>\n<p><a data-cke-saved-href=\"https:\/\/www.ole.com.ar\/boca-juniors\/izquierdoz-boca-libertadores-_0_Pku4GGQPxW.html\" target=\"_blank\" href=\"https:\/\/www.ole.com.ar\/boca-juniors\/izquierdoz-boca-libertadores-_0_Pku4GGQPxW.html\" rel=\"noopener noreferrer\">Si bien el capit\u00e1n no quiso anoche referirse a su futuro tras el partido<\/a>, tampoco descart\u00f3 que en diciembre, cuando vence su contrato, decida concluir su ciclo en Boca. <strong>\u00abHace media hora terminamos de jugar, dejame ir a dormir tranquilo. \u00bfDale? En media hora no voy a pensar todo eso que me preguntaste\u00bb<\/strong>, fue su respuesta cuando le consultaron si hab\u00eda sido&nbsp;su \u00faltima Copa vestido de azul y oro.<\/p>\n<p>El central, en principio,<strong> tiene la posibilidad de irse otra vez a M\u00e9xico a fin de a\u00f1o, un lugar en el que se sinti\u00f3 c\u00f3modo, dej\u00f3 amigos y que es deseado por la familia. <\/strong>Pero&nbsp;fundamentalmente, \u00e9l quer\u00eda darse una nueva oportunidad en esta Copa Libertadores para intentar vengarse de aquella final contra River. <strong>\u00abMe quiero sacar la espina del 2018\u00bb, dijo el a\u00f1o pasado. <\/strong>Por eso, habr\u00e1 que ver si est\u00e1 con fuerzas para un sexto intento o si ya siente que lo dio todo&#8230;<\/p>\n<div class=\"sp__Normal\">\n<div class=\"image-embeb image-trigger\" readability=\"6.5\">\n<picture><source media=\"(min-width: 720px)\" srcset=\"http:\/\/hoycordobaweb.com\/wp-content\/uploads\/2022\/07\/izquierdoz-y-fabra-dos-reacciones-de-fin-de-ciclo-3.jpg\"><img itemprop=\"image\" src=\"http:\/\/hoycordobaweb.com\/wp-content\/uploads\/2022\/07\/izquierdoz-y-fabra-dos-reacciones-de-fin-de-ciclo-3.jpg\" loading=\"lazy\" alt=\"El capit\u00e1n se fue muy golpeado tras la eliminaci\u00f3n en su quinta Copa. (AP Photo\/Victor R. Caivano)\">\n<\/picture><figcaption readability=\"3\">\n<p>El capit\u00e1n se fue muy golpeado tras la eliminaci\u00f3n en su quinta Copa. (AP Photo\/Victor R. Caivano)\n<\/p>\n<\/figcaption><\/div>\n<\/div>\n<div class=\"sp__SM\">\n<div class=\"content-new \">\n<span class=\"tit-mobile\">Mir\u00e1 tambi\u00e9n<\/span><\/p>\n<div class=\"mg\">\n<div class=\"wrap-figure\">\n<picture>\n<a href=\"https:\/\/www.ole.com.ar\/futbol-internacional\/libertadores\/benedetto-boca-reaccion-mexico-penales_0_Zo4cT1icK3.html\" target=\"_self\" rel=\"noopener noreferrer\"><br \/>\n<img class=\"img-responsive\" alt=\"As\u00ed reaccionaron en M\u00e9xico al partido de Benedetto\" src=\"http:\/\/hoycordobaweb.com\/wp-content\/uploads\/2022\/07\/izquierdoz-y-fabra-dos-reacciones-de-fin-de-ciclo-4.jpg\" loading=\"lazy\"><br \/>\n<\/a>\n<\/picture>\n<\/div>\n<\/div><\/div>\n<\/div>\n<p>En alg\u00fan punto, adem\u00e1s, <strong>el defensor viene dando se\u00f1ales de que su ciclo en Boca est\u00e1 cerca del final. <\/strong>De hecho, despu\u00e9s de eliminar a River en los cuartos de final de la Copa de Liga 2021, blanque\u00f3:<strong> \u00abSi erraba el penal, era de los \u00faltimos partidos que jugaba en Boca. No me bancaba una eliminaci\u00f3n m\u00e1s\u00bb<\/strong>, sostuvo.<\/p>\n<p>Por lo pronto, <strong>su llanto tras el partido, marca la pauta de que se le escap\u00f3 la \u00faltima Copa que estaba en su cabeza. <\/strong>Y que podr\u00eda empezar a transitar sus \u00faltimos partidos en el club, al que lleg\u00f3 a mediados de 2018.<\/p>\n<div class=\"sp__SM\">\n<div class=\"content-new \">\n<span class=\"tit-mobile\">Mir\u00e1 tambi\u00e9n<\/span><\/p>\n<div class=\"mg\">\n<div class=\"wrap-figure\">\n<picture>\n<a href=\"https:\/\/www.ole.com.ar\/boca-juniors\/boca-juniors-hinchada-banca-rossi_0_hA1grYQHH6.html\" target=\"_self\" rel=\"noopener noreferrer\"><br \/>\n<img class=\"img-responsive\" alt=\"La s\u00faper banca del hincha de Boca a Rossi\" src=\"http:\/\/hoycordobaweb.com\/wp-content\/uploads\/2022\/07\/izquierdoz-y-fabra-dos-reacciones-de-fin-de-ciclo-5.jpg\" loading=\"lazy\"><br \/>\n<\/a>\n<\/picture>\n<\/div>\n<\/div><\/div>\n<\/div>\n<div class=\"sp__Normal\">\n<div class=\"image-embeb image-trigger\" readability=\"6\">\n<picture><source media=\"(min-width: 720px)\" srcset=\"http:\/\/hoycordobaweb.com\/wp-content\/uploads\/2022\/07\/izquierdoz-y-fabra-dos-reacciones-de-fin-de-ciclo-6.jpg\"><img itemprop=\"image\" src=\"http:\/\/hoycordobaweb.com\/wp-content\/uploads\/2022\/07\/izquierdoz-y-fabra-dos-reacciones-de-fin-de-ciclo-6.jpg\" loading=\"lazy\" alt=\"El Cali hab\u00eda firmado la continuidad hasta diciembre antes del choque ante Corinthians.\">\n<\/picture><figcaption readability=\"2\">\n<p>El Cali hab\u00eda firmado la continuidad hasta diciembre antes del choque ante Corinthians.\n<\/p>\n<\/figcaption><\/div>\n<\/div>\n<h2><strong>Fabra, el m\u00e1s antiguo<\/strong><\/h2>\n<p>Siempre, una eliminaci\u00f3n&nbsp;genera replanteos y da pie para un fin de ciclo. La situaci\u00f3n de Frank Fabra se acerca tambi\u00e9n a la de Cali. <strong>Como el capit\u00e1n, est\u00e1 en un buen momento personal, pero tambi\u00e9n le pesan los a\u00f1os en el club y las Copas perdidas.<\/strong> En el caso del colombiano, tambi\u00e9n es la quinta Libertadores que se le va, ya que si bien est\u00e1 desde el 2016, no disput\u00f3 la edici\u00f3n del 2019 por su grave lesi\u00f3n en la rodilla.<\/p>\n<div class=\"sp__Normal\">\n<div class=\"image-embeb image-trigger\" readability=\"6\">\n<picture><source media=\"(min-width: 720px)\" srcset=\"http:\/\/hoycordobaweb.com\/wp-content\/uploads\/2022\/07\/izquierdoz-y-fabra-dos-reacciones-de-fin-de-ciclo-7.jpg\"><img itemprop=\"image\" src=\"http:\/\/hoycordobaweb.com\/wp-content\/uploads\/2022\/07\/izquierdoz-y-fabra-dos-reacciones-de-fin-de-ciclo-7.jpg\" loading=\"lazy\" alt=\"El Chelo Weigandt y Battaglia tratan de calmar a un desconsolado Fabra. (AP Photo\/Gustavo Garello)\">\n<\/picture><figcaption readability=\"2\">\n<p>El Chelo Weigandt y Battaglia tratan de calmar a un desconsolado Fabra. (AP Photo\/Gustavo Garello)\n<\/p>\n<\/figcaption><\/div>\n<\/div>\n<div class=\"sp__SM\">\n<div class=\"content-new \">\n<span class=\"tit-mobile\">Mir\u00e1 tambi\u00e9n<\/span><\/p>\n<div class=\"mg\">\n<div class=\"wrap-figure\">\n<picture>\n<a href=\"https:\/\/www.ole.com.ar\/boca-juniors\/encuesta-responsable-eliminacion-boca_0_qG6mNNr4dL.html\" target=\"_self\" rel=\"noopener noreferrer\"><br \/>\n<img class=\"img-responsive\" alt=\"Encuesta Ol\u00e9: \u00bfqui\u00e9n es el principal responsable de la eliminaci\u00f3n de Boca en la Libertadores?\" src=\"http:\/\/hoycordobaweb.com\/wp-content\/uploads\/2022\/07\/izquierdoz-y-fabra-dos-reacciones-de-fin-de-ciclo-8.jpg\" loading=\"lazy\"><br \/>\n<\/a>\n<\/picture>\n<\/div>\n<\/div><\/div>\n<\/div>\n<p>Sin embargo, el colombiano es el que m\u00e1s tiempo (seis a\u00f1os y medio) y el que m\u00e1s partidos tiene del plantel en Boca (167).<strong> Y en su caso, llam\u00f3 la atenci\u00f3n c\u00f3mo se derrumb\u00f3 en&nbsp;pleno&nbsp;llanto en el final del partido.&nbsp;<\/strong>El lateral no ten\u00eda consuelo, al punto que el Chelo Weigandt tuvo que ir a levantarlo y hasta Battaglia, a la pasada, le brind\u00f3 su apoyo.<\/p>\n<p>La realidad es que el lateral no pate\u00f3 penales en la definici\u00f3n ni atraves\u00f3 ninguna situaci\u00f3n que le haya agregado una responsabilidad extra en el desarrollo, <strong>por lo que&nbsp;tambi\u00e9n en esa reacci\u00f3n&nbsp;hubo una sensaci\u00f3n a fin de ciclo.<\/strong><\/p>\n<div class=\"sp__Normal\">\n<div class=\"image-embeb image-trigger\" readability=\"6\">\n<picture><source media=\"(min-width: 720px)\" srcset=\"http:\/\/hoycordobaweb.com\/wp-content\/uploads\/2022\/07\/izquierdoz-y-fabra-dos-reacciones-de-fin-de-ciclo-9.jpg\"><img itemprop=\"image\" src=\"http:\/\/hoycordobaweb.com\/wp-content\/uploads\/2022\/07\/izquierdoz-y-fabra-dos-reacciones-de-fin-de-ciclo-9.jpg\" loading=\"lazy\" alt=\"Fabra se desplom\u00f3 as\u00ed apenas se concret\u00f3 la eliminaci\u00f3n ante Corinthians.\">\n<\/picture><figcaption readability=\"2\">\n<p>Fabra se desplom\u00f3 as\u00ed apenas se concret\u00f3 la eliminaci\u00f3n ante Corinthians.\n<\/p>\n<\/figcaption><\/div>\n<\/div>\n<div class=\"sp__SM\">\n<div class=\"content-new \">\n<span class=\"tit-mobile\">Mir\u00e1 tambi\u00e9n<\/span><\/p>\n<div class=\"mg\">\n<div class=\"wrap-figure\">\n<picture>\n<a href=\"https:\/\/www.ole.com.ar\/boca-juniors\/boca-benedetto-palermo_0_xbZQ8LGxCT.html\" target=\"_self\" rel=\"noopener noreferrer\"><br \/>\n<img class=\"img-responsive\" alt=\"El mensaje a Benedetto con los tres penales de Palermo\" src=\"http:\/\/hoycordobaweb.com\/wp-content\/uploads\/2022\/07\/izquierdoz-y-fabra-dos-reacciones-de-fin-de-ciclo-10.jpg\" loading=\"lazy\"><br \/>\n<\/a>\n<\/picture>\n<\/div>\n<\/div><\/div>\n<\/div>\n<p>En su caso, si bien tiene contrato con el club&nbsp;hasta fines del 2023 y&nbsp;recuper\u00f3 su nivel y el reconocimiento del hincha, est\u00e1 a la expectativa de una salida. \u00abFrank me manifest\u00f3 que est\u00e1 c\u00f3modo en Boca.<strong> Pero a lo mejor le puede servir a \u00e9l y al club una salida. Si llega algo nos sentaremos con la dirigencia a dialogar\u00bb,<\/strong> dijo en abril de este a\u00f1o su representante Mart\u00edn Araoz. Por eso, no se descarta que una vez que termine la actual Liga, el colombiano elija un nuevo destino&#8230;<\/p>\n<div class=\"entry-tags\">\n<h2>TEMAS QUE APARECEN EN ESTA NOTA<\/h2>\n<\/p><\/div>\n","protected":false},"excerpt":{"rendered":"<p>Hay gestos que dejan se\u00f1ales. Sobre todo, cuando un sue\u00f1o se rompe, cuando una eliminaci\u00f3n golpea tan fuerte, cuando otro intento (uno m\u00e1s) se frustra. Las reacciones de Carlos Izquierdoz y Frank Fabra, en ese sentido, fueron dos im\u00e1genes muy fuertes de otra Copa que se le escapa a Boca. Tanto el capit\u00e1n como el [&hellip;]<\/p>\n","protected":false},"author":1,"featured_media":44246,"comment_status":"open","ping_status":"closed","sticky":false,"template":"","format":"standard","meta":[],"categories":[16],"tags":[],"_links":{"self":[{"href":"http:\/\/hoycordobaweb.com\/index.php\/wp-json\/wp\/v2\/posts\/44245"}],"collection":[{"href":"http:\/\/hoycordobaweb.com\/index.php\/wp-json\/wp\/v2\/posts"}],"about":[{"href":"http:\/\/hoycordobaweb.com\/index.php\/wp-json\/wp\/v2\/types\/post"}],"author":[{"embeddable":true,"href":"http:\/\/hoycordobaweb.com\/index.php\/wp-json\/wp\/v2\/users\/1"}],"replies":[{"embeddable":true,"href":"http:\/\/hoycordobaweb.com\/index.php\/wp-json\/wp\/v2\/comments?post=44245"}],"version-history":[{"count":0,"href":"http:\/\/hoycordobaweb.com\/index.php\/wp-json\/wp\/v2\/posts\/44245\/revisions"}],"wp:featuredmedia":[{"embeddable":true,"href":"http:\/\/hoycordobaweb.com\/index.php\/wp-json\/wp\/v2\/media\/44246"}],"wp:attachment":[{"href":"http:\/\/hoycordobaweb.com\/index.php\/wp-json\/wp\/v2\/media?parent=44245"}],"wp:term":[{"taxonomy":"category","embeddable":true,"href":"http:\/\/hoycordobaweb.com\/index.php\/wp-json\/wp\/v2\/categories?post=44245"},{"taxonomy":"post_tag","embeddable":true,"href":"http:\/\/hoycordobaweb.com\/index.php\/wp-json\/wp\/v2\/tags?post=44245"}],"curies":[{"name":"wp","href":"https:\/\/api.w.org\/{rel}","templated":true}]}}