{"id":44229,"date":"2022-07-06T10:52:00","date_gmt":"2022-07-06T10:52:00","guid":{"rendered":"https:\/\/www.espinof.com\/anime\/dragon-ball-super-super-hero-nueva-pelicula-anime-saga-tiene-fecha-estreno-espana"},"modified":"2022-07-06T10:52:00","modified_gmt":"2022-07-06T10:52:00","slug":"dragon-ball-super-super-hero-la-nueva-pelicula-de-anime-de-la-saga-ya-tiene-fecha-de-estreno-en-espana","status":"publish","type":"post","link":"http:\/\/hoycordobaweb.com\/index.php\/2022\/07\/06\/dragon-ball-super-super-hero-la-nueva-pelicula-de-anime-de-la-saga-ya-tiene-fecha-de-estreno-en-espana\/","title":{"rendered":"&#8216;Dragon Ball Super: Super Hero&#8217;: la nueva pel\u00edcula de anime de la saga ya tiene fecha de estreno en Espa\u00f1a"},"content":{"rendered":"<p>Hace ya casi un mes que <strong>&#8216;Dragon Ball Super: Super Hero<\/strong>&#8216; se estren\u00f3 en Jap\u00f3n e internet ya es un campo de minas lleno de spoilers. Todav\u00eda tendremos que seguir esquiv\u00e1ndolos un poquito m\u00e1s, pero la buen\u00edsima noticia es que <strong>la fecha de estreno para Espa\u00f1a<\/strong> ya se ha confirmado y no se nos ir\u00e1 demasiado lejos.<\/p>\n<p><!-- BREAK 1 --><br \/>\n<!--more--> <\/p>\n<h2>Cerrando el veranito<\/h2>\n<p>Ya sab\u00edamos que <a href=\"https:\/\/www.espinof.com\/animacion\/dragon-ball-super-super-hero-crunchyroll-estrenara-nueva-pelicula-dragon-ball-cines-todo-mundo-proximo-verano\">Crunchyroll se encargar\u00eda de distribuir la pel\u00edcula fuera de Jap\u00f3n<\/a>, y desde la plataforma se hab\u00edan comprometido a estrenarla en todos los territorios antes de que terminase el verano. Estas \u00faltimas semanas ha habido algunos rumores y filtraciones que apuntaban a un estreno internacional en agosto. <\/p>\n<p>Todav\u00eda quedan territorios por decidir, pero <a href=\"https:\/\/www.crunchyroll.com\/es-es\/anime-news\/2022\/07\/06\/dragon-ball-super-super-hero-estremecer-las-salas-de-cine-de-espaa-el-2-de-septiembre\">Crunchyroll<\/a> acaba de confirmar que <strong>&#8216;Dragon Ball Super: Super Hero&#8217;<\/strong> llegar\u00e1 a los cines de Espa\u00f1a a partir del pr\u00f3ximo <strong>2 de septiembre<\/strong>. La pel\u00edcula de anime se podr\u00e1 ver tanto en versi\u00f3n original con subt\u00edtulos como doblada al castellano, aunque todav\u00eda est\u00e1 por ver si se conservan todas las voces de la serie que hemos ido teniendo hasta ahora. <\/p>\n<p>As\u00ed que s\u00ed, <strong>Crunchyroll<\/strong> ha cumplido lo prometido y definitivamente el estreno de la nueva pel\u00edcula de &#8216;<a href=\"https:\/\/www.espinof.com\/animacion\/dragon-ball-como-ver-orden-toda-saga-creada-akira-toriyama\">Dragon Ball<\/a>&#8216; entra justo a tiempo en el calendario con los \u00faltimos coletazos del verano. Muchos fans de la franquicia tambi\u00e9n han pedido doblaje en catal\u00e1n y otras lenguas espa\u00f1olas, pero habr\u00e1 que tener paciencia y esperar a confirmaci\u00f3n oficial.<\/p>\n<div class=\"article-asset article-asset-normal article-asset-center\">\n<div class=\"desvio-container\">\n<div class=\"desvio\">\n<div class=\"desvio-figure js-desvio-figure\"> <a href=\"https:\/\/www.espinof.com\/animacion\/akira-toriyama-ha-visto-dragon-ball-super-super-hero-esta-contentisimo-os-garantizo-que-corazon-os-ira-a-toda-pastilla-cuando-salgais-cine\"> <img alt=\"Akira Toriyama ya ha visto 'Dragon Ball Super: Super Hero' y est\u00e1 content\u00edsimo: &quot;Os garantizo que el coraz\u00f3n os ir\u00e1 a toda pastilla cuando salg\u00e1is del cine&quot;\" src=\"http:\/\/hoycordobaweb.com\/wp-content\/uploads\/2022\/07\/dragon-ball-super-super-hero-la-nueva-pelicula-de-anime-de-la-saga-ya-tiene-fecha-de-estreno-en-espana.jpg\"> <\/a> <\/div><\/div><\/div>\n<\/div>\n<p><strong>&#8216;Dragon Ball Super: Super Hero&#8217;<\/strong> parte de la reformaci\u00f3n de la <strong>Red Ribbon Army<\/strong> que en su d\u00eda fue destruida por Goku. La organizaci\u00f3n ha creado unos poderosos androides llamados <strong>Gamma 1 y Gamma 2<\/strong>, que est\u00e1n programados para vengarse de \u00e9l. Mientras tanto, <a href=\"https:\/\/www.espinof.com\/animacion\/dragon-ball-super-super-hero-akira-toriyama-aclara-que-veremos-mucho-piccolo-gohan-juntos-nueva-pelicula\">Gohan<\/a> se ver\u00e1 obligado a volver a luchar cuando su hija Pan tambi\u00e9n se convierte en el objetivo de la organizaci\u00f3n.<\/p>\n","protected":false},"excerpt":{"rendered":"<p>Hace ya casi un mes que &#8216;Dragon Ball Super: Super Hero&#8216; se estren\u00f3 en Jap\u00f3n e internet ya es un campo de minas lleno de spoilers. Todav\u00eda tendremos que seguir esquiv\u00e1ndolos un poquito m\u00e1s, pero la buen\u00edsima noticia es que la fecha de estreno para Espa\u00f1a ya se ha confirmado y no se nos ir\u00e1 [&hellip;]<\/p>\n","protected":false},"author":1,"featured_media":44230,"comment_status":"open","ping_status":"closed","sticky":false,"template":"","format":"standard","meta":[],"categories":[1],"tags":[],"_links":{"self":[{"href":"http:\/\/hoycordobaweb.com\/index.php\/wp-json\/wp\/v2\/posts\/44229"}],"collection":[{"href":"http:\/\/hoycordobaweb.com\/index.php\/wp-json\/wp\/v2\/posts"}],"about":[{"href":"http:\/\/hoycordobaweb.com\/index.php\/wp-json\/wp\/v2\/types\/post"}],"author":[{"embeddable":true,"href":"http:\/\/hoycordobaweb.com\/index.php\/wp-json\/wp\/v2\/users\/1"}],"replies":[{"embeddable":true,"href":"http:\/\/hoycordobaweb.com\/index.php\/wp-json\/wp\/v2\/comments?post=44229"}],"version-history":[{"count":0,"href":"http:\/\/hoycordobaweb.com\/index.php\/wp-json\/wp\/v2\/posts\/44229\/revisions"}],"wp:featuredmedia":[{"embeddable":true,"href":"http:\/\/hoycordobaweb.com\/index.php\/wp-json\/wp\/v2\/media\/44230"}],"wp:attachment":[{"href":"http:\/\/hoycordobaweb.com\/index.php\/wp-json\/wp\/v2\/media?parent=44229"}],"wp:term":[{"taxonomy":"category","embeddable":true,"href":"http:\/\/hoycordobaweb.com\/index.php\/wp-json\/wp\/v2\/categories?post=44229"},{"taxonomy":"post_tag","embeddable":true,"href":"http:\/\/hoycordobaweb.com\/index.php\/wp-json\/wp\/v2\/tags?post=44229"}],"curies":[{"name":"wp","href":"https:\/\/api.w.org\/{rel}","templated":true}]}}