{"id":44228,"date":"2022-07-05T19:26:53","date_gmt":"2022-07-05T19:26:53","guid":{"rendered":"https:\/\/fono.fcm.unc.edu.ar\/?p=9433"},"modified":"2022-07-05T19:26:53","modified_gmt":"2022-07-05T19:26:53","slug":"asimilacion-al-nuevo-plan-de-estudio","status":"publish","type":"post","link":"http:\/\/hoycordobaweb.com\/index.php\/2022\/07\/05\/asimilacion-al-nuevo-plan-de-estudio\/","title":{"rendered":"Asimilaci\u00f3n al nuevo Plan de Estudio"},"content":{"rendered":"<h2 class=\"fusion-post-title\">Asimilaci\u00f3n al nuevo Plan de Estudio<\/h2>\n<div class=\"post-content\" readability=\"39\">\n<p><img loading=\"lazy\" class=\"alignright wp-image-9435 size-fusion-400\" src=\"https:\/\/fono.fcm.unc.edu.ar\/wp-content\/uploads\/sites\/14\/2022\/07\/INFO-ACADEMICA-1-400x400.png\" alt width=\"400\" height=\"400\" srcset=\"https:\/\/fono.fcm.unc.edu.ar\/wp-content\/uploads\/sites\/14\/2022\/07\/INFO-ACADEMICA-1-66x66.png 66w, https:\/\/fono.fcm.unc.edu.ar\/wp-content\/uploads\/sites\/14\/2022\/07\/INFO-ACADEMICA-1-150x150.png 150w, https:\/\/fono.fcm.unc.edu.ar\/wp-content\/uploads\/sites\/14\/2022\/07\/INFO-ACADEMICA-1-200x200.png 200w, https:\/\/fono.fcm.unc.edu.ar\/wp-content\/uploads\/sites\/14\/2022\/07\/INFO-ACADEMICA-1-300x300.png 300w, https:\/\/fono.fcm.unc.edu.ar\/wp-content\/uploads\/sites\/14\/2022\/07\/INFO-ACADEMICA-1-400x400.png 400w, https:\/\/fono.fcm.unc.edu.ar\/wp-content\/uploads\/sites\/14\/2022\/07\/INFO-ACADEMICA-1-600x600.png 600w, https:\/\/fono.fcm.unc.edu.ar\/wp-content\/uploads\/sites\/14\/2022\/07\/INFO-ACADEMICA-1-768x768.png 768w, https:\/\/fono.fcm.unc.edu.ar\/wp-content\/uploads\/sites\/14\/2022\/07\/INFO-ACADEMICA-1-800x800.png 800w, https:\/\/fono.fcm.unc.edu.ar\/wp-content\/uploads\/sites\/14\/2022\/07\/INFO-ACADEMICA-1-1024x1024.png 1024w, https:\/\/fono.fcm.unc.edu.ar\/wp-content\/uploads\/sites\/14\/2022\/07\/INFO-ACADEMICA-1.png 1080w\" sizes=\"(max-width: 400px) 100vw, 400px\">La Escuela de Fonoaudiolog\u00eda informa que lxs estudiantes que quieran asimilarse al Plan Nuevo para cursar las asignaturas que se van a dictar en el 2\u00b0 cuatrimestre y que son propias de ese plan de estudio,&nbsp; deber\u00e1n consultar con Despacho de Alumnos la situaci\u00f3n particular teniendo en cuenta luego de los ex\u00e1menes finales de julio cu\u00e1les son las equivalencias y posibilidad de cursada.<\/p>\n<p>Recordamos que la Asimilaci\u00f3n es un proceso que se realizar\u00e1 en forma sostenida y acompa\u00f1ada hasta el a\u00f1o 2025.<\/p>\n<\/p><\/div>\n","protected":false},"excerpt":{"rendered":"<p>Asimilaci\u00f3n al nuevo Plan de Estudio La Escuela de Fonoaudiolog\u00eda informa que lxs estudiantes que quieran asimilarse al Plan Nuevo para cursar las asignaturas que se van a dictar en el 2\u00b0 cuatrimestre y que son propias de ese plan de estudio,&nbsp; deber\u00e1n consultar con Despacho de Alumnos la situaci\u00f3n particular teniendo en cuenta luego [&hellip;]<\/p>\n","protected":false},"author":1,"featured_media":0,"comment_status":"closed","ping_status":"closed","sticky":false,"template":"","format":"standard","meta":[],"categories":[1],"tags":[],"_links":{"self":[{"href":"http:\/\/hoycordobaweb.com\/index.php\/wp-json\/wp\/v2\/posts\/44228"}],"collection":[{"href":"http:\/\/hoycordobaweb.com\/index.php\/wp-json\/wp\/v2\/posts"}],"about":[{"href":"http:\/\/hoycordobaweb.com\/index.php\/wp-json\/wp\/v2\/types\/post"}],"author":[{"embeddable":true,"href":"http:\/\/hoycordobaweb.com\/index.php\/wp-json\/wp\/v2\/users\/1"}],"replies":[{"embeddable":true,"href":"http:\/\/hoycordobaweb.com\/index.php\/wp-json\/wp\/v2\/comments?post=44228"}],"version-history":[{"count":0,"href":"http:\/\/hoycordobaweb.com\/index.php\/wp-json\/wp\/v2\/posts\/44228\/revisions"}],"wp:attachment":[{"href":"http:\/\/hoycordobaweb.com\/index.php\/wp-json\/wp\/v2\/media?parent=44228"}],"wp:term":[{"taxonomy":"category","embeddable":true,"href":"http:\/\/hoycordobaweb.com\/index.php\/wp-json\/wp\/v2\/categories?post=44228"},{"taxonomy":"post_tag","embeddable":true,"href":"http:\/\/hoycordobaweb.com\/index.php\/wp-json\/wp\/v2\/tags?post=44228"}],"curies":[{"name":"wp","href":"https:\/\/api.w.org\/{rel}","templated":true}]}}