{"id":44192,"date":"2022-07-05T11:39:56","date_gmt":"2022-07-05T11:39:56","guid":{"rendered":"https:\/\/manoamanocba.com.ar\/?p=5499"},"modified":"2022-07-05T11:39:56","modified_gmt":"2022-07-05T11:39:56","slug":"vacaciones-de-invierno-en-cordoba-seran-del-11-al-22-de-julio","status":"publish","type":"post","link":"http:\/\/hoycordobaweb.com\/index.php\/2022\/07\/05\/vacaciones-de-invierno-en-cordoba-seran-del-11-al-22-de-julio\/","title":{"rendered":"Vacaciones de invierno: en C\u00f3rdoba ser\u00e1n del 11 al 22 de julio"},"content":{"rendered":"<div><img src=\"http:\/\/hoycordobaweb.com\/wp-content\/uploads\/2022\/07\/vacaciones-de-invierno-en-cordoba-seran-del-11-al-22-de-julio.jpg\" class=\"ff-og-image-inserted\"><\/div>\n<p>El primer cuatrimestre de clases en la provincia de C\u00f3rdoba llega a su fin y el Ministerio de Educaci\u00f3n recuerda que, entre el<strong>&nbsp;11 y el 22 de julio,&nbsp;<\/strong>tendr\u00e1 lugar el receso escolar de invierno para los niveles inicial, primario, secundario, superior y modalidades en escuelas de gesti\u00f3n estatal y privada<strong>.<\/strong><\/p>\n<p>De esta manera, <strong>a partir del lunes 25 de julio dar\u00e1 comienzo al segundo cuatrimestre<\/strong> del presente ciclo lectivo que, para el nivel superior, culminar\u00e1 el 25 de noviembre. En tanto, para las escuelas de r\u00e9gimen com\u00fan que tengan servicio educativo para los niveles inicial, primario, secundario y modalidades, concluir\u00e1 el 19 de diciembre pr\u00f3ximo.<\/p>\n<p>Asimismo, aquellas escuelas que se encuentran contempladas en el r\u00e9gimen especial (alta monta\u00f1a), iniciar\u00e1n el ciclo lectivo el pr\u00f3ximo 22 de agosto, finalizando su a\u00f1o escolar el 9 de junio de 2023.<\/p>\n<p><strong>Para agendar<\/strong><\/p>\n<p>El calendario escolar continuar\u00e1 de esta manera para lo que resta del a\u00f1o:<\/p>\n<p><strong>R\u00e9gimen com\u00fan<\/strong><\/p>\n<p><strong>11 al 22\/07\/22:<\/strong>&nbsp;Receso escolar de invierno.<br \/><strong>19\/12\/22:<\/strong>&nbsp;Finalizaci\u00f3n del ciclo lectivo Nivel Inicial, Primario, Secundario y Modalidades.<br \/><strong>20 al 29\/12\/22<\/strong>: Coloquios y ex\u00e1menes previos y equivalentes.<\/p>\n<p><strong>Nivel superior<\/strong><\/p>\n<p><strong>11 al 22\/07\/22:&nbsp;<\/strong>Receso Escolar de invierno.<br \/><strong>25\/11\/22:&nbsp;<\/strong>Finalizaci\u00f3n del ciclo lectivo.<br \/><strong>28\/11 al 23\/12\/22:&nbsp;<\/strong>Ex\u00e1menes y Evaluaci\u00f3n Institucional.<\/p>\n<p><strong>R\u00e9gimen especial:<\/strong><\/p>\n<p><strong>22\/08\/22:&nbsp;<\/strong>Inicio del ciclo lectivo.<br \/><strong>19\/12 al 30\/12\/22:&nbsp;<\/strong>Receso escolar.<br \/><strong>09\/06\/23:&nbsp;<\/strong>Finalizaci\u00f3n del Ciclo.<\/p>\n","protected":false},"excerpt":{"rendered":"<p>El primer cuatrimestre de clases en la provincia de C\u00f3rdoba llega a su fin y el Ministerio de Educaci\u00f3n recuerda que, entre el&nbsp;11 y el 22 de julio,&nbsp;tendr\u00e1 lugar el receso escolar de invierno para los niveles inicial, primario, secundario, superior y modalidades en escuelas de gesti\u00f3n estatal y privada. De esta manera, a partir [&hellip;]<\/p>\n","protected":false},"author":1,"featured_media":44193,"comment_status":"closed","ping_status":"closed","sticky":false,"template":"","format":"standard","meta":[],"categories":[19],"tags":[],"_links":{"self":[{"href":"http:\/\/hoycordobaweb.com\/index.php\/wp-json\/wp\/v2\/posts\/44192"}],"collection":[{"href":"http:\/\/hoycordobaweb.com\/index.php\/wp-json\/wp\/v2\/posts"}],"about":[{"href":"http:\/\/hoycordobaweb.com\/index.php\/wp-json\/wp\/v2\/types\/post"}],"author":[{"embeddable":true,"href":"http:\/\/hoycordobaweb.com\/index.php\/wp-json\/wp\/v2\/users\/1"}],"replies":[{"embeddable":true,"href":"http:\/\/hoycordobaweb.com\/index.php\/wp-json\/wp\/v2\/comments?post=44192"}],"version-history":[{"count":0,"href":"http:\/\/hoycordobaweb.com\/index.php\/wp-json\/wp\/v2\/posts\/44192\/revisions"}],"wp:featuredmedia":[{"embeddable":true,"href":"http:\/\/hoycordobaweb.com\/index.php\/wp-json\/wp\/v2\/media\/44193"}],"wp:attachment":[{"href":"http:\/\/hoycordobaweb.com\/index.php\/wp-json\/wp\/v2\/media?parent=44192"}],"wp:term":[{"taxonomy":"category","embeddable":true,"href":"http:\/\/hoycordobaweb.com\/index.php\/wp-json\/wp\/v2\/categories?post=44192"},{"taxonomy":"post_tag","embeddable":true,"href":"http:\/\/hoycordobaweb.com\/index.php\/wp-json\/wp\/v2\/tags?post=44192"}],"curies":[{"name":"wp","href":"https:\/\/api.w.org\/{rel}","templated":true}]}}