{"id":44150,"date":"2022-07-04T13:49:32","date_gmt":"2022-07-04T13:49:32","guid":{"rendered":"https:\/\/www.ole.com.ar\/futbol-internacional\/vuelta-psg-entrenamientos_0_diPn30dQsZ.html"},"modified":"2022-07-04T13:49:32","modified_gmt":"2022-07-04T13:49:32","slug":"volvio-el-psg-sin-messi-mbappe-ni-neymar","status":"publish","type":"post","link":"http:\/\/hoycordobaweb.com\/index.php\/2022\/07\/04\/volvio-el-psg-sin-messi-mbappe-ni-neymar\/","title":{"rendered":"Volvi\u00f3 el PSG: sin Messi, Mbapp\u00e9 ni Neymar"},"content":{"rendered":"<p><img src=\"http:\/\/hoycordobaweb.com\/wp-content\/uploads\/2022\/07\/volvio-el-psg-sin-messi-mbappe-ni-neymar.jpg\"><\/p>\n<p>Arranc\u00f3 una nueva etapa en el PSG. Este lunes se reanud\u00f3 la actividad en Camp des Loges, casi 40 d\u00edas despu\u00e9s del <a data-cke-saved-href=\"https:\/\/www.ole.com.ar\/futbol-internacional\/francia\/psg-goleo-metz-noche-emotiva_3_RcjUT4Vul.html\" target=\"_blank\" href=\"https:\/\/www.ole.com.ar\/futbol-internacional\/francia\/psg-goleo-metz-noche-emotiva_3_RcjUT4Vul.html\" rel=\"noopener noreferrer\"><strong>\u00faltimo 5-0 al Metz<\/strong><\/a>. Y el regreso fue discreto, con pocos jugadores, <strong>sin las principales estrellas ni el nuevo DT.<\/strong> <\/p>\n<div class=\"sp__SM\">\n<div class=\"content-new \">\n<span class=\"tit-mobile\">Mir\u00e1 tambi\u00e9n<\/span><\/p>\n<div class=\"mg\">\n<div class=\"wrap-figure\">\n<picture>\n<a href=\"https:\/\/www.ole.com.ar\/futbol-internacional\/francia\/psg-renato-sanches-refuerzo_0_Y6wphu1seX.html\" target=\"_self\" rel=\"noopener noreferrer\"><br \/>\n<img class=\"img-responsive\" alt=\"\u00bfOtro nuevo compa\u00f1ero para Messi?\" src=\"http:\/\/hoycordobaweb.com\/wp-content\/uploads\/2022\/07\/volvio-el-psg-sin-messi-mbappe-ni-neymar-2.jpg\" loading=\"lazy\"><br \/>\n<\/a>\n<\/picture>\n<\/div>\n<\/div><\/div>\n<\/div>\n<p>En las im\u00e1genes que comparti\u00f3 el club parisino,<strong> se pudo ver a Mauro Icardi, Sergio Ramos y&nbsp;Marco Verratti, entre otros,<\/strong> citados para realizar pruebas f\u00edsicas y para someterse a los ex\u00e1menes m\u00e9dicos previos a la pretemporada. <strong>Las ausencias de Messi y Mbapp\u00e9 estaban en los papeles, mientras el futuro de Ney en Par\u00eds es una inc\u00f3gnita.<\/strong><\/p>\n<p>Ocurre que a los jugadores que fueron citados a sus selecciones en la \u00faltima ventana de fecha FIFA de junio se les dio una semana m\u00e1s de descanso. De modo que <strong>se sumar\u00e1n a las pr\u00e1cticas el lunes 11 de julio.<\/strong> Ese d\u00eda, se prev\u00e9, se encontrar\u00e1n con el flamante entrenador.&nbsp;<\/p>\n<div class=\"sp__SM\">\n<div class=\"content-new \">\n<span class=\"tit-mobile\">Mir\u00e1 tambi\u00e9n<\/span><\/p>\n<div class=\"mg\">\n<div class=\"wrap-figure\">\n<picture>\n<a href=\"https:\/\/www.ole.com.ar\/seleccion\/fotos-vacaciones-jugadores-scaloneta_0_rItXWXifB0.html\" target=\"_self\" rel=\"noopener noreferrer\"><br \/>\n<img class=\"img-responsive\" alt=\"El \u00e1lbum de los \u00faltimos d\u00edas de vacaciones de la Scaloneta\" src=\"http:\/\/hoycordobaweb.com\/wp-content\/uploads\/2022\/07\/volvio-el-psg-sin-messi-mbappe-ni-neymar-3.jpg\" loading=\"lazy\"><br \/>\n<\/a>\n<\/picture>\n<\/div>\n<\/div><\/div>\n<\/div>\n<p>El PSG llam\u00f3 a una conferencia de prensa para este martes. No se inform\u00f3 el motivo, aunque en Francia dan por descontado que <a data-cke-saved-href=\"https:\/\/www.ole.com.ar\/futbol-internacional\/francia\/galtier-dirige-primera-practica-psg_0_Kqsuki2mJY.html\" target=\"_blank\" href=\"https:\/\/www.ole.com.ar\/futbol-internacional\/francia\/galtier-dirige-primera-practica-psg_0_Kqsuki2mJY.html\" rel=\"noopener noreferrer\"><strong>ser\u00e1 para oficializar a&nbsp;Christophe Galtier. El hombre que viene del Niza<\/strong><\/a> firmar\u00e1 un contrato por dos a\u00f1os. Su presentaci\u00f3n se viene dilatando ya que el club parisino estaba acordando la salida de Mauricio Pochettino.<\/p>\n<p>S\u00ed estuvo en el Camp de Loges <strong>Luis Campos, el portugu\u00e9s que fue nombrado en junio nuevo consejero deportivo<\/strong>, en reemplazo del brasile\u00f1o Leonardo.<\/p>\n<h2><strong>La actividad<\/strong><\/h2>\n<p>El equipo de Messi tendr\u00e1 su primer compromiso el 15 de julio en el predio del PSG ante&nbsp;US Quevilly-Rouen M\u00e9trople, un equipo de la Ligue 2. Luego arrancar\u00e1 una g<strong>ira por Jap\u00f3n, donde enfrentar\u00e1 a Urawa y G-Osaka. <\/strong>El debut oficial ser\u00e1 <strong>el 31 de julio en la final de la Supercopa de Francia ante Nantes en Tel Aviv.<\/strong><\/p>\n<h2><strong>Por ahora un s\u00f3lo refuerzo<\/strong><\/h2>\n<p>Con la meta de conseguir de una vez por todas la ansiada Orejona que se le viene negando, el PSG empez\u00f3 moverse para traer caras nuevas. Aunque, hasta ahora, estuvo lejos de romper el mercado de pases en el Viejo Continente. El \u00fanico refuerzo es <a data-cke-saved-href=\"https:\/\/www.sportingnews.com\/ar\/futbol\/news\/quien-es-vitinha-nuevo-fichaje-psg-temporada-2022-2023\/p0eetboaj88dwofyisruhrjd\" target=\"_blank\" href=\"https:\/\/www.sportingnews.com\/ar\/futbol\/news\/quien-es-vitinha-nuevo-fichaje-psg-temporada-2022-2023\/p0eetboaj88dwofyisruhrjd\" rel=\"noopener noreferrer\"><strong>el portugu\u00e9s Vitinha, quien dej\u00f3 el Porto por 40.000.000 de euros.<\/strong><\/a> Y aunque la cifra pueda impactar, se trata de una apuesta a futuro.<\/p>\n<div class=\"sp__SM\">\n<div class=\"content-new \">\n<span class=\"tit-mobile\">Mir\u00e1 tambi\u00e9n<\/span><\/p>\n<div class=\"mg\">\n<div class=\"wrap-figure\">\n<picture>\n<a href=\"https:\/\/www.ole.com.ar\/futbol-internacional\/francia\/messi-psg-primer-rival-pretemporada_0_fwOPV2gqyR.html\" target=\"_self\" rel=\"noopener noreferrer\"><br \/>\n<img class=\"img-responsive\" alt=\"Messi ya conoce a su primer rival de pretemporada\" src=\"http:\/\/hoycordobaweb.com\/wp-content\/uploads\/2022\/07\/volvio-el-psg-sin-messi-mbappe-ni-neymar-4.jpg\" loading=\"lazy\"><br \/>\n<\/a>\n<\/picture>\n<\/div>\n<\/div><\/div>\n<\/div>\n<h2><strong>Las salidas<\/strong><\/h2>\n<p> Entre los que ya no estar\u00e1n se destaca la salida de Angel Di Mar\u00eda, a quien los directivos -encabezados por el qatar\u00ed Nasser Al-Khelaifi- decidieron no renovarle el contrato, aunque el deseo de Fideo era quedarse en Par\u00eds. Adem\u00e1s, se podr\u00edan sumar m\u00e1s salidas en los pr\u00f3ximos d\u00edas: Mauro Icardi, con v\u00ednculo hasta 2024, podr\u00eda armar las valijas. Y no ser\u00eda el \u00fanico&#8230;<\/p>\n<h2><strong>El anuncio de la firma del contrato de un pibe de 17 a\u00f1os<\/strong><\/h2>\n<div class=\"sp__Normal htmlLibre\">\n<div class=\"embed-responsive-c\" readability=\"6.6394849785408\">\n<blockquote class=\"twitter-tweet\" readability=\"6.6394849785408\">\n<p lang=\"fr\" dir=\"ltr\">Le Paris Saint-Germain est heureux d\u2019annoncer la prolongation d\u2019Ayman Kari. \u270d\ufe0f<\/p>\n<p>Le milieu de terrain est d\u00e9sormais li\u00e9 au club de la capitale jusqu\u2019au 30 juin 2024. \ud83d\udd34\ud83d\udd35<\/p>\n<p>\u2014 Paris Saint-Germain (@PSG_inside) <a href=\"https:\/\/twitter.com\/PSG_inside\/status\/1543935388250677249?ref_src=twsrc%5Etfw\">July 4, 2022<\/a><\/p><\/blockquote><\/div>\n<\/div>\n<p>El club parisino comunic\u00f3 este lunes que se le hizo extendi\u00f3 el contrato profesional a&nbsp;Ayman Kari.<\/p>\n<p><em>Paris Saint-Germain se complace en anunciar la extensi\u00f3n de Ayman Kari. El centrocampista est\u00e1 ahora atado al club capitalino hasta el 30 de junio de 2024.<\/em><\/p>\n<p> <em>Despu\u00e9s de iniciarse en el f\u00fatbol en el US Villejuif, Ayman Kari ingres\u00f3 al Centro de Preformaci\u00f3n de Par\u00eds a la edad de 11 a\u00f1os. Luego se incorpor\u00f3 al Centro de Entrenamiento del Club donde jug\u00f3 por primera vez con la Sub-17 antes de consolidarse como titular en la Sub-19.<\/em><\/p>\n<p> <em>Seleccionado en tres ocasiones para la selecci\u00f3n de Francia Sub-18, el natural de Ivry-sur-Seine particip\u00f3, durante la \u00faltima temporada con la Sub-19 Rouge &amp; Bleu, en 25 partidos de liga (1 gol), 7 en la Youth League y 3 en el Gambardella Copa (1 gol). El centrocampista de 17 a\u00f1os tambi\u00e9n se coron\u00f3 \u00abTiti d&#8217;Or\u00bb 2021, trofeo que premia al mejor jugador del Centro de Entrenamiento.<\/em><\/p>\n<p> <em>El Club desea que Ayman siga teniendo \u00e9xito con la camiseta del Paris Saint-Germain.<\/em><\/p>\n<div class=\"entry-tags\">\n<h2>TEMAS QUE APARECEN EN ESTA NOTA<\/h2>\n<\/p><\/div>\n","protected":false},"excerpt":{"rendered":"<p>Arranc\u00f3 una nueva etapa en el PSG. Este lunes se reanud\u00f3 la actividad en Camp des Loges, casi 40 d\u00edas despu\u00e9s del \u00faltimo 5-0 al Metz. Y el regreso fue discreto, con pocos jugadores, sin las principales estrellas ni el nuevo DT. Mir\u00e1 tambi\u00e9n En las im\u00e1genes que comparti\u00f3 el club parisino, se pudo ver [&hellip;]<\/p>\n","protected":false},"author":1,"featured_media":44151,"comment_status":"open","ping_status":"closed","sticky":false,"template":"","format":"standard","meta":[],"categories":[16],"tags":[],"_links":{"self":[{"href":"http:\/\/hoycordobaweb.com\/index.php\/wp-json\/wp\/v2\/posts\/44150"}],"collection":[{"href":"http:\/\/hoycordobaweb.com\/index.php\/wp-json\/wp\/v2\/posts"}],"about":[{"href":"http:\/\/hoycordobaweb.com\/index.php\/wp-json\/wp\/v2\/types\/post"}],"author":[{"embeddable":true,"href":"http:\/\/hoycordobaweb.com\/index.php\/wp-json\/wp\/v2\/users\/1"}],"replies":[{"embeddable":true,"href":"http:\/\/hoycordobaweb.com\/index.php\/wp-json\/wp\/v2\/comments?post=44150"}],"version-history":[{"count":0,"href":"http:\/\/hoycordobaweb.com\/index.php\/wp-json\/wp\/v2\/posts\/44150\/revisions"}],"wp:featuredmedia":[{"embeddable":true,"href":"http:\/\/hoycordobaweb.com\/index.php\/wp-json\/wp\/v2\/media\/44151"}],"wp:attachment":[{"href":"http:\/\/hoycordobaweb.com\/index.php\/wp-json\/wp\/v2\/media?parent=44150"}],"wp:term":[{"taxonomy":"category","embeddable":true,"href":"http:\/\/hoycordobaweb.com\/index.php\/wp-json\/wp\/v2\/categories?post=44150"},{"taxonomy":"post_tag","embeddable":true,"href":"http:\/\/hoycordobaweb.com\/index.php\/wp-json\/wp\/v2\/tags?post=44150"}],"curies":[{"name":"wp","href":"https:\/\/api.w.org\/{rel}","templated":true}]}}