{"id":44148,"date":"2022-07-04T16:33:09","date_gmt":"2022-07-04T16:33:09","guid":{"rendered":"https:\/\/www.ole.com.ar\/independiente\/chuky-ferreyra-independiente_0_WZTKrafH1i.html"},"modified":"2022-07-04T16:33:09","modified_gmt":"2022-07-04T16:33:09","slug":"chuky-ferreyra-hacer-muchos-goles-y-quedarme-mucho-tiempo","status":"publish","type":"post","link":"http:\/\/hoycordobaweb.com\/index.php\/2022\/07\/04\/chuky-ferreyra-hacer-muchos-goles-y-quedarme-mucho-tiempo\/","title":{"rendered":"Chuky Ferreyra: \u00abHacer muchos goles y quedarme mucho tiempo\u00bb"},"content":{"rendered":"<p><img src=\"http:\/\/hoycordobaweb.com\/wp-content\/uploads\/2022\/07\/chuky-ferreyra-hacer-muchos-goles-y-quedarme-mucho-tiempo.jpg\"><\/p>\n<p><strong>Facundo Ferreyra<\/strong> ya tiene un pie en <a data-cke-saved-href=\"https:\/\/www.ole.com.ar\/independiente\/benavidez-alaves-independiente_0_L1dU7ilFdN.html\" target=\"_blank\" href=\"https:\/\/www.ole.com.ar\/independiente\/benavidez-alaves-independiente_0_L1dU7ilFdN.html\" rel=\"noopener noreferrer\"><strong>Independiente<\/strong><\/a>. El delantero de 31 a\u00f1os proveniente de Xolos de Tijuana se someti\u00f3 este lunes por la ma\u00f1ana a la revisi\u00f3n m\u00e9dica. Si los estudios dan bien, firmar\u00e1 en las pr\u00f3ximas horas su contrato con el Rojo. <strong>Ser\u00e1 un pr\u00e9stamo por seis meses con un cargo de 200.000 d\u00f3lares y una opci\u00f3n de compra de 2.500.000 d\u00f3lares.<\/strong><\/p>\n<p>Tras los estudios de rigor, Chuky habl\u00f3 con la prensa y se mostr\u00f3 entusiasmado por este desaf\u00edo. <strong>\u00abYa estoy con ganas de ponerme a disposici\u00f3n del cuerpo t\u00e9cnico. Independiente es un club grande, con mucha historia. Mi objetivo es hacer muchos goles y quedarme mucho tiempo\u00bb<\/strong>, asegur\u00f3.<\/p>\n<div class=\"sp__SM\">\n<div class=\"content-new \">\n<span class=\"tit-mobile\">Mir\u00e1 tambi\u00e9n<\/span><\/p>\n<div class=\"mg\">\n<div class=\"wrap-figure\">\n<picture>\n<a href=\"https:\/\/www.ole.com.ar\/independiente\/hachen-independiente-bienvenido_0_A6xHxZ2KRg.html\" target=\"_self\" rel=\"noopener noreferrer\"><br \/>\n<img class=\"img-responsive\" alt=\"El Rojo present\u00f3 a Gabriel Hachen\" src=\"http:\/\/hoycordobaweb.com\/wp-content\/uploads\/2022\/07\/chuky-ferreyra-hacer-muchos-goles-y-quedarme-mucho-tiempo-2.jpg\" loading=\"lazy\"><br \/>\n<\/a>\n<\/picture>\n<\/div>\n<\/div><\/div>\n<\/div>\n<p>El ex delantero de Banfield, V\u00e9lez, Shakhtar Donetsk, Newcastle, Benfica, Espanyol, Celta y Cluj (Rumania), disput\u00f3 14 partidos en lo que va del 2022 en el Tijuana y convirti\u00f3 un gol. <strong>\u00abEl club incorpor\u00f3 dos delanteros y yo hac\u00eda un mes que ven\u00eda hablando con Rolfi Montenegro. \u00c9l se volvi\u00f3 a contactar en los \u00faltimos d\u00edas y por eso hoy estoy ac\u00e1\u00bb,<\/strong> cont\u00f3.<\/p>\n<div class=\"sp__SM\">\n<div class=\"content-new \">\n<span class=\"tit-mobile\">Mir\u00e1 tambi\u00e9n<\/span><\/p>\n<div class=\"mg\">\n<div class=\"wrap-figure\">\n<picture>\n<a href=\"https:\/\/www.ole.com.ar\/independiente\/racha-independiente-partidos-dominguez_0_pv1KsDUYr6.html\" target=\"_self\" rel=\"noopener noreferrer\"><br \/>\n<img class=\"img-responsive\" alt=\"La tremenda racha adversa del Rojo\" src=\"http:\/\/hoycordobaweb.com\/wp-content\/uploads\/2022\/07\/chuky-ferreyra-hacer-muchos-goles-y-quedarme-mucho-tiempo-3.jpg\" loading=\"lazy\"><br \/>\n<\/a>\n<\/picture>\n<\/div>\n<\/div><\/div>\n<\/div>\n<h2><strong>La va a pelear<\/strong><\/h2>\n<p>Chuky llega al Rojo para pelear un lugar en el ataque con Leandro Benegas y Leandro Fern\u00e1ndez, los otros delanteros que tiene <a target=\"_blank\" href=\"https:\/\/www.ole.com.ar\/independiente\/previa-independiente-vs-platense_0_sCM841tIJt.html\" rel=\"noopener noreferrer\"><strong>Eduardo Dom\u00ednguez<\/strong><\/a> a disposici\u00f3n. En ese puesto tambi\u00e9n est\u00e1 el juvenil Juli\u00e1n Romero, que corre de atr\u00e1s.<\/p>\n<div class=\"sp__SM\">\n<div class=\"content-new \">\n<span class=\"tit-mobile\">Mir\u00e1 tambi\u00e9n<\/span><\/p>\n<div class=\"mg\">\n<div class=\"wrap-figure\">\n<picture>\n<a href=\"https:\/\/www.ole.com.ar\/independiente\/refuerzos-ferreyra_0_FsKOOVKRjN.html\" target=\"_self\" rel=\"noopener noreferrer\"><br \/>\n<img class=\"img-responsive\" alt=\"Los tres refuerzos que esperan en el Rojo\" src=\"http:\/\/hoycordobaweb.com\/wp-content\/uploads\/2022\/07\/chuky-ferreyra-hacer-muchos-goles-y-quedarme-mucho-tiempo-4.jpg\" loading=\"lazy\"><br \/>\n<\/a>\n<\/picture>\n<\/div>\n<\/div><\/div>\n<\/div>\n<p>\u00abMi idea es quedarme ac\u00e1. Mi familia quiere asentarse. Ojal\u00e1 pueda quedarme mucho m\u00e1s tiempo ac\u00e1. Al hincha le digo que voy a dejar todo y tratar de hacer la mayor cantidad de goles\u00bb, se ilusion\u00f3, al tiempo que ya se imagina su estreno con la camiseta del Rojo: \u00abEstoy bien f\u00edsicamente porque hice m\u00e1s de un mes de pretemporada. <strong>Estar\u00eda bueno que mi debut sea en el cl\u00e1sico contra Racing\u00bb.<\/strong><\/p>\n<div class=\"entry-tags\">\n<h2>TEMAS QUE APARECEN EN ESTA NOTA<\/h2>\n<\/p><\/div>\n","protected":false},"excerpt":{"rendered":"<p>Facundo Ferreyra ya tiene un pie en Independiente. El delantero de 31 a\u00f1os proveniente de Xolos de Tijuana se someti\u00f3 este lunes por la ma\u00f1ana a la revisi\u00f3n m\u00e9dica. Si los estudios dan bien, firmar\u00e1 en las pr\u00f3ximas horas su contrato con el Rojo. Ser\u00e1 un pr\u00e9stamo por seis meses con un cargo de 200.000 [&hellip;]<\/p>\n","protected":false},"author":1,"featured_media":44149,"comment_status":"open","ping_status":"closed","sticky":false,"template":"","format":"standard","meta":[],"categories":[16],"tags":[],"_links":{"self":[{"href":"http:\/\/hoycordobaweb.com\/index.php\/wp-json\/wp\/v2\/posts\/44148"}],"collection":[{"href":"http:\/\/hoycordobaweb.com\/index.php\/wp-json\/wp\/v2\/posts"}],"about":[{"href":"http:\/\/hoycordobaweb.com\/index.php\/wp-json\/wp\/v2\/types\/post"}],"author":[{"embeddable":true,"href":"http:\/\/hoycordobaweb.com\/index.php\/wp-json\/wp\/v2\/users\/1"}],"replies":[{"embeddable":true,"href":"http:\/\/hoycordobaweb.com\/index.php\/wp-json\/wp\/v2\/comments?post=44148"}],"version-history":[{"count":0,"href":"http:\/\/hoycordobaweb.com\/index.php\/wp-json\/wp\/v2\/posts\/44148\/revisions"}],"wp:featuredmedia":[{"embeddable":true,"href":"http:\/\/hoycordobaweb.com\/index.php\/wp-json\/wp\/v2\/media\/44149"}],"wp:attachment":[{"href":"http:\/\/hoycordobaweb.com\/index.php\/wp-json\/wp\/v2\/media?parent=44148"}],"wp:term":[{"taxonomy":"category","embeddable":true,"href":"http:\/\/hoycordobaweb.com\/index.php\/wp-json\/wp\/v2\/categories?post=44148"},{"taxonomy":"post_tag","embeddable":true,"href":"http:\/\/hoycordobaweb.com\/index.php\/wp-json\/wp\/v2\/tags?post=44148"}],"curies":[{"name":"wp","href":"https:\/\/api.w.org\/{rel}","templated":true}]}}