{"id":44146,"date":"2022-07-04T16:35:51","date_gmt":"2022-07-04T16:35:51","guid":{"rendered":"https:\/\/www.ole.com.ar\/boca-juniors\/boca-juniors-once-corinthians_0_HTiMTHaSx2.html"},"modified":"2022-07-04T16:35:51","modified_gmt":"2022-07-04T16:35:51","slug":"el-uno-x-uno-de-los-11-que-paro-battaglia-para-buscar-el-pase-a-cuartos","status":"publish","type":"post","link":"http:\/\/hoycordobaweb.com\/index.php\/2022\/07\/04\/el-uno-x-uno-de-los-11-que-paro-battaglia-para-buscar-el-pase-a-cuartos\/","title":{"rendered":"El uno x uno de los 11 que par\u00f3 Battaglia para buscar el pase a cuartos"},"content":{"rendered":"<p><img src=\"http:\/\/hoycordobaweb.com\/wp-content\/uploads\/2022\/07\/el-uno-x-uno-de-los-11-que-paro-battaglia-para-buscar-el-pase-a-cuartos.jpg\"><\/p>\n<p><a alt=\"boca-juniors\" class=\"slug\" href=\"https:\/\/www.ole.com.ar\/tema\/boca-juniors.html\" target=\"_blank\" title=\"boca-juniors\" rel=\"noopener noreferrer\">Boca<\/a> enfrentar\u00e1 a <a alt=\"corinthians\" class=\"slug\" href=\"https:\/\/www.ole.com.ar\/tema\/corinthians.html\" target=\"_blank\" title=\"corinthians\" rel=\"noopener noreferrer\">Corinthians<\/a>&nbsp;el&nbsp;martes por los octavos de final de la <a alt=\"copa-libertadores\" class=\"slug\" href=\"https:\/\/www.ole.com.ar\/tema\/copa-libertadores.html\" target=\"_blank\" title=\"copa-libertadores\" rel=\"noopener noreferrer\">Copa Libertadores<\/a> desde las 21.30 horas en la <a alt=\"bombonera\" class=\"slug\" href=\"https:\/\/www.ole.com.ar\/tema\/bombonera.html\" target=\"_blank\" title=\"bombonera\" rel=\"noopener noreferrer\">Bombonera<\/a> y <a alt=\"sebastian-battaglia\" class=\"slug\" href=\"https:\/\/www.ole.com.ar\/tema\/sebastian-battaglia.html\" target=\"_blank\" title=\"sebastian-battaglia\" rel=\"noopener noreferrer\">Sebasti\u00e1n Battaglia<\/a> ya tiene en mente el equipo que parar\u00e1 en cancha para tratar de acceder a los cuartos de final, de acuerdo a<strong> los nombres&nbsp;que par\u00f3 en el trabajo t\u00e1ctico<\/strong> de este lunes por la ma\u00f1ana. <strong>Su 11 ideal.<\/strong><\/p>\n<p>A continuaci\u00f3n,<strong> el uno x uno del Boca de Battaglia<\/strong> que saldr\u00e1 a buscar el pase a cuartos de final de la Libertadores.<\/p>\n<div class=\"sp__SM\">\n<div class=\"content-new \">\n<span class=\"tit-mobile\">Mir\u00e1 tambi\u00e9n<\/span><\/p>\n<div class=\"mg\">\n<div class=\"wrap-figure\">\n<picture>\n<a href=\"https:\/\/www.ole.com.ar\/boca-juniors\/arturo-vidal-boca-flamengo_0_KR5pQB4OD2.html\" target=\"_self\" rel=\"noopener noreferrer\"><br \/>\n<img class=\"img-responsive\" alt=\"Chau al sue\u00f1o de Boca: Vidal firm\u00f3 precontrato con Flamengo\" src=\"http:\/\/hoycordobaweb.com\/wp-content\/uploads\/2022\/07\/el-uno-x-uno-de-los-11-que-paro-battaglia-para-buscar-el-pase-a-cuartos-2.jpg\" loading=\"lazy\"><br \/>\n<\/a>\n<\/picture>\n<\/div>\n<\/div><\/div>\n<\/div>\n<p><mark><strong>AGUST\u00cdN ROSSI<\/strong><\/mark>: 22 PJ (2018, 2021 y 2022) &#8211; S\u00f3lo le metieron 14 goles. <strong>Le qued\u00f3 la espina de la Libertadores 2018<\/strong>, cuando entr\u00f3 por la fractura de mand\u00edbula&nbsp;de&nbsp;<a alt=\"esteban-andrada\" class=\"slug\" href=\"https:\/\/www.ole.com.ar\/tema\/esteban-andrada.html\" target=\"_blank\" title=\"esteban-andrada\" rel=\"noopener noreferrer\">Esteban Andrada<\/a>&nbsp;y&nbsp;tuvo una muy buena final de ida, pero para la revancha volvi\u00f3 Sabandija y la mir\u00f3 desde el banco.<\/p>\n<p><mark><strong>LUIS ADV\u00cdNCULA<\/strong><\/mark>: 6 PJ (2022) &#8211; Se convirti\u00f3 en una de las <strong>piezas fundamentales del equipo<\/strong>, m\u00e1s a\u00fan tras el baj\u00f3n futbol\u00edstico de <a alt=\"marcelo-weingandt\" class=\"slug\" href=\"https:\/\/www.ole.com.ar\/tema\/marcelo-weingandt.html\" target=\"_blank\" title=\"marcelo-weingandt\" rel=\"noopener noreferrer\">Marcelo Weigandt<\/a> y la lesi\u00f3n de <a alt=\"nicolas-figal\" class=\"slug\" href=\"https:\/\/www.ole.com.ar\/tema\/nicolas-figal.html\" target=\"_blank\" title=\"nicolas-figal\" rel=\"noopener noreferrer\">Nicol\u00e1s Figal<\/a>.<\/p>\n<p><mark><strong>CARLOS IZQUIERDOZ<\/strong><\/mark>: 40 PJ (2018, 2019, 2020, 2021 y 2022) &#8211; Todav\u00eda no pudo marcar goles, viene de la suspensi\u00f3n por los incidentes ante Atl\u00e9tico Mineiro&nbsp;y esta podr\u00eda ser su \u00faltima edici\u00f3n con la camiseta de Boca.&nbsp; Estuvo en la final del 2018.<\/p>\n<div class=\"sp__SM\">\n<div class=\"content-new \">\n<span class=\"tit-mobile\">Mir\u00e1 tambi\u00e9n<\/span><\/p>\n<div class=\"mg\">\n<div class=\"wrap-figure\">\n<picture>\n<a href=\"https:\/\/www.ole.com.ar\/futbol-primera\/clubes-argentinos-copa-torneo-local_0_CqbU1dnUkK.html\" target=\"_self\" rel=\"noopener noreferrer\"><br \/>\n<img class=\"img-responsive\" alt=\"Los clubes argentinos no se copan en el torneo local\" src=\"http:\/\/hoycordobaweb.com\/wp-content\/uploads\/2022\/07\/el-uno-x-uno-de-los-11-que-paro-battaglia-para-buscar-el-pase-a-cuartos-3.jpg\" loading=\"lazy\"><br \/>\n<\/a>\n<\/picture>\n<\/div>\n<\/div><\/div>\n<\/div>\n<p><mark><strong>MARCOS ROJO<\/strong><\/mark>: 5 PJ (2021 y 2022) &#8211; Otro que le cost\u00f3 caro lo de Mineiro, con cinco fechas de suspensi\u00f3n. Fue campe\u00f3n con Estudiantes en 2009, aunque jug\u00f3 solo un minuto.<b>&nbsp;<\/b><\/p>\n<p><mark><strong>FRANK FABRA<\/strong><\/mark>: 33 PJ (2016, 2018, 2019, 2020, 2021 y 2022) -Tres goles y seis asistencias. <strong>Es el que m\u00e1s ediciones disput\u00f3&nbsp;con la camiseta Xeneize del actual plantel.<\/strong>&nbsp;Estuvo en la final del 2018 y las semis de 2016,&nbsp;2019 y 2020.<\/p>\n<div class=\"sp__SM\">\n<div class=\"content-new \">\n<span class=\"tit-mobile\">Mir\u00e1 tambi\u00e9n<\/span><\/p>\n<div class=\"mg\">\n<div class=\"wrap-figure\">\n<picture>\n<a href=\"https:\/\/www.ole.com.ar\/boca-juniors\/boca-corinthians-tv-formaciones-octavos_0_R9unT4lBkB.html\" target=\"_self\" rel=\"noopener noreferrer\"><br \/>\n<img class=\"img-responsive\" alt=\"Boca - Corinthians: hora, formaciones y TV\" src=\"http:\/\/hoycordobaweb.com\/wp-content\/uploads\/2022\/07\/el-uno-x-uno-de-los-11-que-paro-battaglia-para-buscar-el-pase-a-cuartos-4.jpg\" loading=\"lazy\"><br \/>\n<\/a>\n<\/picture>\n<\/div>\n<\/div><\/div>\n<\/div>\n<p><mark><strong>POL FERN\u00c1NDEZ:<\/strong><\/mark>&nbsp;15 PJ (2013, 2020 y 2022) &#8211; Meti\u00f3 un gol en&nbsp;2013 contra <a alt=\"toluca\" class=\"slug\" href=\"https:\/\/www.ole.com.ar\/tema\/toluca.html\" target=\"_blank\" title=\"toluca\" rel=\"noopener noreferrer\">Toluca<\/a>&nbsp;en M\u00e9xico, por la&nbsp;fase de grupos, cuando el DT era <a alt=\"carlos-bianchi\" class=\"slug\" href=\"https:\/\/www.ole.com.ar\/tema\/carlos-bianchi.html\" target=\"_blank\" title=\"carlos-bianchi\" rel=\"noopener noreferrer\">Carlos Bianchi<\/a>&nbsp;y el 10 del equipo, Riquelme.&nbsp; Est\u00e1&nbsp;en su tercer ciclo en el club.<\/p>\n<p><mark><strong>ALAN VARELA<\/strong><\/mark>: 13 PJ (2021 y 2022) &#8211; Parte de la MVA de Russo en 2021 y con un gol importante en 2022 contra <a alt=\"deportivo-cali\" class=\"slug\" href=\"https:\/\/www.ole.com.ar\/tema\/deportivo-cali.html\" target=\"_blank\" title=\"deportivo-cali\" rel=\"noopener noreferrer\">Deportivo Cali<\/a>&nbsp;que ayud\u00f3 a Boca a clasificar primero del grupo.&nbsp;<\/p>\n<div class=\"sp__SM\">\n<div class=\"content-new \">\n<span class=\"tit-mobile\">Mir\u00e1 tambi\u00e9n<\/span><\/p>\n<div class=\"mg\">\n<div class=\"wrap-figure\">\n<picture>\n<a href=\"https:\/\/www.ole.com.ar\/boca-juniors\/boca-juniors-final-copa-corinthians_0_NEdpOARSzc.html\" target=\"_self\" rel=\"noopener noreferrer\"><br \/>\n<img class=\"img-responsive\" alt=\"Boca-Corinthians, los octavos a diez a\u00f1os de la final\" src=\"http:\/\/hoycordobaweb.com\/wp-content\/uploads\/2022\/07\/el-uno-x-uno-de-los-11-que-paro-battaglia-para-buscar-el-pase-a-cuartos-5.jpg\" loading=\"lazy\"><br \/>\n<\/a>\n<\/picture>\n<\/div>\n<\/div><\/div>\n<\/div>\n<p><mark><strong>OSCAR ROMERO<\/strong><\/mark>: 7 PJ (2022) &#8211; Asistencia perfecta. No falt\u00f3 en ning\u00fan partido de esta Copa y todos de titular:&nbsp; cinco complet\u00f3 los 90, en otro sali\u00f3 a los 89 y en el restante a los 73.<\/p>\n<p><mark><strong>EXEQUIEL ZEBALLOS<\/strong><\/mark>: 8 PJ (2021 y 2022) &#8211; Sin goles por ahora, con una asistencia. Lleva tres partidos al hilo como titular en la Copa.<\/p>\n<div class=\"sp__SM\">\n<div class=\"content-new \">\n<span class=\"tit-mobile\">Mir\u00e1 tambi\u00e9n<\/span><\/p>\n<div class=\"mg\">\n<div class=\"wrap-figure\">\n<picture>\n<a href=\"https:\/\/www.ole.com.ar\/boca-juniors\/tarotista-boca-pronostico-vs-corinthians_0_h8HqP2EUHA.html\" target=\"_self\" rel=\"noopener noreferrer\"><br \/>\n<img class=\"img-responsive\" alt=\"Video: el pron\u00f3stico del tarotista de Boca para la revancha vs. Corinthians\" src=\"http:\/\/hoycordobaweb.com\/wp-content\/uploads\/2022\/07\/el-uno-x-uno-de-los-11-que-paro-battaglia-para-buscar-el-pase-a-cuartos-6.jpg\" loading=\"lazy\"><br \/>\n<\/a>\n<\/picture>\n<\/div>\n<\/div><\/div>\n<\/div>\n<p><mark><strong>DAR\u00cdO BENEDETTO<\/strong><\/mark>: 20 PJ (2016, 2018, 2019 y 2022) &#8211; Convirti\u00f3 11 goles y dio tres asistencias. Su debut en Boca fue en la semifinal de ida ante Independiente del Valle en 2016, cuando jug\u00f3 extra\u00f1amente por la derecha.&nbsp;&nbsp;<\/p>\n<p><mark><span><span><b>SEBASTI\u00c1N VILLA<\/b><\/span><\/span>:<\/mark> 29 PJ (2018, 2019, 2020, 2021 y 2022) &#8211; Cuatro goles y cinco asistencias. En la edici\u00f3n actual, por la sanci\u00f3n por los incidentes ante Mineiro, s\u00f3lo jug\u00f3 la ida de octavos.<\/p>\n<div class=\"sp__SM\">\n<div class=\"content-new \">\n<span class=\"tit-mobile\">Mir\u00e1 tambi\u00e9n<\/span><\/p>\n<div class=\"mg\">\n<div class=\"wrap-figure\">\n<picture>\n<a href=\"https:\/\/www.ole.com.ar\/boca-juniors\/boca-battaglia-racha-mano-mano_0_oG2FGBmdGT.html\" target=\"_self\" rel=\"noopener noreferrer\"><br \/>\n<img class=\"img-responsive\" alt=\"0800 Virrey: la racha top de Battaglia en los mano a mano\" src=\"http:\/\/hoycordobaweb.com\/wp-content\/uploads\/2022\/07\/el-uno-x-uno-de-los-11-que-paro-battaglia-para-buscar-el-pase-a-cuartos-7.jpg\" loading=\"lazy\"><br \/>\n<\/a>\n<\/picture>\n<\/div>\n<\/div><\/div>\n<\/div>\n<div class=\"entry-tags\">\n<h2>TEMAS QUE APARECEN EN ESTA NOTA<\/h2>\n<\/p><\/div>\n","protected":false},"excerpt":{"rendered":"<p>Boca enfrentar\u00e1 a Corinthians&nbsp;el&nbsp;martes por los octavos de final de la Copa Libertadores desde las 21.30 horas en la Bombonera y Sebasti\u00e1n Battaglia ya tiene en mente el equipo que parar\u00e1 en cancha para tratar de acceder a los cuartos de final, de acuerdo a los nombres&nbsp;que par\u00f3 en el trabajo t\u00e1ctico de este lunes [&hellip;]<\/p>\n","protected":false},"author":1,"featured_media":44147,"comment_status":"open","ping_status":"closed","sticky":false,"template":"","format":"standard","meta":[],"categories":[16],"tags":[],"_links":{"self":[{"href":"http:\/\/hoycordobaweb.com\/index.php\/wp-json\/wp\/v2\/posts\/44146"}],"collection":[{"href":"http:\/\/hoycordobaweb.com\/index.php\/wp-json\/wp\/v2\/posts"}],"about":[{"href":"http:\/\/hoycordobaweb.com\/index.php\/wp-json\/wp\/v2\/types\/post"}],"author":[{"embeddable":true,"href":"http:\/\/hoycordobaweb.com\/index.php\/wp-json\/wp\/v2\/users\/1"}],"replies":[{"embeddable":true,"href":"http:\/\/hoycordobaweb.com\/index.php\/wp-json\/wp\/v2\/comments?post=44146"}],"version-history":[{"count":0,"href":"http:\/\/hoycordobaweb.com\/index.php\/wp-json\/wp\/v2\/posts\/44146\/revisions"}],"wp:featuredmedia":[{"embeddable":true,"href":"http:\/\/hoycordobaweb.com\/index.php\/wp-json\/wp\/v2\/media\/44147"}],"wp:attachment":[{"href":"http:\/\/hoycordobaweb.com\/index.php\/wp-json\/wp\/v2\/media?parent=44146"}],"wp:term":[{"taxonomy":"category","embeddable":true,"href":"http:\/\/hoycordobaweb.com\/index.php\/wp-json\/wp\/v2\/categories?post=44146"},{"taxonomy":"post_tag","embeddable":true,"href":"http:\/\/hoycordobaweb.com\/index.php\/wp-json\/wp\/v2\/tags?post=44146"}],"curies":[{"name":"wp","href":"https:\/\/api.w.org\/{rel}","templated":true}]}}