{"id":44142,"date":"2022-07-04T16:38:46","date_gmt":"2022-07-04T16:38:46","guid":{"rendered":"https:\/\/www.ole.com.ar\/futbol-internacional\/america\/carlos-angeles-fc-debera-venir-trabajar_0_0x8A48D4kZ.html"},"modified":"2022-07-04T16:38:46","modified_gmt":"2022-07-04T16:38:46","slug":"fuerte-advertencia-para-bale-en-su-llegada-a-la-mls-debera-venir-a-trabajar","status":"publish","type":"post","link":"http:\/\/hoycordobaweb.com\/index.php\/2022\/07\/04\/fuerte-advertencia-para-bale-en-su-llegada-a-la-mls-debera-venir-a-trabajar\/","title":{"rendered":"Fuerte advertencia para Bale en su llegada a la MLS: \u00abDeber\u00e1 venir a trabajar\u00bb"},"content":{"rendered":"<p><img src=\"http:\/\/hoycordobaweb.com\/wp-content\/uploads\/2022\/07\/fuerte-advertencia-para-bale-en-su-llegada-a-la-mls-debera-venir-a-trabajar.jpg\"><\/p>\n<p>La <a alt=\"major-league-soccer\" class=\"slug\" href=\"https:\/\/www.ole.com.ar\/tema\/major-league-soccer.html\" target=\"_blank\" title=\"major-league-soccer\" rel=\"noopener noreferrer\">Major League Soccer<\/a> sigue cerrando la llegada de fichajes bomba y <strong>Los \u00c1ngeles FC<\/strong> es uno de los equipos que m\u00e1s fuerte pis\u00f3 en este mercado de pases. En el pasado mes de junio, <strong>el equipo californiano anunci\u00f3 las llegadas de dos figuras internacionales: <a alt=\"giorgio-chiellini\" class=\"slug\" href=\"https:\/\/www.ole.com.ar\/tema\/giorgio-chiellini.html\" target=\"_blank\" title=\"giorgio-chiellini\" rel=\"noopener noreferrer\">Giorgio Chiellini<\/a> y <a alt=\"gareth-bale\" class=\"slug\" href=\"https:\/\/www.ole.com.ar\/tema\/gareth-bale.html\" target=\"_blank\" title=\"gareth-bale\" rel=\"noopener noreferrer\">Gareth Bale<\/a>,<\/strong> provenientes de la <a alt=\"juventus\" class=\"slug\" href=\"https:\/\/www.ole.com.ar\/tema\/juventus.html\" target=\"_blank\" title=\"juventus\" rel=\"noopener noreferrer\">Juventus<\/a> y el <a alt=\"real-madrid\" class=\"slug\" href=\"https:\/\/www.ole.com.ar\/tema\/real-madrid.html\" target=\"_blank\" title=\"real-madrid\" rel=\"noopener noreferrer\">Real Madrid<\/a> respectivamente.<\/p>\n<div class=\"sp__Normal\">\n<div class=\"image-embeb image-trigger\" readability=\"6\">\n<picture><source media=\"(min-width: 720px)\" srcset=\"http:\/\/hoycordobaweb.com\/wp-content\/uploads\/2022\/07\/fuerte-advertencia-para-bale-en-su-llegada-a-la-mls-debera-venir-a-trabajar-2.jpg\"><img itemprop=\"image\" src=\"http:\/\/hoycordobaweb.com\/wp-content\/uploads\/2022\/07\/fuerte-advertencia-para-bale-en-su-llegada-a-la-mls-debera-venir-a-trabajar-2.jpg\" loading=\"lazy\" alt=\"Gareth Bale con la camiseta de su nuevo equipo.\">\n<\/picture><figcaption readability=\"2\">\n<p>Gareth Bale con la camiseta de su nuevo equipo.\n<\/p>\n<\/figcaption><\/div>\n<\/div>\n<p>El arribo del delantero gal\u00e9s, que fue multicampe\u00f3n en el Merengue (pero muy criticado durante el \u00faltimo tiempo en Espa\u00f1a), genera mucha expectativa en la MLS. Buscando volver al nivel que lo llev\u00f3 a ser uno de los atacantes m\u00e1s temidos del mundo, <a data-cke-saved-href=\"https:\/\/www.ole.com.ar\/futbol-internacional\/america\/gareth-bale-mls-angeles_0_joVl8ZXxJw.html\" target=\"_blank\" href=\"https:\/\/www.ole.com.ar\/futbol-internacional\/america\/gareth-bale-mls-angeles_0_joVl8ZXxJw.html\" rel=\"noopener noreferrer\">el jugador de 32 a\u00f1os apost\u00f3 por el f\u00fatbol norteamericano,<\/a><a data-cke-saved-href=\"https:\/\/www.ole.com.ar\/futbol-internacional\/america\/giorgio-chiellini-fichaje-angeles-fc_0_u1e8ayz0cq.html\" target=\"_blank\" href=\"https:\/\/www.ole.com.ar\/futbol-internacional\/america\/giorgio-chiellini-fichaje-angeles-fc_0_u1e8ayz0cq.html\" rel=\"noopener noreferrer\"> el que con frecuencia es elegido por grandes estrellas.<\/a><\/p>\n<div class=\"sp__SM\">\n<div class=\"content-new \"> <span class=\"tit-mobile\">Mir\u00e1 tambi\u00e9n<\/span><\/p>\n<div class=\"mg\">\n<div class=\"wrap-figure\">\n<picture>\n<a href=\"https:\/\/www.ole.com.ar\/futbol-internacional\/america\/final-republica-dominicana-juegos-olimpicos-paris-2024_0_Qne7d6PYO5.html\" target=\"_self\" rel=\"noopener noreferrer\"><br \/>\n<img class=\"img-responsive\" alt=\"Estados Unidos, campe\u00f3n Sub 20 de la Concacaf por tercera vez consecutiva\" src=\"http:\/\/hoycordobaweb.com\/wp-content\/uploads\/2022\/07\/fuerte-advertencia-para-bale-en-su-llegada-a-la-mls-debera-venir-a-trabajar-3.jpg\" loading=\"lazy\"><br \/>\n<\/a>\n<\/picture>\n<\/div>\n<\/div><\/div>\n<\/div>\n<h2><strong>ADVERTENCIA PARA BALE<\/strong><\/h2>\n<p>M\u00e1s all\u00e1 de todo lo que representa, <strong>Bale sabe que tendr\u00e1 que esforzarse duramente para recuperar su juego y asentarse en la liga de Estados Unidos.<\/strong> En ese sentido, el mexicano <strong><a alt=\"carlos-vela\" class=\"slug\" href=\"https:\/\/www.ole.com.ar\/tema\/carlos-vela.html\" target=\"_blank\" title=\"carlos-vela\" rel=\"noopener noreferrer\">Carlos Vela<\/a><\/strong>, capit\u00e1n y referencia m\u00e1xima de Los \u00c1ngeles FC, lanz\u00f3 una fuerte advertencia al que ahora ser\u00e1 su nuevo compa\u00f1ero de equipo.<\/p>\n<p><strong>\u00abSi viene con una buena mentalidad, con una buena actitud, va a ser una pieza realmente importante porque es un gran jugador\u00bb,<\/strong> declar\u00f3 en primera instancia el extremo durante una charla con el portal de la MLS.&nbsp;<\/p>\n<div class=\"sp__SM\">\n<div class=\"content-new \">\n<span class=\"tit-mobile\">Mir\u00e1 tambi\u00e9n<\/span><\/p>\n<div class=\"mg\">\n<div class=\"wrap-figure\">\n<picture>\n<a href=\"https:\/\/www.ole.com.ar\/futbol-internacional\/america\/mls-goles-bebelo-reynoso-bou-castellanos_0_WDhuffXfkf.html\" target=\"_self\" rel=\"noopener noreferrer\"><br \/>\n<img class=\"img-responsive\" alt=\"MLS: la gloria para Bebelo Reynoso, Tati Castellanos y Bou\" src=\"http:\/\/hoycordobaweb.com\/wp-content\/uploads\/2022\/07\/fuerte-advertencia-para-bale-en-su-llegada-a-la-mls-debera-venir-a-trabajar-4.jpg\" loading=\"lazy\"><br \/>\n<\/a>\n<\/picture>\n<\/div>\n<\/div><\/div>\n<\/div>\n<div class=\"sp__Normal\">\n<div class=\"image-embeb image-trigger\" readability=\"6\">\n<picture><source media=\"(min-width: 720px)\" srcset=\"http:\/\/hoycordobaweb.com\/wp-content\/uploads\/2022\/07\/fuerte-advertencia-para-bale-en-su-llegada-a-la-mls-debera-venir-a-trabajar-5.jpg\"><img itemprop=\"image\" src=\"http:\/\/hoycordobaweb.com\/wp-content\/uploads\/2022\/07\/fuerte-advertencia-para-bale-en-su-llegada-a-la-mls-debera-venir-a-trabajar-5.jpg\" loading=\"lazy\" alt=\"El gal\u00e9s fue muy criticado durante el \u00faltimo tiempo en el Real Madrid.\">\n<\/picture><figcaption readability=\"2\">\n<p>El gal\u00e9s fue muy criticado durante el \u00faltimo tiempo en el Real Madrid.\n<\/p>\n<\/figcaption><\/div>\n<\/div>\n<div class=\"sp__SM\">\n<div class=\"content-new \">\n<span class=\"tit-mobile\">Mir\u00e1 tambi\u00e9n<\/span><\/p>\n<div class=\"mg\">\n<div class=\"wrap-figure\">\n<picture>\n<a href=\"https:\/\/www.ole.com.ar\/fuera-de-juego\/mascherano-veron-zanetti-fernandez-crack_0_4T48RZ35Bk.html\" target=\"_self\" rel=\"noopener noreferrer\"><br \/>\n<img class=\"img-responsive\" alt=\"Reuni\u00f3n de cracks en Daytona\" src=\"http:\/\/hoycordobaweb.com\/wp-content\/uploads\/2022\/07\/fuerte-advertencia-para-bale-en-su-llegada-a-la-mls-debera-venir-a-trabajar-6.jpg\" loading=\"lazy\"><br \/>\n<\/a>\n<\/picture>\n<\/div>\n<\/div><\/div>\n<\/div>\n<p>En el mismo sentido, aunque dej\u00e1ndole un aviso al gal\u00e9s, asegur\u00f3: <strong>\u00abViene del Real Madrid, pienso que no hay mucho que tenga que decir de \u00e9l, todo el mundo sabe lo bueno que es. Lo \u00fanico que puedo decir es que tiene que venir a trabajar porque no es tan f\u00e1cil como la gente piensa\u00bb.<\/strong><\/p>\n<p>Vela pas\u00f3 por un proceso similar al de Bale, dado que tambi\u00e9n jug\u00f3 en Europa un largo tiempo: visti\u00f3 las camisetas del <a alt=\"arsenal-fc\" class=\"slug\" href=\"https:\/\/www.ole.com.ar\/tema\/arsenal-fc.html\" target=\"_blank\" title=\"arsenal-fc\" rel=\"noopener noreferrer\">Arsenal<\/a>, <a alt=\"real-socie\" class=\"slug\" href=\"https:\/\/www.ole.com.ar\/tema\/real-socie.html\" target=\"_blank\" title=\"real-socie\" rel=\"noopener noreferrer\">Real Sociedad<\/a>, <a alt=\"celta-de-vigo\" class=\"slug\" href=\"https:\/\/www.ole.com.ar\/tema\/celta-de-vigo.html\" target=\"_blank\" title=\"celta-de-vigo\" rel=\"noopener noreferrer\">Celta de Vigo<\/a>, <a alt=\"west-bromwich\" class=\"slug\" href=\"https:\/\/www.ole.com.ar\/tema\/west-bromwich.html\" target=\"_blank\" title=\"west-bromwich\" rel=\"noopener noreferrer\">West Bromwich<\/a>, <a alt=\"salamanca\" class=\"slug\" href=\"https:\/\/www.ole.com.ar\/tema\/salamanca.html\" target=\"_blank\" title=\"salamanca\" rel=\"noopener noreferrer\">UD Salamanca<\/a> y <a alt=\"osasuna\" class=\"slug\" href=\"https:\/\/www.ole.com.ar\/tema\/osasuna.html\" target=\"_blank\" title=\"osasuna\" rel=\"noopener noreferrer\">Osasuna<\/a>. Con inicios en la cantera de <a alt=\"chivas\" class=\"slug\" href=\"https:\/\/www.ole.com.ar\/tema\/chivas.html\" target=\"_blank\" title=\"chivas\" rel=\"noopener noreferrer\">Chivas<\/a>, decidi\u00f3 pasar a la Major League Soccer en 2018, convirti\u00e9ndose en una de las figuras que tiene la liga estadounidense.<\/p>\n<div class=\"sp__SM\">\n<div class=\"content-new \">\n<span class=\"tit-mobile\">Mir\u00e1 tambi\u00e9n<\/span><\/p>\n<div class=\"mg\">\n<div class=\"wrap-figure\">\n<picture>\n<a href=\"https:\/\/www.ole.com.ar\/futbol-internacional\/america\/fabio-gruber-seleccion-peruana-alemani_0_nh55oKgwMy.html\" target=\"_self\" rel=\"noopener noreferrer\"><br \/>\n<img class=\"img-responsive\" alt=\"Es alem\u00e1n pero puede jugar para Per\u00fa\" src=\"http:\/\/hoycordobaweb.com\/wp-content\/uploads\/2022\/07\/fuerte-advertencia-para-bale-en-su-llegada-a-la-mls-debera-venir-a-trabajar-7.jpg\" loading=\"lazy\"><br \/>\n<\/a>\n<\/picture>\n<\/div>\n<\/div><\/div>\n<\/div>\n<div class=\"sp__Normal\">\n<div class=\"image-embeb image-trigger\" readability=\"6.5\">\n<picture><source media=\"(min-width: 720px)\" srcset=\"http:\/\/hoycordobaweb.com\/wp-content\/uploads\/2022\/07\/fuerte-advertencia-para-bale-en-su-llegada-a-la-mls-debera-venir-a-trabajar-8.jpg\"><img itemprop=\"image\" src=\"http:\/\/hoycordobaweb.com\/wp-content\/uploads\/2022\/07\/fuerte-advertencia-para-bale-en-su-llegada-a-la-mls-debera-venir-a-trabajar-8.jpg\" loading=\"lazy\" alt=\"Vela, capit\u00e1n y figura de Los \u00c1ngeles FC.\">\n<\/picture><figcaption readability=\"3\">\n<p>Vela, capit\u00e1n y figura de Los \u00c1ngeles FC.\n<\/p>\n<\/figcaption><\/div>\n<\/div>\n<div class=\"sp__SM\">\n<div class=\"content-new \">\n<span class=\"tit-mobile\">Mir\u00e1 tambi\u00e9n<\/span><\/p>\n<div class=\"mg\">\n<div class=\"wrap-figure\">\n<picture>\n<a href=\"https:\/\/www.ole.com.ar\/futbol-internacional\/salvio-llego-mexico-pumas-locura_0_85cmWAg2cC.html\" target=\"_self\" rel=\"noopener noreferrer\"><br \/>\n<img class=\"img-responsive\" alt=\"Locura por Salvio en M\u00e9xico\" src=\"http:\/\/hoycordobaweb.com\/wp-content\/uploads\/2022\/07\/fuerte-advertencia-para-bale-en-su-llegada-a-la-mls-debera-venir-a-trabajar-9.jpg\" loading=\"lazy\"><br \/>\n<\/a>\n<\/picture>\n<\/div>\n<\/div><\/div>\n<\/div>\n<p>No obstante, el mexicano confes\u00f3 que en el \u00faltimo mercado de pases vinieron a buscarlo desde su pa\u00eds, aunque prefiri\u00f3 extender su contrato con LAFC: <strong>\u00abTuve alguna oferta, habl\u00e9 con equipos de M\u00e9xico, pero como siempre, mi primera opci\u00f3n era quedarme en Los \u00c1ngeles y si eso no pasaba, mi segunda opci\u00f3n era Europa. Tuve un acercamiento con equipos mexicanos, pero no lo contempl\u00e9, no era uno de los lugares principales donde quer\u00eda seguir mi carrera\u00bb.<\/strong><\/p>\n<p>Ya habiendo extendido su v\u00ednculo&nbsp;por un a\u00f1o y medio con el equipo californiano, el ex Real Sociedad est\u00e1 tranquilo porque sabe que cumplir\u00e1 as\u00ed con su deseo de continuar en Estados Unidos. <strong>Con Chiellini y Bale como nuevas incorporaciones, est\u00e1 m\u00e1s vivo que nunca el sue\u00f1o de Vela y de Los \u00c1ngeles de ser campeones de la MLS.<\/strong><\/p>\n<div class=\"sp__SM\">\n<div class=\"content-new \">\n<span class=\"tit-mobile\">Mir\u00e1 tambi\u00e9n<\/span><\/p>\n<div class=\"mg\">\n<div class=\"wrap-figure\">\n<picture>\n<a href=\"https:\/\/www.ole.com.ar\/futbol-internacional\/espana\/barcelona-messi-temporada-2022-23_0_ajWksZbD1X.html\" target=\"_self\" rel=\"noopener noreferrer\"><br \/>\n<img class=\"img-responsive\" alt=\"Segunda temporada sin Leo Messi: el Barcelona que se viene\" src=\"http:\/\/hoycordobaweb.com\/wp-content\/uploads\/2022\/07\/fuerte-advertencia-para-bale-en-su-llegada-a-la-mls-debera-venir-a-trabajar-10.jpg\" loading=\"lazy\"><br \/>\n<\/a>\n<\/picture>\n<\/div>\n<\/div><\/div>\n<\/div>\n<div class=\"sp__SM\">\n<div class=\"content-new \">\n<span class=\"tit-mobile\">Mir\u00e1 tambi\u00e9n<\/span><\/p>\n<div class=\"mg\">\n<div class=\"wrap-figure\">\n<picture>\n<a href=\"https:\/\/www.ole.com.ar\/fuera-de-juego\/bolsonaro-camiseta-futbol-alfajores_0_mlaxPwN6ph.html\" target=\"_self\" rel=\"noopener noreferrer\"><br \/>\n<img class=\"img-responsive\" alt=\"Bolsonaro se puso una camiseta de f\u00fatbol y prob\u00f3 alfajores argentinos\" src=\"http:\/\/hoycordobaweb.com\/wp-content\/uploads\/2022\/07\/fuerte-advertencia-para-bale-en-su-llegada-a-la-mls-debera-venir-a-trabajar-11.jpg\" loading=\"lazy\"><br \/>\n<\/a>\n<\/picture>\n<\/div>\n<\/div><\/div>\n<\/div>\n<div class=\"sp__SM\">\n<div class=\"content-new \">\n<span class=\"tit-mobile\">Mir\u00e1 tambi\u00e9n<\/span><\/p>\n<div class=\"mg\">\n<div class=\"wrap-figure\">\n<picture>\n<a href=\"https:\/\/www.ole.com.ar\/futbol-internacional\/fifa-gate-92-millones-fifa-conmebol_0_ATU7q5QAjD.html\" target=\"_self\" rel=\"noopener noreferrer\"><br \/>\n<img class=\"img-responsive\" alt=\"FIFA Gate: hay 92 millones recuperados\" src=\"http:\/\/hoycordobaweb.com\/wp-content\/uploads\/2022\/07\/fuerte-advertencia-para-bale-en-su-llegada-a-la-mls-debera-venir-a-trabajar-12.jpg\" loading=\"lazy\"><br \/>\n<\/a>\n<\/picture>\n<\/div>\n<\/div><\/div>\n<\/div>\n<div class=\"entry-tags\">\n<h2>TEMAS QUE APARECEN EN ESTA NOTA<\/h2>\n<\/p><\/div>\n","protected":false},"excerpt":{"rendered":"<p>La Major League Soccer sigue cerrando la llegada de fichajes bomba y Los \u00c1ngeles FC es uno de los equipos que m\u00e1s fuerte pis\u00f3 en este mercado de pases. En el pasado mes de junio, el equipo californiano anunci\u00f3 las llegadas de dos figuras internacionales: Giorgio Chiellini y Gareth Bale, provenientes de la Juventus y [&hellip;]<\/p>\n","protected":false},"author":1,"featured_media":44143,"comment_status":"open","ping_status":"closed","sticky":false,"template":"","format":"standard","meta":[],"categories":[16],"tags":[],"_links":{"self":[{"href":"http:\/\/hoycordobaweb.com\/index.php\/wp-json\/wp\/v2\/posts\/44142"}],"collection":[{"href":"http:\/\/hoycordobaweb.com\/index.php\/wp-json\/wp\/v2\/posts"}],"about":[{"href":"http:\/\/hoycordobaweb.com\/index.php\/wp-json\/wp\/v2\/types\/post"}],"author":[{"embeddable":true,"href":"http:\/\/hoycordobaweb.com\/index.php\/wp-json\/wp\/v2\/users\/1"}],"replies":[{"embeddable":true,"href":"http:\/\/hoycordobaweb.com\/index.php\/wp-json\/wp\/v2\/comments?post=44142"}],"version-history":[{"count":0,"href":"http:\/\/hoycordobaweb.com\/index.php\/wp-json\/wp\/v2\/posts\/44142\/revisions"}],"wp:featuredmedia":[{"embeddable":true,"href":"http:\/\/hoycordobaweb.com\/index.php\/wp-json\/wp\/v2\/media\/44143"}],"wp:attachment":[{"href":"http:\/\/hoycordobaweb.com\/index.php\/wp-json\/wp\/v2\/media?parent=44142"}],"wp:term":[{"taxonomy":"category","embeddable":true,"href":"http:\/\/hoycordobaweb.com\/index.php\/wp-json\/wp\/v2\/categories?post=44142"},{"taxonomy":"post_tag","embeddable":true,"href":"http:\/\/hoycordobaweb.com\/index.php\/wp-json\/wp\/v2\/tags?post=44142"}],"curies":[{"name":"wp","href":"https:\/\/api.w.org\/{rel}","templated":true}]}}