{"id":44140,"date":"2022-07-04T11:40:13","date_gmt":"2022-07-04T11:40:13","guid":{"rendered":"https:\/\/manoamanocba.com.ar\/?p=5492"},"modified":"2022-07-04T11:40:13","modified_gmt":"2022-07-04T11:40:13","slug":"martin-guzman-renuncio-y-silvina-batakis-lo-reemplaza-en-economia","status":"publish","type":"post","link":"http:\/\/hoycordobaweb.com\/index.php\/2022\/07\/04\/martin-guzman-renuncio-y-silvina-batakis-lo-reemplaza-en-economia\/","title":{"rendered":"Mart\u00edn Guzm\u00e1n renunci\u00f3 y Silvina Batakis lo reemplaza en Econom\u00eda"},"content":{"rendered":"<div><img src=\"http:\/\/hoycordobaweb.com\/wp-content\/uploads\/2022\/07\/martin-guzman-renuncio-y-silvina-batakis-lo-reemplaza-en-economia.jpg\" class=\"ff-og-image-inserted\"><\/div>\n<p><strong>Mart\u00edn Guzm\u00e1n<\/strong> le present\u00f3 al presidente <strong>Alberto Fern\u00e1ndez<\/strong> su renuncia en el Ministerio de Econom\u00eda a trav\u00e9s de una carta de siete carillas en la que hizo un repaso de su gesti\u00f3n, le agradeci\u00f3 al jefe del Estado la confianza que tuvo en \u00e9l y en su equipo y dijo que la persona que designe en su lugar debe tener las \u201criendas\u201d de la cartera como condici\u00f3n esencial para poder cumplir con su misi\u00f3n.<\/p>\n<p><strong>\u00abDesde la experiencia que he vivido, considero que ser\u00e1 primordial que trabaje en un acuerdo pol\u00edtico dentro de la coalici\u00f3n gobernante para que quien me reemplace, que tendr\u00e1 por delante esta alta responsabilidad, cuente con el manejo centralizado de los instrumentos de pol\u00edtica macroecon\u00f3mica necesarios para consolidar los avances descriptos y hacer frente a los desaf\u00edos por delante\u201d<\/strong>, subray\u00f3 este s\u00e1bado Guzm\u00e1n.<\/p>\n<blockquote class=\"twitter-tweet\" readability=\"10.285714285714\">\n<p dir=\"ltr\" lang=\"es\">Con la profunda convicci\u00f3n y la confianza en mi visi\u00f3n sobre cu\u00e1l es el camino que debe seguir la Argentina, seguir\u00e9 trabajando y actuando por una Patria m\u00e1s justa, libre y soberana. <a href=\"https:\/\/t.co\/rJQ5w0argQ\">pic.twitter.com\/rJQ5w0argQ<\/a><\/p>\n<p>\u2014 Mart\u00edn Guzm\u00e1n (@Martin_M_Guzman) <a href=\"https:\/\/twitter.com\/Martin_M_Guzman\/status\/1543335683133095937?ref_src=twsrc%5Etfw\">July 2, 2022<\/a><\/p>\n<\/blockquote>\n<p>\u201cEso ayudar\u00e1 a que quien me suceda pueda llevar adelante las gestiones conducentes al progreso econ\u00f3mico y social con el apoyo pol\u00edtico que es necesario para que aquellas sean efectivas\u201d, complet\u00f3.<\/p>\n<p>Al momento de explicar los motivos de la renuncia al cargo, fuentes cercanas al hasta titular del Palacio de Hacienda se\u00f1alaron a \u201clas diferencias internas existentes en la colaci\u00f3n de Gobierno que condicionaron su accionar dentro del Ministerio de Econom\u00eda\u201d.<\/p>\n<p>A lo que agregaron que debi\u00f3 enfrentar \u201ctrabas\u201d y que frente a ese cuadro de situaci\u00f3n se hizo \u201cmuy dif\u00edcil llevar adelante la gesti\u00f3n\u201d.<\/p>\n<p>El alejamiento de&nbsp;<strong>Guzm\u00e1n se suma a la salida Mat\u00edas Kulfas del Ministerio de Desarrollo Productivo, oficializada el s\u00e1bado 4 de junio pasado luego de una pol\u00e9mica desatada con la vicepresidenta Cristina Fern\u00e1ndez de Kirchner por la licitaci\u00f3n del gasoducto N\u00e9stor Kirchner, tras el acto de celebraci\u00f3n del centenario de YPF en Tecn\u00f3polis<\/strong>.<\/p>\n<p>Silvina Batakis reemplazar\u00e1 a Mart\u00edn Guzm\u00e1n en el Palacio de Hacienda, seg\u00fan anticip\u00f3 en la ma\u00f1ana de este lunes en declaraciones formuladas a la prensa al ingresar a la Casa de Gobierno por el jefe de Gabinete, Juan Manzur.<\/p>\n<p>\u00abHoy asume la nueva ministra de Econom\u00eda, una mujer de una gran experiencia, que ha tenido enormes responsabilidades a lo largo de su vida profesional. En el transcurso de la tarde estar\u00eda haci\u00e9ndose cargo del \u00e1rea de Econom\u00eda\u00bb, asever\u00f3 el ministro coordinador.<\/p>\n<blockquote class=\"twitter-tweet\" readability=\"9.1532258064516\">\n<p dir=\"ltr\" lang=\"es\">El Presidente <a href=\"https:\/\/twitter.com\/alferdez?ref_src=twsrc%5Etfw\">@alferdez<\/a> design\u00f3 a Silvina Batakis al frente del Ministerio de Ecom\u00eda. Batakis es una reconocida economista que cumpli\u00f3 esa funci\u00f3n en la provincia de Buenos Aires entre 2011 y 2015.<\/p>\n<p>\u2014 Gabriela Cerruti (@gabicerru) <a href=\"https:\/\/twitter.com\/gabicerru\/status\/1543760217355063296?ref_src=twsrc%5Etfw\">July 4, 2022<\/a><\/p>\n<\/blockquote>\n<p>La portavoz de la Presidencia, Gabriela Cerruti, confirm\u00f3 en la noche del domingo la designaci\u00f3n de Silvina Batakis como ministra de Econom\u00eda y la defini\u00f3 como \u00ab<strong>una reconocida economista que cumpli\u00f3 esa funci\u00f3n en la provincia de Buenos Aires entre 2011 y 2015<\/strong>\u00ab, en referencia al segundo mandato del entonces gobernador y actual ministro de Desarrollo Productivo, Daniel Scioli.<\/p>\n<p>\u00abEl Presidente Alberto Fern\u00e1ndez design\u00f3 a Silvina Batakis al frente del Ministerio de Econom\u00eda. Batakis es una reconocida economista que cumpli\u00f3 esa funci\u00f3n en la provincia de Buenos Aires entre 2011 y 2015\u00bb, poste\u00f3 la portavoz en Twitter.<\/p>\n<p><strong>Daniel Scioli, durante su campa\u00f1a presidencial de 2015 la hab\u00eda mencionado como la que ser\u00eda su Ministra de Econom\u00eda en caso de ser electo presidente<\/strong>&nbsp;y, por estas horas, personas muy cercanas al ministro de Desarrollo Productivo afirman que \u00abla considera una gran profesional, muy formada, de gran calidad humana y muy respetada por todos\u00bb.<\/p>\n<p><strong>Desde 2019 se desempe\u00f1a como Secretaria de Provincias en el ministerio del Interior, a cargo de Eduardo \u00abWado\u00bb de Pedro.<\/strong><\/p>\n<blockquote class=\"twitter-tweet\" readability=\"10.93175074184\">\n<p dir=\"ltr\" lang=\"es\">Destaco la decisi\u00f3n del Presidente <a href=\"https:\/\/twitter.com\/alferdez?ref_src=twsrc%5Etfw\">@alferdez<\/a> de convocar a la Doctora <a href=\"https:\/\/twitter.com\/sbatakis?ref_src=twsrc%5Etfw\">@sbatakis<\/a> como Ministra de Econom\u00eda de la Naci\u00f3n.<\/p>\n<p>Una persona de gran calidad humana y amplia formaci\u00f3n profesional. Una trabajadora incansable con gran sentido de la responsabilidad y destacada experiencia.<\/p>\n<p>\u2014 Daniel Scioli \ud83c\udde6\ud83c\uddf7 (@danielscioli) <a href=\"https:\/\/twitter.com\/danielscioli\/status\/1543769310174367744?ref_src=twsrc%5Etfw\">July 4, 2022<\/a><\/p>\n<\/blockquote>\n<p>Desde all\u00ed, adem\u00e1s de manejar buena parte de la relaci\u00f3n entre el Estado Nacional y las Jurisidicciones, fue el cuadro t\u00e9cnico que llev\u00f3 adelante las negociaciones con el Gobierno de la Ciudad por los fondos destinados al traspaso de la Seguridad.<\/p>\n<p>En ese sentido, en la Casa Rosada se habla del \u00abinforme Batakis\u00bb para designar al estudio sobre los costos del mencionado traspaso de atribuciones de seguridad al Gobierno porte\u00f1o.<\/p>\n<p>La designaci\u00f3n se produjo tras una&nbsp;jornada atravesada por llamados y encuentros que se aceleraron desde el domingo por la ma\u00f1ana y que tuvo un momento clave en un&nbsp;<strong>di\u00e1logo telef\u00f3nico mantenido por el Jefe de Estado y la vicepresidenta Cristina Kirchner<\/strong>.<\/p>\n<p>Ese intercambio contribuy\u00f3 para que todos los sectores que integran el FdT estuvieran al tanto de las designaciones en an\u00e1lisis y de las medidas que podr\u00edan tomarse en las pr\u00f3ximas horas.<\/p>\n<p>Para ese contacto&nbsp;aport\u00f3 lo suyo la titular de Abuelas de Plaza de Mayo, Estela de Carlotto, quien por la tarde habl\u00f3 con el mandatario para gestionarlo.<\/p>\n","protected":false},"excerpt":{"rendered":"<p>Mart\u00edn Guzm\u00e1n le present\u00f3 al presidente Alberto Fern\u00e1ndez su renuncia en el Ministerio de Econom\u00eda a trav\u00e9s de una carta de siete carillas en la que hizo un repaso de su gesti\u00f3n, le agradeci\u00f3 al jefe del Estado la confianza que tuvo en \u00e9l y en su equipo y dijo que la persona que designe [&hellip;]<\/p>\n","protected":false},"author":1,"featured_media":44141,"comment_status":"closed","ping_status":"closed","sticky":false,"template":"","format":"standard","meta":[],"categories":[19],"tags":[],"_links":{"self":[{"href":"http:\/\/hoycordobaweb.com\/index.php\/wp-json\/wp\/v2\/posts\/44140"}],"collection":[{"href":"http:\/\/hoycordobaweb.com\/index.php\/wp-json\/wp\/v2\/posts"}],"about":[{"href":"http:\/\/hoycordobaweb.com\/index.php\/wp-json\/wp\/v2\/types\/post"}],"author":[{"embeddable":true,"href":"http:\/\/hoycordobaweb.com\/index.php\/wp-json\/wp\/v2\/users\/1"}],"replies":[{"embeddable":true,"href":"http:\/\/hoycordobaweb.com\/index.php\/wp-json\/wp\/v2\/comments?post=44140"}],"version-history":[{"count":0,"href":"http:\/\/hoycordobaweb.com\/index.php\/wp-json\/wp\/v2\/posts\/44140\/revisions"}],"wp:featuredmedia":[{"embeddable":true,"href":"http:\/\/hoycordobaweb.com\/index.php\/wp-json\/wp\/v2\/media\/44141"}],"wp:attachment":[{"href":"http:\/\/hoycordobaweb.com\/index.php\/wp-json\/wp\/v2\/media?parent=44140"}],"wp:term":[{"taxonomy":"category","embeddable":true,"href":"http:\/\/hoycordobaweb.com\/index.php\/wp-json\/wp\/v2\/categories?post=44140"},{"taxonomy":"post_tag","embeddable":true,"href":"http:\/\/hoycordobaweb.com\/index.php\/wp-json\/wp\/v2\/tags?post=44140"}],"curies":[{"name":"wp","href":"https:\/\/api.w.org\/{rel}","templated":true}]}}