{"id":44105,"date":"2022-07-03T16:27:25","date_gmt":"2022-07-03T16:27:25","guid":{"rendered":"https:\/\/www.mujerhoy.com\/moda\/no-te-pierdas\/princesa-leonor-espectacular-bonito-vestido-estampado-favorecedor-alpargatas-esparto-reina-letizia-20220703174612-nt.html"},"modified":"2022-07-03T16:27:25","modified_gmt":"2022-07-03T16:27:25","slug":"el-favorecedor-vestido-de-verano-de-la-princesa-leonor-para-su-primer-viaje-de-trabajo-en-girona-cruzado-estampado-y-con-las-alpargatas-favoritas-de-la-reina-letizia","status":"publish","type":"post","link":"http:\/\/hoycordobaweb.com\/index.php\/2022\/07\/03\/el-favorecedor-vestido-de-verano-de-la-princesa-leonor-para-su-primer-viaje-de-trabajo-en-girona-cruzado-estampado-y-con-las-alpargatas-favoritas-de-la-reina-letizia\/","title":{"rendered":"El favorecedor vestido de verano de la princesa Leonor para su primer viaje de trabajo en Girona: cruzado, estampado y con las alpargatas favoritas de la reina Letizia"},"content":{"rendered":"<p><!-- AUTHOR --><!-- COMPONENTS --><\/p>\n<p class=\"voc-paragraph\">Aunque no est\u00e9 presente, la influencia de la reina Letizia no abandona jam\u00e1s a sus hijas. En el primer viaje en solitario de ambas a Figueras (Girona), donde comienza la actividad de la <a data-voc-vtm-id=\"in-text-traffic\" href=\"https:\/\/www.mujerhoy.com\/celebrities\/realeza\/princesa-leonor-reina-letizia-visita-apoyo-ucrania-abandono-reina-sofia-mallorca-20220413142236-nt.html\">princesa Leonor<\/a> en el programa que desarrolla la Fundaci\u00f3n Princesa de Girona en torno a sus famosos premios, ambas han lucido las ya ic\u00f3nicas <a data-voc-vtm-id=\"in-text-traffic\" href=\"https:\/\/www.mujerhoy.com\/moda\/tendencias\/alpargatas-comodas-rebajadas-made-in-spain-castaner-favoritas-jill-biden-reina-letizia-cumbre-otan-20220629131547-nt.html\">alpargatas de esparto<\/a> que tanto han seducido a las primeras damas asistentes a la cumbre de la OTAN. <\/p>\n<p class=\"voc-paragraph\">Son las mismas <strong>Casta\u00f1er que Jill Biden <\/strong>y <a data-voc-vtm-id=\"in-text-traffic\" href=\"https:\/\/www.mujerhoy.com\/moda\/no-te-pierdas\/nieta-joe-jill-biden-vestido-zara-lunares-agotado-lista-de-espera-barato-look-cumbre-otan-madrid-20220629124745-nt.html\" title=\"www.mujerhoy.com\">sus nietas quisieron comprarse<\/a>: Leonor (16 a\u00f1os) las lleva con cu\u00f1a alta, mientras la infanta Sof\u00eda luce unas m\u00e1s bajas, aunque se desmarca con el dise\u00f1o en color negro que se ha convertido en favorito de las expertas en moda. En todo caso, perfectas con sus <strong>vestidos de verano<\/strong>, s\u00faper favorecedores.\n<\/p>\n<p class=\"voc-paragraph\">La princesa Leonor, siempre discreta en sus looks, se ha mantenido fiel a su estilo m\u00e1s bien <strong>cl\u00e1sico <\/strong>pero s\u00faper favorecedor. Acudi\u00f3 a la reuni\u00f3n de trabajo con miembros de la fundaci\u00f3n que preside y al posterior encuentro con j\u00f3venes que participan en sus programas, con un vestido estampado comod\u00edsimo, perfecto para enfrentarse a una agenda exigente. <\/p>\n<div class=\"voc-detail-photo-zoom\"><picture data-toggle=\"modal\" data-target=\"#photoZoomModal-726\" target=\"modal\">\n<div class=\"voc-img-icon-link\"><img loading=\"lazy\" data-original=\"\/\/static1.mujerhoy.com\/www\/multimedia\/202207\/03\/media\/cortadas\/princesa-leonor-girona-kpPC--460x637@MujerHoy.jpg\" class=\"lazy\" alt=\"GTRES\"><noscript><img src=\"http:\/\/hoycordobaweb.com\/wp-content\/uploads\/2022\/07\/el-favorecedor-vestido-de-verano-de-la-princesa-leonor-para-su-primer-viaje-de-trabajo-en-girona-cruzado-estampado-y-con-las-alpargatas-favoritas-de-la-reina-letizia.jpg\" alt=\"GTRES\"><\/noscript><i class=\"voc-icons zoom voc-multimedia-box voc-ico-l\"><\/i><\/div><figcaption class=\"figure-caption\">GTRES<\/figcaption><\/picture><\/div>\n<div id=\"photoZoomModal-726\" class=\"voc-lightbox modal fade voc-lightbox--photo-zoom\" role=\"dialog\" data-voc-photozoom-lightbox>\n<div class=\"voc-lightbox__dialog\" role=\"document\">\n<div class=\"voc-lightbox__content\"><!-- Modal header --><!-- Modal content --><\/p>\n<div class=\"voc-lightbox__photo-container\"><picture class><img loading=\"lazy\" data-original=\"\/\/static1.mujerhoy.com\/www\/multimedia\/202207\/03\/media\/cortadas\/princesa-leonor-girona-kpPC--460x637@MujerHoy.jpg\" alt=\"GTRES\" class=\"lazy\"><noscript><img src=\"http:\/\/hoycordobaweb.com\/wp-content\/uploads\/2022\/07\/el-favorecedor-vestido-de-verano-de-la-princesa-leonor-para-su-primer-viaje-de-trabajo-en-girona-cruzado-estampado-y-con-las-alpargatas-favoritas-de-la-reina-letizia.jpg\" alt=\"GTRES\"><\/noscript><\/picture><\/div>\n<\/div>\n<\/div>\n<\/div>\n<p class=\"voc-paragraph\">Se trata de un vestido blanco con un bonito &#8216;print&#8217; con <strong>motivos vegetales <\/strong>de color rojo, con escote cruzado, cintur\u00f3n y largo por debajo de la rodilla. El dise\u00f1o no puede ser m\u00e1s modesto, con unas oportunas mangas farol que refuerzan el esp\u00edritu discreto del look. No se le puede poner una pega.\n<\/p>\n<p class=\"voc-paragraph\">Est\u00e1 claro: aunque probablemente jam\u00e1s vayamos a vibrar con un estilismo de la princesa Leonor, logra su objetivo de no suscitar <strong>ninguna cr\u00edtica <\/strong>por su imagen. De hecho, esta manera tan discreta de vestir, sobre todo para una chica de su edad, refuerza la distancia que se quiere marcar con los looks influencer, al estilo Victoria Federica.\n<\/p>\n<div class=\"voc-detail-photo-zoom\"><picture data-toggle=\"modal\" data-target=\"#photoZoomModal-173\" target=\"modal\">\n<div class=\"voc-img-icon-link\"><img loading=\"lazy\" data-original=\"\/\/static.mujerhoy.com\/www\/multimedia\/202207\/03\/media\/cortadas\/infanta-sofia-vestido-figueras-kCFG--460x637@MujerHoy.jpg\" class=\"lazy\" alt=\"GTRES\"><noscript><img src=\"http:\/\/hoycordobaweb.com\/wp-content\/uploads\/2022\/07\/el-favorecedor-vestido-de-verano-de-la-princesa-leonor-para-su-primer-viaje-de-trabajo-en-girona-cruzado-estampado-y-con-las-alpargatas-favoritas-de-la-reina-letizia-1.jpg\" alt=\"GTRES\"><\/noscript><i class=\"voc-icons zoom voc-multimedia-box voc-ico-l\"><\/i><\/div><figcaption class=\"figure-caption\">GTRES<\/figcaption><\/picture><\/div>\n<div id=\"photoZoomModal-173\" class=\"voc-lightbox modal fade voc-lightbox--photo-zoom\" role=\"dialog\" data-voc-photozoom-lightbox>\n<div class=\"voc-lightbox__dialog\" role=\"document\">\n<div class=\"voc-lightbox__content\"><!-- Modal header --><!-- Modal content --><\/p>\n<div class=\"voc-lightbox__photo-container\"><picture class><img loading=\"lazy\" data-original=\"\/\/static.mujerhoy.com\/www\/multimedia\/202207\/03\/media\/cortadas\/infanta-sofia-vestido-figueras-kCFG--460x637@MujerHoy.jpg\" alt=\"GTRES\" class=\"lazy\"><noscript><img src=\"http:\/\/hoycordobaweb.com\/wp-content\/uploads\/2022\/07\/el-favorecedor-vestido-de-verano-de-la-princesa-leonor-para-su-primer-viaje-de-trabajo-en-girona-cruzado-estampado-y-con-las-alpargatas-favoritas-de-la-reina-letizia-1.jpg\" alt=\"GTRES\"><\/noscript><\/picture><\/div>\n<\/div>\n<\/div>\n<\/div>\n<p class=\"voc-paragraph\">Esta estrategia, seguramente apoyada e impulsada por la reina Letizia, se subraya much\u00edsimo cuando la princesa Leonor se acompa\u00f1a por su hermana, la infanta Sof\u00eda. La peque\u00f1a de la familia se permite muchas<br \/>\n<strong> m\u00e1s licencias <\/strong>a la hora de vestir, prueba de que no tiene tanta presi\u00f3n como su hermana a la hora de marcar una determinada imagen p\u00fablica.\n<\/p>\n<p class=\"voc-paragraph\">En este viaje de trabajo de la princesa Leonor a Figueras (Girona), la infanta Sof\u00eda, eligi\u00f3 para su primera aparici\u00f3n un<br \/>\n<strong> vestido corto blanco <\/strong>que estren\u00f3 el D\u00eda de la Hispanidad en 2021, un dise\u00f1o corto adornada con volantes, con unas espectaculares mangas fluidas y bordados azul marino. <\/p>\n<div class=\"voc-detail-photo-zoom\"><picture data-toggle=\"modal\" data-target=\"#photoZoomModal-656\" target=\"modal\">\n<div class=\"voc-img-icon-link\"><img loading=\"lazy\" data-original=\"\/\/static3.mujerhoy.com\/www\/multimedia\/202207\/03\/media\/cortadas\/fanta-sofia-look-pelo-kCFG--460x637@MujerHoy.jpg\" class=\"lazy\" alt=\"GTRES\"><noscript><img src=\"http:\/\/hoycordobaweb.com\/wp-content\/uploads\/2022\/07\/el-favorecedor-vestido-de-verano-de-la-princesa-leonor-para-su-primer-viaje-de-trabajo-en-girona-cruzado-estampado-y-con-las-alpargatas-favoritas-de-la-reina-letizia-2.jpg\" alt=\"GTRES\"><\/noscript><i class=\"voc-icons zoom voc-multimedia-box voc-ico-l\"><\/i><\/div><figcaption class=\"figure-caption\">GTRES<\/figcaption><\/picture><\/div>\n<div id=\"photoZoomModal-656\" class=\"voc-lightbox modal fade voc-lightbox--photo-zoom\" role=\"dialog\" data-voc-photozoom-lightbox>\n<div class=\"voc-lightbox__dialog\" role=\"document\">\n<div class=\"voc-lightbox__content\"><!-- Modal header --><!-- Modal content --><\/p>\n<div class=\"voc-lightbox__photo-container\"><picture class><img loading=\"lazy\" data-original=\"\/\/static3.mujerhoy.com\/www\/multimedia\/202207\/03\/media\/cortadas\/fanta-sofia-look-pelo-kCFG--460x637@MujerHoy.jpg\" alt=\"GTRES\" class=\"lazy\"><noscript><img src=\"http:\/\/hoycordobaweb.com\/wp-content\/uploads\/2022\/07\/el-favorecedor-vestido-de-verano-de-la-princesa-leonor-para-su-primer-viaje-de-trabajo-en-girona-cruzado-estampado-y-con-las-alpargatas-favoritas-de-la-reina-letizia-2.jpg\" alt=\"GTRES\"><\/noscript><\/picture><\/div>\n<\/div>\n<\/div>\n<\/div>\n<p class=\"voc-paragraph\">Este<br \/>\n<strong> vestido bohemio<\/strong>, confeccionado en viscosa, un tejido de la celulosa de madera, lo firma la marca francesa Claudie Pierlot (285 euros) y va perfecto con las alpargatas de esparto negras. De hecho, funciona mucho mejor en este look para cumplir con la agenda de la Fundaci\u00f3n Princesa Girona, que en la propuesta del D\u00efa de la Hispanidad.\n<\/p>\n<p class=\"voc-paragraph\">La combinaci\u00f3n del vestigo blanco bohemio mejora con las alpargatas de esparto negras y, sobre todo, con el <strong>acertado peinado <\/strong>que luce la infanta Sof\u00eda. Es, de nuevo, un s\u00edntoma de su atenci\u00f3n a las tendencias: esa melena planchada con dos peque\u00f1as trenzas a cada lado no puede ser m\u00e1s &#8216;hype&#8217;. La vas a ver por todas partes.\n<\/p>\n<p><!-- TOPICS --><\/p>\n","protected":false},"excerpt":{"rendered":"<p>Aunque no est\u00e9 presente, la influencia de la reina Letizia no abandona jam\u00e1s a sus hijas. En el primer viaje en solitario de ambas a Figueras (Girona), donde comienza la actividad de la princesa Leonor en el programa que desarrolla la Fundaci\u00f3n Princesa de Girona en torno a sus famosos premios, ambas han lucido las [&hellip;]<\/p>\n","protected":false},"author":1,"featured_media":44106,"comment_status":"closed","ping_status":"closed","sticky":false,"template":"","format":"standard","meta":[],"categories":[1],"tags":[],"_links":{"self":[{"href":"http:\/\/hoycordobaweb.com\/index.php\/wp-json\/wp\/v2\/posts\/44105"}],"collection":[{"href":"http:\/\/hoycordobaweb.com\/index.php\/wp-json\/wp\/v2\/posts"}],"about":[{"href":"http:\/\/hoycordobaweb.com\/index.php\/wp-json\/wp\/v2\/types\/post"}],"author":[{"embeddable":true,"href":"http:\/\/hoycordobaweb.com\/index.php\/wp-json\/wp\/v2\/users\/1"}],"replies":[{"embeddable":true,"href":"http:\/\/hoycordobaweb.com\/index.php\/wp-json\/wp\/v2\/comments?post=44105"}],"version-history":[{"count":0,"href":"http:\/\/hoycordobaweb.com\/index.php\/wp-json\/wp\/v2\/posts\/44105\/revisions"}],"wp:featuredmedia":[{"embeddable":true,"href":"http:\/\/hoycordobaweb.com\/index.php\/wp-json\/wp\/v2\/media\/44106"}],"wp:attachment":[{"href":"http:\/\/hoycordobaweb.com\/index.php\/wp-json\/wp\/v2\/media?parent=44105"}],"wp:term":[{"taxonomy":"category","embeddable":true,"href":"http:\/\/hoycordobaweb.com\/index.php\/wp-json\/wp\/v2\/categories?post=44105"},{"taxonomy":"post_tag","embeddable":true,"href":"http:\/\/hoycordobaweb.com\/index.php\/wp-json\/wp\/v2\/tags?post=44105"}],"curies":[{"name":"wp","href":"https:\/\/api.w.org\/{rel}","templated":true}]}}