{"id":44101,"date":"2022-07-02T19:12:02","date_gmt":"2022-07-02T19:12:02","guid":{"rendered":"https:\/\/www.ole.com.ar\/futbol-internacional\/simeone-cambia-equipo-espana_0_1jH2XAPFOr.html"},"modified":"2022-07-02T19:12:02","modified_gmt":"2022-07-02T19:12:02","slug":"el-simeone-que-cambia-de-equipo-en-espana","status":"publish","type":"post","link":"http:\/\/hoycordobaweb.com\/index.php\/2022\/07\/02\/el-simeone-que-cambia-de-equipo-en-espana\/","title":{"rendered":"El Simeone que cambia de equipo en Espa\u00f1a"},"content":{"rendered":"<p><img src=\"http:\/\/hoycordobaweb.com\/wp-content\/uploads\/2022\/07\/el-simeone-que-cambia-de-equipo-en-espana.jpg\"><\/p>\n<p><mark>\u00ab<a alt=\"gianluca-simeone\" class=\"slug\" href=\"https:\/\/www.ole.com.ar\/tema\/gianluca-simeone.html\" target=\"_blank\" title=\"gianluca-simeone\" rel=\"noopener noreferrer\">Gianluca Simeone<\/a>, un tanque para la punta de ataque\u00bb.<\/mark> Con esa leyenda, el <strong>Xerez Deportivo F\u00fatbol Club<\/strong> de Espa\u00f1a present\u00f3 en sociedad a su nuevo refuerzo, uno de los hijos de Diego Simeone. Delantero como su hermano mayor Giovanni (hoy en el Hellas Verona de Italia), el joven de 23 a\u00f1os firmar\u00e1 por dos temporadas con el elenco que disputa la Quinta Divisi\u00f3n del f\u00fatbol espa\u00f1ol.<\/p>\n<div class=\"sp__Normal\">\n<div class=\"image-embeb image-trigger\" readability=\"6\">\n<picture><source media=\"(min-width: 720px)\" srcset=\"http:\/\/hoycordobaweb.com\/wp-content\/uploads\/2022\/07\/el-simeone-que-cambia-de-equipo-en-espana-2.jpg\"><img itemprop=\"image\" src=\"http:\/\/hoycordobaweb.com\/wp-content\/uploads\/2022\/07\/el-simeone-que-cambia-de-equipo-en-espana-2.jpg\" loading=\"lazy\" alt=\"Gianluca llega desde el CD Ibiza. Foto: Xerez.\">\n<\/picture><figcaption readability=\"2\">\n<p>Gianluca llega desde el CD Ibiza. Foto: Xerez.\n<\/p>\n<\/figcaption><\/div>\n<\/div>\n<div class=\"sp__Normal\">\n<div class=\"image-embeb image-trigger\" readability=\"7\">\n<picture><source media=\"(min-width: 720px)\" srcset=\"http:\/\/hoycordobaweb.com\/wp-content\/uploads\/2022\/07\/el-simeone-que-cambia-de-equipo-en-espana-3.jpg\"><img itemprop=\"image\" src=\"http:\/\/hoycordobaweb.com\/wp-content\/uploads\/2022\/07\/el-simeone-que-cambia-de-equipo-en-espana-3.jpg\" loading=\"lazy\" alt=\"Gio, Gianluca y Guliano, la dinast\u00eda futbolera de los Simeone.\">\n<\/picture><figcaption readability=\"4\">\n<p>Gio, Gianluca y Guliano, la dinast\u00eda futbolera de los Simeone.\n<\/p>\n<\/figcaption><\/div>\n<\/div>\n<p><a alt=\"gianluca-simeone\" class=\"slug\" href=\"https:\/\/www.ole.com.ar\/tema\/gianluca-simeone.html\" target=\"_blank\" title=\"gianluca-simeone\" rel=\"noopener noreferrer\">Gianluca Simeone<\/a> -que el 23 de julio cumplir\u00e1 24 a\u00f1os- llega procedente del CD Ibiza (Cuarta categor\u00eda), <mark>en el que disput\u00f3 un total de 35 partidos y marc\u00f3 4 goles, los primeros en su carrera profesional<\/mark><strong>.<\/strong> El hijo del Cholo, actual DT del Atl\u00e9tico Madrid y en cuya cantera milita su hermano menor Giuliano, hizo Inferiores en <strong>River <\/strong>antes de partir en 2018 hacia el f\u00fatbol chileno, m\u00e1s precisamente en <strong>Uni\u00f3n La Calera<\/strong>, aunque no lleg\u00f3 a sumar minutos.<\/p>\n<p>A principio de 2019, el delantero volvi\u00f3 al pa\u00eds e integr\u00f3 el plantel de <strong>Gimnasia LP<\/strong> donde fue dirigido por Pedro Troglio e hizo su estreno oficial: sum\u00f3 25&#8242; en la derrota 1-4 en su visita a Atl\u00e9tico Tucum\u00e1n, una de las dos excursiones que tuvo en la Primera del Lobo (la otra, por Copa Argentina). <strong>Aunque s\u00ed disput\u00f3 partidos en la Reserva, donde incluso marc\u00f3 un golazo frente a Independiente.<\/strong><\/p>\n<div class=\"sp__Normal\">\n<div class=\"image-embeb image-trigger\" readability=\"6\">\n<picture><source media=\"(min-width: 720px)\" srcset=\"http:\/\/hoycordobaweb.com\/wp-content\/uploads\/2022\/07\/el-simeone-que-cambia-de-equipo-en-espana-4.jpg\"><img itemprop=\"image\" src=\"http:\/\/hoycordobaweb.com\/wp-content\/uploads\/2022\/07\/el-simeone-que-cambia-de-equipo-en-espana-4.jpg\" loading=\"lazy\" alt=\"Gianluca Simeone de pretemporada con GELP en 2019. Foto. Maxi Failla\">\n<\/picture><figcaption readability=\"2\">\n<p>Gianluca Simeone de pretemporada con GELP en 2019. Foto. Maxi Failla\n<\/p>\n<\/figcaption><\/div>\n<\/div>\n<h2><strong>\u200bAs\u00ed lo present\u00f3 el Xerez de Espa\u00f1a<\/strong><br \/><\/h2>\n<p>\u200bHasta que finalmente emigr\u00f3 a Espa\u00f1a, donde empez\u00f3 a desempe\u00f1arse en el Ascenso de dicho pa\u00eds. Pas\u00f3 por <strong>CF Sant Rafel <\/strong>(filial de la UD Ibiza) en donde marc\u00f3 13 tantos en 25 PJ hasta que encaj\u00f3 en el <strong>CD Ibiza<\/strong> en octubre de 2020. Y all\u00ed consigui\u00f3 rodaje: <mark>59 partidos y 14 gritos<\/mark>. Y ahora tendr\u00e1 que seguir mostrando sus dotes goleadores en el Xerez, que sum\u00f3 otras nueve incorporaciones para afrontar la Temporada 22\/23.<\/p>\n<h2><strong>\u00bfEn qu\u00e9 liga jugar\u00e1 el Xerez al que lleg\u00f3 Gianluca?<\/strong><\/h2>\n<p> La Tercera Federaci\u00f3n, conocida en sus inicios como Tercera Divisi\u00f3n RFEF, es la quinta divisi\u00f3n del sistema de ligas de f\u00fatbol de Espa\u00f1a desde 2021,<strong> cuando desaparecieron la Segunda Divisi\u00f3n B y la Tercera Divisi\u00f3n<\/strong>. Es la categor\u00eda posterior a la Segunda Federaci\u00f3n. El actual plantel ser\u00e1 dirigido por el espa\u00f1ol Jos\u00e9 P\u00e9rez Herrera (43 a\u00f1os).<\/p>\n<p>El Xerez Deportivo F\u00fatbol Club<strong> fue fundado el 28 de junio de 2013 <\/strong>por xerecistas activos que, preocupados por la complicada situaci\u00f3n institucional del Xerez Club Deportivo SAD, impulsaron la creaci\u00f3n de un club que recogiera y abrazara a la masa social xerecista.<\/p>\n<div class=\"entry-tags\">\n<h2>TEMAS QUE APARECEN EN ESTA NOTA<\/h2>\n<\/p><\/div>\n","protected":false},"excerpt":{"rendered":"<p>\u00abGianluca Simeone, un tanque para la punta de ataque\u00bb. Con esa leyenda, el Xerez Deportivo F\u00fatbol Club de Espa\u00f1a present\u00f3 en sociedad a su nuevo refuerzo, uno de los hijos de Diego Simeone. Delantero como su hermano mayor Giovanni (hoy en el Hellas Verona de Italia), el joven de 23 a\u00f1os firmar\u00e1 por dos temporadas [&hellip;]<\/p>\n","protected":false},"author":1,"featured_media":44102,"comment_status":"open","ping_status":"closed","sticky":false,"template":"","format":"standard","meta":[],"categories":[16],"tags":[],"_links":{"self":[{"href":"http:\/\/hoycordobaweb.com\/index.php\/wp-json\/wp\/v2\/posts\/44101"}],"collection":[{"href":"http:\/\/hoycordobaweb.com\/index.php\/wp-json\/wp\/v2\/posts"}],"about":[{"href":"http:\/\/hoycordobaweb.com\/index.php\/wp-json\/wp\/v2\/types\/post"}],"author":[{"embeddable":true,"href":"http:\/\/hoycordobaweb.com\/index.php\/wp-json\/wp\/v2\/users\/1"}],"replies":[{"embeddable":true,"href":"http:\/\/hoycordobaweb.com\/index.php\/wp-json\/wp\/v2\/comments?post=44101"}],"version-history":[{"count":0,"href":"http:\/\/hoycordobaweb.com\/index.php\/wp-json\/wp\/v2\/posts\/44101\/revisions"}],"wp:featuredmedia":[{"embeddable":true,"href":"http:\/\/hoycordobaweb.com\/index.php\/wp-json\/wp\/v2\/media\/44102"}],"wp:attachment":[{"href":"http:\/\/hoycordobaweb.com\/index.php\/wp-json\/wp\/v2\/media?parent=44101"}],"wp:term":[{"taxonomy":"category","embeddable":true,"href":"http:\/\/hoycordobaweb.com\/index.php\/wp-json\/wp\/v2\/categories?post=44101"},{"taxonomy":"post_tag","embeddable":true,"href":"http:\/\/hoycordobaweb.com\/index.php\/wp-json\/wp\/v2\/tags?post=44101"}],"curies":[{"name":"wp","href":"https:\/\/api.w.org\/{rel}","templated":true}]}}