{"id":44097,"date":"2022-07-03T13:35:08","date_gmt":"2022-07-03T13:35:08","guid":{"rendered":"https:\/\/www.ole.com.ar\/futbol-internacional\/salvio-llego-mexico-pumas-locura_0_85cmWAg2cC.html"},"modified":"2022-07-03T13:35:08","modified_gmt":"2022-07-03T13:35:08","slug":"locura-por-salvio-en-mexico","status":"publish","type":"post","link":"http:\/\/hoycordobaweb.com\/index.php\/2022\/07\/03\/locura-por-salvio-en-mexico\/","title":{"rendered":"Locura por Salvio en M\u00e9xico"},"content":{"rendered":"<p><img src=\"http:\/\/hoycordobaweb.com\/wp-content\/uploads\/2022\/07\/locura-por-salvio-en-mexico.jpg\"><\/p>\n<p>Despu\u00e9s de acceder a una incontable cantidad de selfies en el aeropuerto de Ezeiza, <strong><a alt=\"eduardo-salvio\" class=\"slug\" href=\"https:\/\/www.ole.com.ar\/tema\/eduardo-salvio.html\" target=\"_blank\" title=\"eduardo-salvio\" rel=\"noopener noreferrer\">Eduardo Salvio<\/a><\/strong> descans\u00f3 de los flashes durante las casi diez horas que dur\u00f3 el vuelo hasta el Distrito Federal, pero en cuanto puso los pies en el Benito Ju\u00e1rez, reaparecieron los destellos. Es que en su llegada a M\u00e9xico, <strong>Toto fue recibido por una multitud que se acerc\u00f3 a conocer de cerca al flamante refuerzo&nbsp;de Pumas.<\/strong> <\/p>\n<p>Luego de no alcanzar un acuerdo con <strong><a alt=\"boca-juniors\" class=\"slug\" href=\"https:\/\/www.ole.com.ar\/tema\/boca-juniors.html\" target=\"_blank\" title=\"boca-juniors\" rel=\"noopener noreferrer\">Boca<\/a><\/strong> para la renovaci\u00f3n de su v\u00ednculo<strong>, <\/strong>finalmente Salvio se inclin\u00f3 por una de las ofertas que recibi\u00f3 mientras esperaba una nueva propuesta del Xeneize. As\u00ed, arm\u00f3 sus valijas, vol\u00f3 a M\u00e9xico y <strong>se espera que en las pr\u00f3ximas horas sea presentado oficialmente en su nuevo club, donde firmar\u00e1 un contrato por dos temporadas. <\/strong><\/p>\n<div class=\"sp__SM\">\n<div class=\"content-new \"> <span class=\"tit-mobile\">Mir\u00e1 tambi\u00e9n<\/span><\/p>\n<div class=\"mg\">\n<div class=\"wrap-figure\">\n<picture>\n<a href=\"https:\/\/www.ole.com.ar\/boca-juniors\/salvio-abrazo-angelici-aeropuerto-ezeiza_0_7TfSAIeLrU.html\" target=\"_self\" rel=\"noopener noreferrer\"><br \/>\n<img class=\"img-responsive\" alt=\"\u00a1Salvio se cruz\u00f3 con Angelici antes de volar a M\u00e9xico!\" src=\"http:\/\/hoycordobaweb.com\/wp-content\/uploads\/2022\/07\/locura-por-salvio-en-mexico-2.jpg\" loading=\"lazy\"><br \/>\n<\/a>\n<\/picture>\n<\/div>\n<\/div><\/div>\n<\/div>\n<p>En Pumas y en todo M\u00e9xico ya anuncian a Salvio como una de las grandes estrellas del mercado para el Apertura 2022 y el recibimiento estuvo a la altura. Entre fotos, saludos, regalos y aut\u00f3grafos a camisetas, <strong>Toto se fue abriendo paso entre los hinchas y ya le mand\u00f3 un mensaje a todo el pueblo universitario.<\/strong> <\/p>\n<p>\u00abEs una aventura nueva para m\u00ed en mi carrera, as\u00ed que contento de estar ac\u00e1\u00bb, comenz\u00f3 en di\u00e1logo con la prensa, que tambi\u00e9n se acerc\u00f3 a recibir a la nueva figura del f\u00fatbol mexicano. \u00ab<strong>Andr\u00e9s&nbsp;Lillini influy\u00f3 en mi llegada. Pude hablar con \u00e9l hace bastantes d\u00edas,&nbsp;sobre el proyecto, el club y el equipo y eso ayud\u00f3 mucho para tomar una decisi\u00f3n\u00bb<\/strong>, cont\u00f3 sobre el contacto que tuvo con el DT de Pumas.&nbsp;<\/p>\n<div class=\"sp__SM\">\n<div class=\"content-new \">\n<span class=\"tit-mobile\">Mir\u00e1 tambi\u00e9n<\/span><\/p>\n<div class=\"mg\">\n<div class=\"wrap-figure\">\n<picture>\n<a href=\"https:\/\/www.ole.com.ar\/boca-juniors\/boca-salvio-viaje-mexico-pumas_0_uiF7RxRGb7.html\" target=\"_self\" rel=\"noopener noreferrer\"><br \/>\n<img class=\"img-responsive\" alt=\"El reproche de Salvio a Boca antes de viajar a M\u00e9xico\" src=\"http:\/\/hoycordobaweb.com\/wp-content\/uploads\/2022\/07\/locura-por-salvio-en-mexico-3.jpg\" loading=\"lazy\"><br \/>\n<\/a>\n<\/picture>\n<\/div>\n<\/div><\/div>\n<\/div>\n<p>Por otro lado, sobre su llegada a la Liga MX, asegur\u00f3: \u00abEs un f\u00fatbol muy competitivo, much\u00edsimos jugadores quieren jugar ac\u00e1, as\u00ed que estoy muy feliz de estar ac\u00e1. Tengo las mejores expectativas, vengo para sumar al equipo. Vengo a ganar. <strong>En todos lados donde estuve tuve la chance de conquistar t\u00edtulos y eso no va a cambiar. Ac\u00e1 vengo a ganar cosas\u00bb.<\/strong><\/p>\n<p>Si bien Toto se perder\u00e1 la primera fecha del torneo frente a Tijuana, en Pumas ya lo esperan para el pr\u00f3ximo partido ante Le\u00f3n, que ser\u00e1 el pr\u00f3ximo domingo de visitante.&nbsp;<strong>\u200b<\/strong><\/p>\n<h2><strong>El reproche de Salvio a Boca antes de viajar a M\u00e9xico<\/strong><\/h2>\n<p>Luego de no haber llegado a un acuerdo para renovar su contrato con Boca y justo antes de viajar rumbo a M\u00e9xico para incorporarse a Pumas UNAM, Eduardo Salvio rompi\u00f3 el silencio con alg\u00fan reproche para el Consejo de F\u00fatbol:<strong> \u00abSiempre la posibilidad de irme estaba, porque la oferta de renovaci\u00f3n demor\u00f3 bastante. Es parte de esto, el club quiere una cosa, el jugador otra y no hubo acuerdo\u00bb.<\/strong><\/p>\n<div class=\"sp__SM\">\n<div class=\"content-new \">\n<span class=\"tit-mobile\">Mir\u00e1 tambi\u00e9n<\/span><\/p>\n<div class=\"mg\">\n<div class=\"wrap-figure\">\n<picture>\n<a href=\"https:\/\/www.ole.com.ar\/boca-juniors\/eduardo-salvio-despedida-boca_0_YMTkhiopYV.html\" target=\"_self\" rel=\"noopener noreferrer\"><br \/>\n<img class=\"img-responsive\" alt=\"Qu\u00e9 dijo Salvio de su despedida de Boca y los mensajes de sus compa\u00f1eros\" src=\"http:\/\/hoycordobaweb.com\/wp-content\/uploads\/2022\/07\/locura-por-salvio-en-mexico-4.jpg\" loading=\"lazy\"><br \/>\n<\/a>\n<\/picture>\n<\/div>\n<\/div><\/div>\n<\/div>\n<p>La realidad es que Toto no ten\u00eda muchas ganas de hablar despu\u00e9s de no haber podido acordar su continuidad en Boca. Porque en el fondo no se va bien. <strong>Su intenci\u00f3n siempre fue seguir en el club, pero falt\u00f3 di\u00e1logo durante todo este a\u00f1o, la propuesta que le hizo el Consejo sobre el vencimiento de su contrato no prosper\u00f3 y, con poco tiempo para negociar, decidi\u00f3 irse luego de tres a\u00f1os.<\/strong><\/p>\n<p><strong>\u200b<\/strong> \u00bfPodr\u00eda haber seguido? S\u00ed, tambi\u00e9n, aceptando sin objeciones la propuesta xeneize. Finalmente, si bien ten\u00eda varias ofertas del f\u00fatbol mexicano y tambi\u00e9n de la Major League Soccer de Estados Unidos, <strong>Toto valor\u00f3 el llamado del DT argentino Andr\u00e9s Lillini para explicarle por qu\u00e9 lo quer\u00eda en su equipo. Y los mimos dieron resultado para que se inclinara por Pumas.<\/strong><\/p>\n<div class=\"sp__SM\">\n<div class=\"content-new \">\n<span class=\"tit-mobile\">Mir\u00e1 tambi\u00e9n<\/span><\/p>\n<div class=\"mg\">\n<div class=\"wrap-figure\">\n<picture>\n<a href=\"https:\/\/www.ole.com.ar\/boca-juniors\/vidal-boca-espera_0_i3QMcrbm6u.html\" target=\"_self\" rel=\"noopener noreferrer\"><br \/>\n<img class=\"img-responsive\" alt=\"En qu\u00e9 anda Vidal: fitness, puchero y mensajes rom\u00e1nticos a su novia\" src=\"http:\/\/hoycordobaweb.com\/wp-content\/uploads\/2022\/07\/locura-por-salvio-en-mexico-5.jpg\" loading=\"lazy\"><br \/>\n<\/a>\n<\/picture>\n<\/div>\n<\/div><\/div>\n<\/div>\n<p>Pero la presencia de la prensa en el aeropuerto de Ezeiza lo llev\u00f3 a reconocer la raz\u00f3n de su salida y tambi\u00e9n decir unas palabras de despedida:&nbsp;<strong>\u00abEst\u00e1 todo bien, les deseo lo mejor a los chicos. Esper\u00e9 a Boca hasta el final, por eso no hab\u00eda cerrado nada con otro club. Siempre le dije a mi representante que quer\u00eda esperar a Boca hasta el \u00faltimo d\u00eda. <\/strong>Pero ahora estoy contento por un nuevo comienzo y una aventura m\u00e1s en mi carrera\u00bb.<\/p>\n<p><strong>\u00abPara m\u00ed fue todo un sue\u00f1o y un privilegio vestir la camiseta del club que soy hincha de toda la vida. <\/strong>Me voy con cuatro t\u00edtulos, muchos partidos, goles. Lo disfrut\u00e9 mucho y me voy feliz. El reconocimiento de la gente es porque uno hizo las cosas bien, porque cada vez que jugu\u00e9 en Boca di todo. Amo al club y soy hincha de Boca. Desde M\u00e9xico estar\u00e9 alentando\u00bb, agreg\u00f3 el delantero que en Ezeiza<a data-cke-saved-href=\"https:\/\/www.ole.com.ar\/boca-juniors\/salvio-abrazo-angelici-aeropuerto-ezeiza_0_7TfSAIeLrU.html\" target=\"_blank\" href=\"https:\/\/www.ole.com.ar\/boca-juniors\/salvio-abrazo-angelici-aeropuerto-ezeiza_0_7TfSAIeLrU.html\" rel=\"noopener noreferrer\"><strong> se cruz\u00f3 por casualidad con el ex presidente xeneize Daniel Angelici.<\/strong><\/a><\/p>\n<div class=\"entry-tags\">\n<h2>TEMAS QUE APARECEN EN ESTA NOTA<\/h2>\n<\/p><\/div>\n","protected":false},"excerpt":{"rendered":"<p>Despu\u00e9s de acceder a una incontable cantidad de selfies en el aeropuerto de Ezeiza, Eduardo Salvio descans\u00f3 de los flashes durante las casi diez horas que dur\u00f3 el vuelo hasta el Distrito Federal, pero en cuanto puso los pies en el Benito Ju\u00e1rez, reaparecieron los destellos. Es que en su llegada a M\u00e9xico, Toto fue [&hellip;]<\/p>\n","protected":false},"author":1,"featured_media":44098,"comment_status":"open","ping_status":"closed","sticky":false,"template":"","format":"standard","meta":[],"categories":[16],"tags":[],"_links":{"self":[{"href":"http:\/\/hoycordobaweb.com\/index.php\/wp-json\/wp\/v2\/posts\/44097"}],"collection":[{"href":"http:\/\/hoycordobaweb.com\/index.php\/wp-json\/wp\/v2\/posts"}],"about":[{"href":"http:\/\/hoycordobaweb.com\/index.php\/wp-json\/wp\/v2\/types\/post"}],"author":[{"embeddable":true,"href":"http:\/\/hoycordobaweb.com\/index.php\/wp-json\/wp\/v2\/users\/1"}],"replies":[{"embeddable":true,"href":"http:\/\/hoycordobaweb.com\/index.php\/wp-json\/wp\/v2\/comments?post=44097"}],"version-history":[{"count":0,"href":"http:\/\/hoycordobaweb.com\/index.php\/wp-json\/wp\/v2\/posts\/44097\/revisions"}],"wp:featuredmedia":[{"embeddable":true,"href":"http:\/\/hoycordobaweb.com\/index.php\/wp-json\/wp\/v2\/media\/44098"}],"wp:attachment":[{"href":"http:\/\/hoycordobaweb.com\/index.php\/wp-json\/wp\/v2\/media?parent=44097"}],"wp:term":[{"taxonomy":"category","embeddable":true,"href":"http:\/\/hoycordobaweb.com\/index.php\/wp-json\/wp\/v2\/categories?post=44097"},{"taxonomy":"post_tag","embeddable":true,"href":"http:\/\/hoycordobaweb.com\/index.php\/wp-json\/wp\/v2\/tags?post=44097"}],"curies":[{"name":"wp","href":"https:\/\/api.w.org\/{rel}","templated":true}]}}