{"id":44095,"date":"2022-07-03T15:28:55","date_gmt":"2022-07-03T15:28:55","guid":{"rendered":"https:\/\/www.ole.com.ar\/autos\/llaver-festejo-alta-gracia_0_DIJXzmRzAF.html"},"modified":"2022-07-03T15:28:55","modified_gmt":"2022-07-03T15:28:55","slug":"atrapame-si-puedes","status":"publish","type":"post","link":"http:\/\/hoycordobaweb.com\/index.php\/2022\/07\/03\/atrapame-si-puedes\/","title":{"rendered":"Atr\u00e1pame si puedes"},"content":{"rendered":"<p><img src=\"http:\/\/hoycordobaweb.com\/wp-content\/uploads\/2022\/07\/atrapame-si-puedes.jpg\"><\/p>\n<p>Bernardo Llaver cambi\u00f3 pole por victoria y conquist\u00f3 el triunfo en la final del TC2000 en el aut\u00f3dromo de Alta Gracia. Adem\u00e1s, el mendocino salt\u00f3 a lo m\u00e1s alto del campeonato junto a Agust\u00edn Canapino.<\/p>\n<div class=\"sp__SM\">\n<div class=\"content-new \">\n<span class=\"tit-mobile\">Mir\u00e1 tambi\u00e9n<\/span><\/p>\n<div class=\"mg\">\n<div class=\"wrap-figure\">\n<picture>\n<a href=\"https:\/\/www.ole.com.ar\/autos\/formula-1-zhou-accidente-largada_0_PSvbXDnq6T.html\" target=\"_self\" rel=\"noopener noreferrer\"><br \/>\n<img class=\"img-responsive\" alt=\"Impactante accidente en la largada de F\u00f3rmula 1: Zhou salv\u00f3 su vida de milagro\" src=\"http:\/\/hoycordobaweb.com\/wp-content\/uploads\/2022\/07\/atrapame-si-puedes-2.jpg\" loading=\"lazy\"><br \/>\n<\/a>\n<\/picture>\n<\/div>\n<\/div><\/div>\n<\/div>\n<p><mark>Se puso en marcha la competencia del TC2000 con Llaver en la primera colocaci\u00f3n, escoltado por Barrio, Pern\u00eda y Montenegro, quien cay\u00f3 dos colocaciones. Mientras que quinto era Canapino.<\/mark> Luego, abandonaron Bastidas con el Fiat y de Aldrighetti con el Toyota.<\/p>\n<p>A 17 minutos para que caiga la bandera a cuadros, Cravero debi\u00f3 abandonar con el Honda. <mark>Momentos despu\u00e9s, Pflucker se fue de pista en el frenaje de la tercera curva y qued\u00f3 clavado en la leca.<\/mark><\/p>\n<p>En los instantes finales, Ardusso sufri\u00f3 la rotura del neum\u00e1tico delantero derecho y fue a la zona de boxes. <mark>En definitiva, Llaver cant\u00f3 victoria en la final del TC2000 en Alta Gracia. Lo escoltaron Barrio, Pern\u00eda, Montenegro y cerr\u00f3 el top five Agust\u00edn Canapino.<\/mark><\/p>\n<div class=\"sp__SM\">\n<div class=\"content-new \">\n<span class=\"tit-mobile\">Mir\u00e1 tambi\u00e9n<\/span><\/p>\n<div class=\"mg\">\n<div class=\"wrap-figure\">\n<picture>\n<a href=\"https:\/\/www.ole.com.ar\/autos\/ardusso-gano-sprint-cabalen_0_Oh18WDVkf5.html\" target=\"_self\" rel=\"noopener noreferrer\"><br \/>\n<img class=\"img-responsive\" alt=\"Ardusso y un triunfo aplastante en el Cabal\u00e9n\" src=\"http:\/\/hoycordobaweb.com\/wp-content\/uploads\/2022\/07\/atrapame-si-puedes-3.jpg\" loading=\"lazy\"><br \/>\n<\/a>\n<\/picture>\n<\/div>\n<\/div><\/div>\n<\/div>\n<p><mark>En el torneo, Canapino y Llaver est\u00e1n empatados en la primera colocaci\u00f3n con 152 puntos.<\/mark> Mientras que tercero aparece Pern\u00eda con 144 unidades. La pr\u00f3xima fecha del TC2000 ser\u00e1 el 24 de julio en el aut\u00f3dromo de Rafaela.<\/p>\n<div class=\"entry-tags\">\n<h2>TEMAS QUE APARECEN EN ESTA NOTA<\/h2>\n<\/p><\/div>\n","protected":false},"excerpt":{"rendered":"<p>Bernardo Llaver cambi\u00f3 pole por victoria y conquist\u00f3 el triunfo en la final del TC2000 en el aut\u00f3dromo de Alta Gracia. Adem\u00e1s, el mendocino salt\u00f3 a lo m\u00e1s alto del campeonato junto a Agust\u00edn Canapino. Mir\u00e1 tambi\u00e9n Se puso en marcha la competencia del TC2000 con Llaver en la primera colocaci\u00f3n, escoltado por Barrio, Pern\u00eda [&hellip;]<\/p>\n","protected":false},"author":1,"featured_media":44096,"comment_status":"open","ping_status":"closed","sticky":false,"template":"","format":"standard","meta":[],"categories":[16],"tags":[],"_links":{"self":[{"href":"http:\/\/hoycordobaweb.com\/index.php\/wp-json\/wp\/v2\/posts\/44095"}],"collection":[{"href":"http:\/\/hoycordobaweb.com\/index.php\/wp-json\/wp\/v2\/posts"}],"about":[{"href":"http:\/\/hoycordobaweb.com\/index.php\/wp-json\/wp\/v2\/types\/post"}],"author":[{"embeddable":true,"href":"http:\/\/hoycordobaweb.com\/index.php\/wp-json\/wp\/v2\/users\/1"}],"replies":[{"embeddable":true,"href":"http:\/\/hoycordobaweb.com\/index.php\/wp-json\/wp\/v2\/comments?post=44095"}],"version-history":[{"count":0,"href":"http:\/\/hoycordobaweb.com\/index.php\/wp-json\/wp\/v2\/posts\/44095\/revisions"}],"wp:featuredmedia":[{"embeddable":true,"href":"http:\/\/hoycordobaweb.com\/index.php\/wp-json\/wp\/v2\/media\/44096"}],"wp:attachment":[{"href":"http:\/\/hoycordobaweb.com\/index.php\/wp-json\/wp\/v2\/media?parent=44095"}],"wp:term":[{"taxonomy":"category","embeddable":true,"href":"http:\/\/hoycordobaweb.com\/index.php\/wp-json\/wp\/v2\/categories?post=44095"},{"taxonomy":"post_tag","embeddable":true,"href":"http:\/\/hoycordobaweb.com\/index.php\/wp-json\/wp\/v2\/tags?post=44095"}],"curies":[{"name":"wp","href":"https:\/\/api.w.org\/{rel}","templated":true}]}}