{"id":44049,"date":"2022-07-01T23:30:34","date_gmt":"2022-07-01T23:30:34","guid":{"rendered":"https:\/\/www.ole.com.ar\/independiente\/benavidez-alaves-independiente_0_L1dU7ilFdN.html"},"modified":"2022-07-01T23:30:34","modified_gmt":"2022-07-01T23:30:34","slug":"el-rojo-no-saldo-la-deuda-por-su-pase-y-se-fue-libre-al-alaves","status":"publish","type":"post","link":"http:\/\/hoycordobaweb.com\/index.php\/2022\/07\/01\/el-rojo-no-saldo-la-deuda-por-su-pase-y-se-fue-libre-al-alaves\/","title":{"rendered":"El Rojo no sald\u00f3 la deuda por su pase y se fue libre al Alav\u00e9s"},"content":{"rendered":"<p><img src=\"http:\/\/hoycordobaweb.com\/wp-content\/uploads\/2022\/07\/el-rojo-no-saldo-la-deuda-por-su-pase-y-se-fue-libre-al-alaves.jpg\"><\/p>\n<p><strong>El volante uruguayo <a alt=\"carlos-benavidez\" class=\"slug\" href=\"https:\/\/www.ole.com.ar\/tema\/carlos-benavidez.html\" target=\"_blank\" title=\"carlos-benavidez\" rel=\"noopener noreferrer\">Carlos Benav\u00eddez<\/a> fue anunciado por el Alav\u00e9s, de la Segunda Divisi\u00f3n de Espa\u00f1a<\/strong>, este mismo viernes, tras quedar libre de <a data-cke-saved-href=\"https:\/\/www.ole.com.ar\/independiente\/\" target=\"_blank\" href=\"https:\/\/www.ole.com.ar\/independiente\/\" rel=\"noopener noreferrer\">Independiente<\/a>. Era uno de los tres volantes con destino de salida por no renovar su contrato, junto a Domingo Blanco y Andr\u00e9s Roa.<\/p>\n<p>As\u00ed, el Diablo pierde a un activo por el que hab\u00eda invertido 2.500.000 d\u00f3lares a Defensor Sporting, a mediados de 2018, por el 60% del pase. Pero eso no es todo: en diciembre de 2021 el club hab\u00eda sido inhibido por una deuda de 910.000 verdes con el club de Montevideo. Pero, aunque solucion\u00f3 ese problema, <mark>al Violeta a\u00fan le debe dos cuotas de 102.000 d\u00f3lares y tres bonos de 57.000 que todav\u00eda no vencieron.<\/mark><\/p>\n<div class=\"sp__SM\">\n<div class=\"content-new \">\n<span class=\"tit-mobile\">Mir\u00e1 tambi\u00e9n<\/span><\/p>\n<div class=\"mg\">\n<div class=\"wrap-figure\">\n<picture>\n<a href=\"https:\/\/www.ole.com.ar\/independiente\/hachen-independiente-revision_0_w3kyGDD9aW.html\" target=\"_self\" rel=\"noopener noreferrer\"> <img class=\"img-responsive\" alt=\"Hachen: la charla con Dom\u00ednguez y en qu\u00e9 posici\u00f3n puede jugar\" src=\"http:\/\/hoycordobaweb.com\/wp-content\/uploads\/2022\/07\/el-rojo-no-saldo-la-deuda-por-su-pase-y-se-fue-libre-al-alaves-2.jpg\" loading=\"lazy\"><br \/>\n<\/a>\n<\/picture>\n<\/div>\n<\/div><\/div>\n<\/div>\n<p>Benav\u00eddez, de 24 a\u00f1os, hab\u00eda sido pedido por Ariel Holan. Aunque su ciclo tuvo varios contratiempos: sufri\u00f3 dos roturas de ligamentos de rodilla que complicaron mucho su continuidad. En el Rojo acumul\u00f3 cuatro goles en 41 partidos en sus cuatro a\u00f1os.&nbsp;<\/p>\n<p>Lo mejor de su paso fue un tanto a Boca en la Liga 2021.<\/p>\n<h2><strong>Mir\u00e1 el gol<\/strong><\/h2>\n<div class=\"sp__SM\">\n<div class=\"content-new \">\n<span class=\"tit-mobile\">Mir\u00e1 tambi\u00e9n<\/span><\/p>\n<div class=\"mg\">\n<div class=\"wrap-figure\">\n<picture>\n<a href=\"https:\/\/www.ole.com.ar\/independiente\/independiente-poblete-cazares-contratos_0_7B33QlSTrd.html\" target=\"_self\" rel=\"noopener noreferrer\"><br \/>\n<img class=\"img-responsive\" alt=\"Acuerdos con Poblete y Cazares en el Rojo\" src=\"http:\/\/hoycordobaweb.com\/wp-content\/uploads\/2022\/07\/el-rojo-no-saldo-la-deuda-por-su-pase-y-se-fue-libre-al-alaves-3.jpg\" loading=\"lazy\"><br \/>\n<\/a>\n<\/picture>\n<\/div>\n<\/div><\/div>\n<\/div>\n<div class=\"sp__Normal\">\n<div class=\"image-embeb image-trigger\" readability=\"6.5\">\n<picture><source media=\"(min-width: 720px)\" srcset=\"http:\/\/hoycordobaweb.com\/wp-content\/uploads\/2022\/07\/el-rojo-no-saldo-la-deuda-por-su-pase-y-se-fue-libre-al-alaves-4.jpg\"><img itemprop=\"image\" src=\"http:\/\/hoycordobaweb.com\/wp-content\/uploads\/2022\/07\/el-rojo-no-saldo-la-deuda-por-su-pase-y-se-fue-libre-al-alaves-4.jpg\" loading=\"lazy\" alt=\"En 2018: Moyano anunci\u00f3 a Francisco Silva, Benav\u00eddez y Burdisso.\">\n<\/picture><figcaption readability=\"3\">\n<p>En 2018: Moyano anunci\u00f3 a Francisco Silva, Benav\u00eddez y Burdisso.\n<\/p>\n<\/figcaption><\/div>\n<\/div>\n<div class=\"entry-tags\">\n<h2>TEMAS QUE APARECEN EN ESTA NOTA<\/h2>\n<\/p><\/div>\n","protected":false},"excerpt":{"rendered":"<p>El volante uruguayo Carlos Benav\u00eddez fue anunciado por el Alav\u00e9s, de la Segunda Divisi\u00f3n de Espa\u00f1a, este mismo viernes, tras quedar libre de Independiente. Era uno de los tres volantes con destino de salida por no renovar su contrato, junto a Domingo Blanco y Andr\u00e9s Roa. As\u00ed, el Diablo pierde a un activo por el [&hellip;]<\/p>\n","protected":false},"author":1,"featured_media":44050,"comment_status":"open","ping_status":"closed","sticky":false,"template":"","format":"standard","meta":[],"categories":[16],"tags":[],"_links":{"self":[{"href":"http:\/\/hoycordobaweb.com\/index.php\/wp-json\/wp\/v2\/posts\/44049"}],"collection":[{"href":"http:\/\/hoycordobaweb.com\/index.php\/wp-json\/wp\/v2\/posts"}],"about":[{"href":"http:\/\/hoycordobaweb.com\/index.php\/wp-json\/wp\/v2\/types\/post"}],"author":[{"embeddable":true,"href":"http:\/\/hoycordobaweb.com\/index.php\/wp-json\/wp\/v2\/users\/1"}],"replies":[{"embeddable":true,"href":"http:\/\/hoycordobaweb.com\/index.php\/wp-json\/wp\/v2\/comments?post=44049"}],"version-history":[{"count":0,"href":"http:\/\/hoycordobaweb.com\/index.php\/wp-json\/wp\/v2\/posts\/44049\/revisions"}],"wp:featuredmedia":[{"embeddable":true,"href":"http:\/\/hoycordobaweb.com\/index.php\/wp-json\/wp\/v2\/media\/44050"}],"wp:attachment":[{"href":"http:\/\/hoycordobaweb.com\/index.php\/wp-json\/wp\/v2\/media?parent=44049"}],"wp:term":[{"taxonomy":"category","embeddable":true,"href":"http:\/\/hoycordobaweb.com\/index.php\/wp-json\/wp\/v2\/categories?post=44049"},{"taxonomy":"post_tag","embeddable":true,"href":"http:\/\/hoycordobaweb.com\/index.php\/wp-json\/wp\/v2\/tags?post=44049"}],"curies":[{"name":"wp","href":"https:\/\/api.w.org\/{rel}","templated":true}]}}