{"id":44039,"date":"2022-07-02T16:22:28","date_gmt":"2022-07-02T16:22:28","guid":{"rendered":"https:\/\/www.ole.com.ar\/futbol-internacional\/america\/galindez-chile-amenaza-ecuador_0_E1kKD62noL.html"},"modified":"2022-07-02T16:22:28","modified_gmt":"2022-07-02T16:22:28","slug":"lo-amenazaron-en-chile-y-forzo-su-salida-para-regresar-a-ecuador","status":"publish","type":"post","link":"http:\/\/hoycordobaweb.com\/index.php\/2022\/07\/02\/lo-amenazaron-en-chile-y-forzo-su-salida-para-regresar-a-ecuador\/","title":{"rendered":"Lo amenazaron en Chile y forz\u00f3 su salida para regresar a Ecuador"},"content":{"rendered":"<p><img src=\"http:\/\/hoycordobaweb.com\/wp-content\/uploads\/2022\/07\/lo-amenazaron-en-chile-y-forzo-su-salida-para-regresar-a-ecuador.jpg\"><\/p>\n<p>La situaci\u00f3n parec\u00eda no tener vuelta atr\u00e1s. <strong><a alt=\"hernan-galindez\" class=\"slug\" href=\"https:\/\/www.ole.com.ar\/tema\/hernan-galindez.html\" target=\"_blank\" title=\"hernan-galindez\" rel=\"noopener noreferrer\">Hern\u00e1n Gal\u00edndez<\/a><\/strong>, arquero argentino nacionalizado ecuatoriano, <strong>estaba decidido a dejar a la <a alt=\"universidad-de-chile\" class=\"slug\" href=\"https:\/\/www.ole.com.ar\/tema\/universidad-de-chile.html\" target=\"_blank\" title=\"universidad-de-chile\" rel=\"noopener noreferrer\">Universidad de Chile<\/a> y deseaba emigrar con urgencia del pa\u00eds trasandino.<\/strong> \u00bfEl motivo? <strong>Denunci\u00f3 recibir amenazas en su contra que habr\u00edan llegado muy lejos. <\/strong>Ahora, parece que su objetivo est\u00e1 pr\u00f3ximo a cumplirse.<\/p>\n<h2><strong>AMENAZAS Y DESEO DE SALIR<\/strong><\/h2>\n<p><strong>\u00abHern\u00e1n est\u00e1 pasando un momento personal muy delicado. No est\u00e1 bien en lo emocional ni en lo deportivo.<\/strong> Y el club lo sabe. Todo esto agravado porque se ha puesto en duda una realidad muy dolorosa para \u00e9l y su familia y se ha normalizado una situaci\u00f3n que no debe ser aceptada por ning\u00fan motivo\u00bb, hab\u00eda declarado su representante <strong>Rodrigo Abadie<\/strong> hace algunos d\u00eda, en di\u00e1logo con La Tercera.<\/p>\n<div class=\"sp__Normal\">\n<div class=\"image-embeb image-trigger\" readability=\"6\">\n<picture><source media=\"(min-width: 720px)\" srcset=\"http:\/\/hoycordobaweb.com\/wp-content\/uploads\/2022\/07\/lo-amenazaron-en-chile-y-forzo-su-salida-para-regresar-a-ecuador-2.jpg\"><img itemprop=\"image\" src=\"http:\/\/hoycordobaweb.com\/wp-content\/uploads\/2022\/07\/lo-amenazaron-en-chile-y-forzo-su-salida-para-regresar-a-ecuador-2.jpg\" loading=\"lazy\" alt=\"Recibi\u00f3 varias amenazas en el \u00faltimo tiempo. (AP\/Ricardo Mazalan)\">\n<\/picture><figcaption readability=\"2\">\n<p>Recibi\u00f3 varias amenazas en el \u00faltimo tiempo. (AP\/Ricardo Mazalan)\n<\/p>\n<\/figcaption><\/div>\n<\/div>\n<p>\u00abEs evidente que desde cualquier punto de vista todo esto afecta la salud mental de cualquier persona.<strong> \u00c9l y su familia han recibido amenazas reales, han amenazado a su familia, inclusive con el colegio de sus hijos. La familia de Hern\u00e1n ya con la \u00faltima amenaza p\u00fablica en el CDA, vista en todo Sudam\u00e9rica, no resiste m\u00e1s vivir en el pa\u00eds y \u00e9l tiene mucho miedo hasta de ir a entrenar<\/strong>\u00ab, agreg\u00f3 Abadie, y avis\u00f3: \u00abGal\u00edndez no tiene ninguna intenci\u00f3n en perjudicar a Universidad de Chile, ni menos sacar provecho\u00bb.<\/p>\n<p>El caso <strong><a alt=\"byron-castillo\" class=\"slug\" href=\"https:\/\/www.ole.com.ar\/tema\/byron-castillo.html\" target=\"_blank\" title=\"byron-castillo\" rel=\"noopener noreferrer\">Byron Castillo<\/a><\/strong> y la ratificaci\u00f3n de la FIFA sobre la clasificaci\u00f3n de Ecuador al <a alt=\"mundial-de-qatar-2022\" class=\"slug\" href=\"https:\/\/www.ole.com.ar\/tema\/mundial-de-qatar-2022.html\" target=\"_blank\" title=\"mundial-de-qatar-2022\" rel=\"noopener noreferrer\">Mundial de Qatar 2022<\/a> habr\u00eda sumado al enojo de los hinchas de la U. Claro, Gal\u00edndez seguramente sea parte de la n\u00f3mina de la Tri de la Gustavo Alfaro para la cita mundialista.<\/p>\n<div class=\"sp__Normal\">\n<div class=\"image-embeb image-trigger\" readability=\"6\">\n<picture><source media=\"(min-width: 720px)\" srcset=\"http:\/\/hoycordobaweb.com\/wp-content\/uploads\/2022\/07\/lo-amenazaron-en-chile-y-forzo-su-salida-para-regresar-a-ecuador-3.jpg\"><img itemprop=\"image\" src=\"http:\/\/hoycordobaweb.com\/wp-content\/uploads\/2022\/07\/lo-amenazaron-en-chile-y-forzo-su-salida-para-regresar-a-ecuador-3.jpg\" loading=\"lazy\" alt=\"Fue parte de Ecuador en la Copa Am\u00e9rica 2021. (DOUGLAS MAGNO \/ AFP)\">\n<\/picture><figcaption readability=\"2\">\n<p>Fue parte de Ecuador en la Copa Am\u00e9rica 2021. (DOUGLAS MAGNO \/ AFP)\n<\/p>\n<\/figcaption><\/div>\n<\/div>\n<h2><strong>NUEVO DESTINO<\/strong><\/h2>\n<p>Ahora, seg\u00fan revel\u00f3 EnCancha, el arquero nacido en Rosario ya tendr\u00eda su salida acordada. <strong>Aucas ser\u00e1 el encargado de desembolsar US$ 250 mil para quedarse con el futbolista de 35 a\u00f1os<\/strong>, quien todav\u00eda ten\u00eda contrato en Chile hasta diciembre de 2023.<\/p>\n<p>Hace unos d\u00edas, Abadie hab\u00eda revelado que la U hab\u00eda declinado una oferta importante por el 1. <strong>\u00abEl club ya rechaz\u00f3 una muy buena, que supera 7 veces la inversi\u00f3n que hizo la U por Hern\u00e1n. Eso es lo curioso\u00bb<\/strong>, dijo el agente. Si todo marcha bien, Gal\u00edndez se presentar\u00e1 este domingo en Quito y estar\u00e1 listo para hacerse la revisi\u00f3n.<\/p>\n<div class=\"entry-tags\">\n<h2>TEMAS QUE APARECEN EN ESTA NOTA<\/h2>\n<\/p><\/div>\n","protected":false},"excerpt":{"rendered":"<p>La situaci\u00f3n parec\u00eda no tener vuelta atr\u00e1s. Hern\u00e1n Gal\u00edndez, arquero argentino nacionalizado ecuatoriano, estaba decidido a dejar a la Universidad de Chile y deseaba emigrar con urgencia del pa\u00eds trasandino. \u00bfEl motivo? Denunci\u00f3 recibir amenazas en su contra que habr\u00edan llegado muy lejos. Ahora, parece que su objetivo est\u00e1 pr\u00f3ximo a cumplirse. AMENAZAS Y DESEO [&hellip;]<\/p>\n","protected":false},"author":1,"featured_media":44040,"comment_status":"open","ping_status":"closed","sticky":false,"template":"","format":"standard","meta":[],"categories":[16],"tags":[],"_links":{"self":[{"href":"http:\/\/hoycordobaweb.com\/index.php\/wp-json\/wp\/v2\/posts\/44039"}],"collection":[{"href":"http:\/\/hoycordobaweb.com\/index.php\/wp-json\/wp\/v2\/posts"}],"about":[{"href":"http:\/\/hoycordobaweb.com\/index.php\/wp-json\/wp\/v2\/types\/post"}],"author":[{"embeddable":true,"href":"http:\/\/hoycordobaweb.com\/index.php\/wp-json\/wp\/v2\/users\/1"}],"replies":[{"embeddable":true,"href":"http:\/\/hoycordobaweb.com\/index.php\/wp-json\/wp\/v2\/comments?post=44039"}],"version-history":[{"count":0,"href":"http:\/\/hoycordobaweb.com\/index.php\/wp-json\/wp\/v2\/posts\/44039\/revisions"}],"wp:featuredmedia":[{"embeddable":true,"href":"http:\/\/hoycordobaweb.com\/index.php\/wp-json\/wp\/v2\/media\/44040"}],"wp:attachment":[{"href":"http:\/\/hoycordobaweb.com\/index.php\/wp-json\/wp\/v2\/media?parent=44039"}],"wp:term":[{"taxonomy":"category","embeddable":true,"href":"http:\/\/hoycordobaweb.com\/index.php\/wp-json\/wp\/v2\/categories?post=44039"},{"taxonomy":"post_tag","embeddable":true,"href":"http:\/\/hoycordobaweb.com\/index.php\/wp-json\/wp\/v2\/tags?post=44039"}],"curies":[{"name":"wp","href":"https:\/\/api.w.org\/{rel}","templated":true}]}}