{"id":44027,"date":"2022-07-01T14:20:00","date_gmt":"2022-07-01T14:20:00","guid":{"rendered":"https:\/\/fm-comunicar.com.ar\/contenido\/19360\/el-viento-derribo-un-poste-un-motocilista-herido-y-parte-de-la-zona-rural-sin-lu"},"modified":"2022-07-01T14:20:00","modified_gmt":"2022-07-01T14:20:00","slug":"el-viento-derribo-un-poste-un-motocilista-herido-y-parte-de-la-zona-rural-sin-luz","status":"publish","type":"post","link":"http:\/\/hoycordobaweb.com\/index.php\/2022\/07\/01\/el-viento-derribo-un-poste-un-motocilista-herido-y-parte-de-la-zona-rural-sin-luz\/","title":{"rendered":"El viento derrib\u00f3 un poste: un motocilista herido y parte de la zona rural sin luz"},"content":{"rendered":"<p>Al mediod\u00eda, cuando las r\u00e1fagas alcanzaron los 75 km\/h, una columna con l\u00edneas de media tensi\u00f3n qued\u00f3 atravesando la calle y una moto que circulaba no pudo evitar la colisi\u00f3n.<img src=\"http:\/\/hoycordobaweb.com\/wp-content\/uploads\/2022\/07\/el-viento-derribo-un-poste-un-motocilista-herido-y-parte-de-la-zona-rural-sin-luz.jpg\"><\/p>\n","protected":false},"excerpt":{"rendered":"<p>Al mediod\u00eda, cuando las r\u00e1fagas alcanzaron los 75 km\/h, una columna con l\u00edneas de media tensi\u00f3n qued\u00f3 atravesando la calle y una moto que circulaba no pudo evitar la colisi\u00f3n.<\/p>\n","protected":false},"author":1,"featured_media":44028,"comment_status":"closed","ping_status":"closed","sticky":false,"template":"","format":"standard","meta":[],"categories":[18],"tags":[],"_links":{"self":[{"href":"http:\/\/hoycordobaweb.com\/index.php\/wp-json\/wp\/v2\/posts\/44027"}],"collection":[{"href":"http:\/\/hoycordobaweb.com\/index.php\/wp-json\/wp\/v2\/posts"}],"about":[{"href":"http:\/\/hoycordobaweb.com\/index.php\/wp-json\/wp\/v2\/types\/post"}],"author":[{"embeddable":true,"href":"http:\/\/hoycordobaweb.com\/index.php\/wp-json\/wp\/v2\/users\/1"}],"replies":[{"embeddable":true,"href":"http:\/\/hoycordobaweb.com\/index.php\/wp-json\/wp\/v2\/comments?post=44027"}],"version-history":[{"count":0,"href":"http:\/\/hoycordobaweb.com\/index.php\/wp-json\/wp\/v2\/posts\/44027\/revisions"}],"wp:featuredmedia":[{"embeddable":true,"href":"http:\/\/hoycordobaweb.com\/index.php\/wp-json\/wp\/v2\/media\/44028"}],"wp:attachment":[{"href":"http:\/\/hoycordobaweb.com\/index.php\/wp-json\/wp\/v2\/media?parent=44027"}],"wp:term":[{"taxonomy":"category","embeddable":true,"href":"http:\/\/hoycordobaweb.com\/index.php\/wp-json\/wp\/v2\/categories?post=44027"},{"taxonomy":"post_tag","embeddable":true,"href":"http:\/\/hoycordobaweb.com\/index.php\/wp-json\/wp\/v2\/tags?post=44027"}],"curies":[{"name":"wp","href":"https:\/\/api.w.org\/{rel}","templated":true}]}}