{"id":43971,"date":"2022-06-30T09:59:00","date_gmt":"2022-06-30T09:59:00","guid":{"rendered":"https:\/\/fm-comunicar.com.ar\/contenido\/19349\/cerca-de-dos-mil-personas-asistieron-a-la-fogata-de-san-pedro-y-san-pablo"},"modified":"2022-06-30T09:59:00","modified_gmt":"2022-06-30T09:59:00","slug":"cerca-de-dos-mil-personas-asistieron-a-la-fogata-de-san-pedro-y-san-pablo","status":"publish","type":"post","link":"http:\/\/hoycordobaweb.com\/index.php\/2022\/06\/30\/cerca-de-dos-mil-personas-asistieron-a-la-fogata-de-san-pedro-y-san-pablo\/","title":{"rendered":"Cerca de dos mil personas asistieron a la Fogata de San Pedro y San Pablo"},"content":{"rendered":"<p>Hubo m\u00fasica en vivo, danzas italianas y gastronom\u00eda t\u00edpica. El encendido este a\u00f1o estuvo a cargo de docentes caroyenses que recibieron la jubilaci\u00f3n en estos \u00faltimos meses. En la nota, fotos del evento.<img src=\"http:\/\/hoycordobaweb.com\/wp-content\/uploads\/2022\/07\/cerca-de-dos-mil-personas-asistieron-a-la-fogata-de-san-pedro-y-san-pablo.jpg\"><\/p>\n","protected":false},"excerpt":{"rendered":"<p>Hubo m\u00fasica en vivo, danzas italianas y gastronom\u00eda t\u00edpica. El encendido este a\u00f1o estuvo a cargo de docentes caroyenses que recibieron la jubilaci\u00f3n en estos \u00faltimos meses. En la nota, fotos del evento.<\/p>\n","protected":false},"author":1,"featured_media":43972,"comment_status":"closed","ping_status":"closed","sticky":false,"template":"","format":"standard","meta":[],"categories":[18],"tags":[],"_links":{"self":[{"href":"http:\/\/hoycordobaweb.com\/index.php\/wp-json\/wp\/v2\/posts\/43971"}],"collection":[{"href":"http:\/\/hoycordobaweb.com\/index.php\/wp-json\/wp\/v2\/posts"}],"about":[{"href":"http:\/\/hoycordobaweb.com\/index.php\/wp-json\/wp\/v2\/types\/post"}],"author":[{"embeddable":true,"href":"http:\/\/hoycordobaweb.com\/index.php\/wp-json\/wp\/v2\/users\/1"}],"replies":[{"embeddable":true,"href":"http:\/\/hoycordobaweb.com\/index.php\/wp-json\/wp\/v2\/comments?post=43971"}],"version-history":[{"count":0,"href":"http:\/\/hoycordobaweb.com\/index.php\/wp-json\/wp\/v2\/posts\/43971\/revisions"}],"wp:featuredmedia":[{"embeddable":true,"href":"http:\/\/hoycordobaweb.com\/index.php\/wp-json\/wp\/v2\/media\/43972"}],"wp:attachment":[{"href":"http:\/\/hoycordobaweb.com\/index.php\/wp-json\/wp\/v2\/media?parent=43971"}],"wp:term":[{"taxonomy":"category","embeddable":true,"href":"http:\/\/hoycordobaweb.com\/index.php\/wp-json\/wp\/v2\/categories?post=43971"},{"taxonomy":"post_tag","embeddable":true,"href":"http:\/\/hoycordobaweb.com\/index.php\/wp-json\/wp\/v2\/tags?post=43971"}],"curies":[{"name":"wp","href":"https:\/\/api.w.org\/{rel}","templated":true}]}}