{"id":43945,"date":"2022-06-30T14:58:10","date_gmt":"2022-06-30T14:58:10","guid":{"rendered":"https:\/\/www.ole.com.ar\/futbol-internacional\/elvis-coca-tuits-barcelona_0_Xbl9yd9148.html"},"modified":"2022-06-30T14:58:10","modified_gmt":"2022-06-30T14:58:10","slug":"por-sus-tuits-perdio-la-oportunidad-de-su-vida","status":"publish","type":"post","link":"http:\/\/hoycordobaweb.com\/index.php\/2022\/06\/30\/por-sus-tuits-perdio-la-oportunidad-de-su-vida\/","title":{"rendered":"Por sus tuits perdi\u00f3 la oportunidad de su vida"},"content":{"rendered":"<p><img src=\"http:\/\/hoycordobaweb.com\/wp-content\/uploads\/2022\/06\/por-sus-tuits-perdio-la-oportunidad-de-su-vida.jpg\"><\/p>\n<p>Elvis Coca trabaja en como adjunto en la direcci\u00f3n deportiva del Mirand\u00e9s, un club del ascenso de Espa\u00f1a. Ten\u00eda lo que el defini\u00f3 como <strong>la gran oportunidad de su vida:<\/strong> una oferta para incorporarse al Barcelona para ser <mark>responsable del departamento de scouting, la b\u00fasqueda de nuevos talentos para la Segunda y la Primera RFEF.<\/mark> Pero recibi\u00f3 un llamado de un dirigente del Cul\u00e9 en el que <strong>le comunicaron la propuesta laboral estaba anulada por los tuits que le encontraron.<\/strong><\/p>\n<p>\u00bfQu\u00e9 hab\u00eda escrito? Coca era hincha del Real Madrid y en 2013 hab\u00eda ironizado por una declaraci\u00f3n de Dani Alves. Antes, en 2012, le hab\u00eda dado RT a un mensaje que dec\u00eda: \u00abEl juego del Barsa es la polla. No sirve de nada si no la metes\u00bb. Y no fue el \u00fanico. Tambi\u00e9n dec\u00eda: \u00abGrande mi Real Madrid\u00bb. Otros: \u00abDi Mar\u00eda espectacular. En el Barsa todos desaparecidos\u00bb.<\/p>\n<div class=\"sp__Normal\">\n<div class=\"image-embeb image-trigger\">\n<picture><source media=\"(min-width: 720px)\" srcset=\"http:\/\/hoycordobaweb.com\/wp-content\/uploads\/2022\/06\/por-sus-tuits-perdio-la-oportunidad-de-su-vida-2.jpg\"><img itemprop=\"image\" src=\"http:\/\/hoycordobaweb.com\/wp-content\/uploads\/2022\/06\/por-sus-tuits-perdio-la-oportunidad-de-su-vida-2.jpg\" loading=\"lazy\" alt=\"Los tuits de Elvis Coca.\">\n<\/picture><figcaption>\n<p>Los tuits de Elvis Coca.\n<\/p>\n<\/figcaption><\/div>\n<\/div>\n<div class=\"sp__Normal\">\n<div class=\"image-embeb image-trigger\">\n<picture><source media=\"(min-width: 720px)\" srcset=\"http:\/\/hoycordobaweb.com\/wp-content\/uploads\/2022\/06\/por-sus-tuits-perdio-la-oportunidad-de-su-vida-3.jpg\"><img itemprop=\"image\" src=\"http:\/\/hoycordobaweb.com\/wp-content\/uploads\/2022\/06\/por-sus-tuits-perdio-la-oportunidad-de-su-vida-3.jpg\" loading=\"lazy\" alt=\"Los tuits de Elvis Coca.\">\n<\/picture><figcaption>\n<p>Los tuits de Elvis Coca.\n<\/p>\n<\/figcaption><\/div>\n<\/div>\n<p>\u00abEl s\u00e1bado por la tarde aparecen esos tuits y el lunes recib\u00ed una llamada de una persona importante del Barcelona que me comunic\u00f3 que <strong>ya no estaban interesados en m\u00ed. Ya me han comunicado que no me fichar\u00e1n por estos tuits\u00bb,<\/strong> cont\u00f3 Coca en la Cadena Ser de Catalu\u00f1a.<\/p>\n<p><strong>\u00abPor eso que hice en el pasado pierdo la oportunidad de mi vida y se me han cerrado las puertas del Barcelona para siempre\u00bb, <\/strong>afirm\u00f3.<\/p>\n<p>\u00abEstoy arrepentido, yo realmente ni recordaba estos tuits\u00bb, cont\u00f3 con resignaci\u00f3n. \u00abActualmente no me siento simpatizante de ning\u00fan club. Manifestar ese tipo de tuits es lo que realmente molest\u00f3 a la entidad blaugrana\u00bb. <\/p>\n<div class=\"sp__SM\">\n<div class=\"content-new \">\n<span class=\"tit-mobile\">Mir\u00e1 tambi\u00e9n<\/span><\/p>\n<div class=\"mg\">\n<div class=\"wrap-figure\">\n<picture>\n<a href=\"https:\/\/www.ole.com.ar\/seleccion\/entrenamiento-vip-scaloneta-ibiza_0_qxPZ709emX.html\" target=\"_self\" rel=\"noopener noreferrer\"><br \/>\n<img class=\"img-responsive\" alt=\"El entrenamiento VIP de la Scaloneta en Ibiza\" src=\"http:\/\/hoycordobaweb.com\/wp-content\/uploads\/2022\/06\/por-sus-tuits-perdio-la-oportunidad-de-su-vida-4.jpg\" loading=\"lazy\"><br \/>\n<\/a>\n<\/picture>\n<\/div>\n<\/div><\/div>\n<\/div>\n<p>\u00abYo ahora veo al Barsa y me siento totalmente identificado. Yo era una persona muy inmadura, ahora no puedo hablar m\u00e1s\u00bb, cerr\u00f3 Coca con dolor.<\/p>\n<h2> <strong>Pas\u00f3 en Argentina<\/strong><\/h2>\n<p>En 2017, Lucas Nardi hab\u00eda sido designado t\u00e9cnico de Estudiantes de La Plata, dirigi\u00f3 una pr\u00e1ctica, pero debi\u00f3 alejarse cuando aparecieron tuits de \u00e9l de varios a\u00f1os antes, en los que cuestionaba fuertemente a Carlos Bilardo. \u00abLo odio y lo dije p\u00fablicamente\u00bb.<\/p>\n<div class=\"sp__SM\">\n<div class=\"content-new \">\n<span class=\"tit-mobile\">Mir\u00e1 tambi\u00e9n<\/span><\/p>\n<div class=\"mg\">\n<div class=\"wrap-figure\">\n<picture>\n<a href=\"https:\/\/www.ole.com.ar\/futbol-internacional\/sudamericana\/cali-melgar-sudamericana-roja-galeano_0_n2cvSm9Osb.html\" target=\"_self\" rel=\"noopener noreferrer\"><br \/>\n<img class=\"img-responsive\" alt=\"Cali - Melgar: patad\u00f3n en el cuello a Galeano y expulsi\u00f3n\" src=\"http:\/\/hoycordobaweb.com\/wp-content\/uploads\/2022\/06\/por-sus-tuits-perdio-la-oportunidad-de-su-vida-5.jpg\" loading=\"lazy\"><br \/>\n<\/a>\n<\/picture>\n<\/div>\n<\/div><\/div>\n<\/div>\n<div class=\"entry-tags\">\n<h2>TEMAS QUE APARECEN EN ESTA NOTA<\/h2>\n<\/p><\/div>\n","protected":false},"excerpt":{"rendered":"<p>Elvis Coca trabaja en como adjunto en la direcci\u00f3n deportiva del Mirand\u00e9s, un club del ascenso de Espa\u00f1a. Ten\u00eda lo que el defini\u00f3 como la gran oportunidad de su vida: una oferta para incorporarse al Barcelona para ser responsable del departamento de scouting, la b\u00fasqueda de nuevos talentos para la Segunda y la Primera RFEF. [&hellip;]<\/p>\n","protected":false},"author":1,"featured_media":43946,"comment_status":"open","ping_status":"closed","sticky":false,"template":"","format":"standard","meta":[],"categories":[16],"tags":[],"_links":{"self":[{"href":"http:\/\/hoycordobaweb.com\/index.php\/wp-json\/wp\/v2\/posts\/43945"}],"collection":[{"href":"http:\/\/hoycordobaweb.com\/index.php\/wp-json\/wp\/v2\/posts"}],"about":[{"href":"http:\/\/hoycordobaweb.com\/index.php\/wp-json\/wp\/v2\/types\/post"}],"author":[{"embeddable":true,"href":"http:\/\/hoycordobaweb.com\/index.php\/wp-json\/wp\/v2\/users\/1"}],"replies":[{"embeddable":true,"href":"http:\/\/hoycordobaweb.com\/index.php\/wp-json\/wp\/v2\/comments?post=43945"}],"version-history":[{"count":0,"href":"http:\/\/hoycordobaweb.com\/index.php\/wp-json\/wp\/v2\/posts\/43945\/revisions"}],"wp:featuredmedia":[{"embeddable":true,"href":"http:\/\/hoycordobaweb.com\/index.php\/wp-json\/wp\/v2\/media\/43946"}],"wp:attachment":[{"href":"http:\/\/hoycordobaweb.com\/index.php\/wp-json\/wp\/v2\/media?parent=43945"}],"wp:term":[{"taxonomy":"category","embeddable":true,"href":"http:\/\/hoycordobaweb.com\/index.php\/wp-json\/wp\/v2\/categories?post=43945"},{"taxonomy":"post_tag","embeddable":true,"href":"http:\/\/hoycordobaweb.com\/index.php\/wp-json\/wp\/v2\/tags?post=43945"}],"curies":[{"name":"wp","href":"https:\/\/api.w.org\/{rel}","templated":true}]}}