{"id":43933,"date":"2022-06-30T12:27:42","date_gmt":"2022-06-30T12:27:42","guid":{"rendered":"https:\/\/manoamanocba.com.ar\/?p=5476"},"modified":"2022-06-30T12:27:42","modified_gmt":"2022-06-30T12:27:42","slug":"renault-anuncio-que-fabricara-77-mil-vehiculos-este-ano-en-cordoba","status":"publish","type":"post","link":"http:\/\/hoycordobaweb.com\/index.php\/2022\/06\/30\/renault-anuncio-que-fabricara-77-mil-vehiculos-este-ano-en-cordoba\/","title":{"rendered":"Renault anunci\u00f3 que fabricar\u00e1 77 mil veh\u00edculos este a\u00f1o en C\u00f3rdoba"},"content":{"rendered":"<p>El gobernador de C\u00f3rdoba,&nbsp;<strong>Juan Schiaretti<\/strong>, recibi\u00f3 a altos ejecutivos de la&nbsp;<strong>automotriz francesa Renault Group<\/strong>, quienes se encuentran en el pa\u00eds para&nbsp;<strong>profundizar la pol\u00edtica industrial de la empresa en la provincia y dar a conocer los proyectos futuros a desarrollar <\/strong>en la planta de barrio<strong> Santa Isabel<\/strong>.<\/p>\n<p>El encuentro del mandatario con los directivos de la empresa se llev\u00f3 a cabo en el Centro C\u00edvico del Bicentenario. Renault reafirm\u00f3 que <strong>Argentina es uno de los principales mercados estrat\u00e9gicos de la regi\u00f3n<\/strong>, con m\u00e1s de seis d\u00e9cadas de presencia industrial en el pa\u00eds.<\/p>\n<p>Los directivos de la automotriz francesa presentaron al gobernador los avances del&nbsp;<strong>plan estrat\u00e9gico denominado \u201cRenaulution\u201d<\/strong>&nbsp;y los proyectos previstos para la hist\u00f3rica planta cordobesa.<\/p>\n<p>Acompa\u00f1\u00f3 a Schiaretti el secretario de Industria provincial, Fernando Sibilla. La comitiva de Renault Group fue encabezada por el vicepresidente ejecutivo industrial y delegado del CEO para Am\u00e9rica Latina, Jos\u00e9 Vicente de los Mozos. Tambi\u00e9n asistieron el presidente para la Regi\u00f3n Am\u00e9rica Latina, Luiz Pedrucci, y el presidente y director general de Renault Argentina, Pablo Sibilla.<\/p>\n<p><a href=\"http:\/\/manoamanocba.com.ar\/wp-content\/uploads\/2022\/06\/Autoridades-de-Renault_1886.jpg\"><img loading=\"lazy\" class=\"size-medium wp-image-5477 aligncenter\" src=\"http:\/\/hoycordobaweb.com\/wp-content\/uploads\/2022\/06\/renault-anuncio-que-fabricara-77-mil-vehiculos-este-ano-en-cordoba.jpg\" alt width=\"300\" height=\"200\" srcset=\"http:\/\/hoycordobaweb.com\/wp-content\/uploads\/2022\/06\/renault-anuncio-que-fabricara-77-mil-vehiculos-este-ano-en-cordoba.jpg 300w, http:\/\/hoycordobaweb.com\/wp-content\/uploads\/2022\/06\/renault-anuncio-que-fabricara-77-mil-vehiculos-este-ano-en-cordoba-1.jpg 768w, http:\/\/hoycordobaweb.com\/wp-content\/uploads\/2022\/06\/renault-anuncio-que-fabricara-77-mil-vehiculos-este-ano-en-cordoba-2.jpg 272w, http:\/\/hoycordobaweb.com\/wp-content\/uploads\/2022\/06\/renault-anuncio-que-fabricara-77-mil-vehiculos-este-ano-en-cordoba-3.jpg 993w\" sizes=\"(max-width: 300px) 100vw, 300px\"><\/a><\/p>\n<p><strong>Fernando Sibilla<\/strong>&nbsp;destac\u00f3 que la reuni\u00f3n&nbsp;<em>\u201c<strong>sirvi\u00f3 para ratificar a C\u00f3rdoba como un polo industrial por excelencia de fabricaci\u00f3n de veh\u00edculos<\/strong>&nbsp;y para contar los proyectos futuros que Renault tiene para el pa\u00eds y, especialmente, para la planta de Santa Isabel\u201d<\/em>.<\/p>\n<p>Por su parte, el presidente de Renault Argentina,&nbsp;<strong>Pablo Sibilla,<\/strong>&nbsp;indic\u00f3 que Renault&nbsp;<strong>fabricar\u00e1 este a\u00f1o 77 mil veh\u00edculos, a raz\u00f3n de casi 440 por d\u00eda<\/strong>. Dijo que la empresa&nbsp;<em>\u201cya incorpor\u00f3 500 nuevos empleados del total de 600 que tiene planeado sumar\u201d<\/em>. Adem\u00e1s, coment\u00f3 que el&nbsp;<strong>segundo turno de producci\u00f3n para la planta de Santa Isabel operar\u00e1 a pleno&nbsp;<em>\u201ca partir de agosto\u201d<\/em><\/strong>.<\/p>\n<p>En este aspecto, en mayo pasado Renault hab\u00eda anunciado que la f\u00e1brica cordobesa sumar\u00eda este segundo turno, incorporar\u00eda personal e incrementar\u00eda 50 por ciento el volumen de producci\u00f3n de los modelos Sandero, Logan, Stepway y Kangoo, a fines de impulsar la presencia de estos veh\u00edculos en el mercado.<\/p>\n","protected":false},"excerpt":{"rendered":"<p>El gobernador de C\u00f3rdoba,&nbsp;Juan Schiaretti, recibi\u00f3 a altos ejecutivos de la&nbsp;automotriz francesa Renault Group, quienes se encuentran en el pa\u00eds para&nbsp;profundizar la pol\u00edtica industrial de la empresa en la provincia y dar a conocer los proyectos futuros a desarrollar en la planta de barrio Santa Isabel. El encuentro del mandatario con los directivos de la [&hellip;]<\/p>\n","protected":false},"author":1,"featured_media":43934,"comment_status":"closed","ping_status":"closed","sticky":false,"template":"","format":"standard","meta":[],"categories":[19],"tags":[],"_links":{"self":[{"href":"http:\/\/hoycordobaweb.com\/index.php\/wp-json\/wp\/v2\/posts\/43933"}],"collection":[{"href":"http:\/\/hoycordobaweb.com\/index.php\/wp-json\/wp\/v2\/posts"}],"about":[{"href":"http:\/\/hoycordobaweb.com\/index.php\/wp-json\/wp\/v2\/types\/post"}],"author":[{"embeddable":true,"href":"http:\/\/hoycordobaweb.com\/index.php\/wp-json\/wp\/v2\/users\/1"}],"replies":[{"embeddable":true,"href":"http:\/\/hoycordobaweb.com\/index.php\/wp-json\/wp\/v2\/comments?post=43933"}],"version-history":[{"count":0,"href":"http:\/\/hoycordobaweb.com\/index.php\/wp-json\/wp\/v2\/posts\/43933\/revisions"}],"wp:featuredmedia":[{"embeddable":true,"href":"http:\/\/hoycordobaweb.com\/index.php\/wp-json\/wp\/v2\/media\/43934"}],"wp:attachment":[{"href":"http:\/\/hoycordobaweb.com\/index.php\/wp-json\/wp\/v2\/media?parent=43933"}],"wp:term":[{"taxonomy":"category","embeddable":true,"href":"http:\/\/hoycordobaweb.com\/index.php\/wp-json\/wp\/v2\/categories?post=43933"},{"taxonomy":"post_tag","embeddable":true,"href":"http:\/\/hoycordobaweb.com\/index.php\/wp-json\/wp\/v2\/tags?post=43933"}],"curies":[{"name":"wp","href":"https:\/\/api.w.org\/{rel}","templated":true}]}}