{"id":43927,"date":"2022-06-30T14:16:25","date_gmt":"2022-06-30T14:16:25","guid":{"rendered":"https:\/\/ladecimaweb.com\/?p=13858"},"modified":"2022-06-30T14:16:25","modified_gmt":"2022-06-30T14:16:25","slug":"se-confirmo-un-caso-de-viruela-simica-en-cordoba","status":"publish","type":"post","link":"http:\/\/hoycordobaweb.com\/index.php\/2022\/06\/30\/se-confirmo-un-caso-de-viruela-simica-en-cordoba\/","title":{"rendered":"Se confirm\u00f3 un caso de viruela s\u00edmica en C\u00f3rdoba"},"content":{"rendered":"<div class=\"boldgrid-section\">\n<div class=\"container\">\n<div class=\"row\">\n<div class=\"col-md-12 col-xs-12 col-sm-12\">\n<p>El Ministerio de Salud informa<span>&nbsp;<\/span><strong>el diagn\u00f3stico de viruela s\u00edmica de un residente de la provincia de 25 a\u00f1os de edad<\/strong>,<span>&nbsp;<\/span><strong>con antecedente de viaje a M\u00e9xico.<\/strong><span>&nbsp;<\/span>El estudio fue realizado por la ANLIS Malbr\u00e1n.<\/p>\n<p class=\"\">Desde el \u00e1rea de Epidemiolog\u00eda de la Provincia detallaron que la persona comenz\u00f3 con s\u00edntomas el pasado 19 de junio, con fiebre, fuerte dolor de cabeza y malestar en general. Asimismo, informaron que, durante su estad\u00eda en M\u00e9xico, estuvo en contacto con una persona que cursaba la infecci\u00f3n.<\/p>\n<p class=\"\">El viajero realiz\u00f3 una consulta m\u00e9dica telef\u00f3nica el 25 de junio, y la sospecha fue notificada el 26 por la Municipalidad de C\u00f3rdoba. El paciente fue evaluado en el hospital Rawson, se le tomaron las muestras necesarias y se enviaron a ANLIS Malbr\u00e1n, donde la prueba PCR dio positivo para viruela s\u00edmica.<\/p>\n<p class=\"\">Cabe destacar que la persona arrib\u00f3 a la Argentina el d\u00eda 20 de junio, permanece en aislamiento desde esa fecha, y<span>&nbsp;<\/span><strong>evoluciona favorablemente con control domiciliario.<\/strong><\/p>\n<p class=\"\">Asimismo, es importante aclarar que<span>&nbsp;<\/span><strong>la investigaci\u00f3n epidemiol\u00f3gica sigue en curso.<\/strong><\/p>\n<p>Ana Willington, del \u00e1rea de Epidemiolog\u00eda, record\u00f3 que<span>&nbsp;<\/span><strong>la viruela s\u00edmica constituye una patolog\u00eda de notificaci\u00f3n obligatoria e inmediata<\/strong>, por lo cual, ante la sospecha cl\u00ednica o epidemiol\u00f3gica, los efectores de salud deben dar el aviso de acuerdo al protocolo vigente.<\/p>\n<p>En cuanto a la cantidad de casos en el pa\u00eds, desde el 27 de mayo, seis personas han recibido un diagn\u00f3stico positivo para este tipo de viruela, cinco con antecedentes de viaje.&nbsp;<\/p>\n<p><strong>Sobre la viruela s\u00edmica o de mono<\/strong><\/p>\n<p>Es una infecci\u00f3n que<span>&nbsp;<\/span><strong>puede transmitirse de animales a personas<\/strong><span>&nbsp;<\/span>(zoonosis),<span>&nbsp;<\/span><strong>y de una persona a otra.<\/strong><span>&nbsp;<\/span>Esta afecci\u00f3n es causada por el virus de la viruela del simio, que pertenece a la familia de los ortopoxvirus.<\/p>\n<p>Respecto a la<span>&nbsp;<\/span><strong>transmisi\u00f3n de animales a personas<\/strong>, las v\u00edas a considerar son el contacto directo con la sangre, los l\u00edquidos corporales, las lesiones de la piel, o las mucosas de animales infectados (manipulaci\u00f3n de monos, ratas de Gambia o ardillas infectadas).<\/p>\n<p>En tanto, la infecci\u00f3n puede pasar<span>&nbsp;<\/span><strong>de una persona a otra<\/strong><span>&nbsp;<\/span>por<span>&nbsp;<\/span><strong>contacto cercano con secreciones de las v\u00edas respiratorias<\/strong>, o<span>&nbsp;<\/span><strong>lesiones en la piel<\/strong><span>&nbsp;<\/span>de quien cursa la infecci\u00f3n o con<span>&nbsp;<\/span><strong>objetos contaminados<\/strong><span>&nbsp;<\/span>recientemente con los fluidos del\/la paciente o materiales de la lesi\u00f3n. Cabe destacar que, debido al contacto \u00edntimo con lesiones cut\u00e1neas infecciosas, el contacto sexual constituye un modo probable de transmisi\u00f3n. Asimismo,<span>&nbsp;<\/span><strong>puede ocurrir por inoculaci\u00f3n o a trav\u00e9s de la placenta<\/strong><span>&nbsp;<\/span>(viruela s\u00edmica cong\u00e9nita).<\/p>\n<p>El periodo de incubaci\u00f3n generalmente es de 6 a 16 d\u00edas, pero puede variar entre 5 y 21 d\u00edas.<\/p>\n<p>En cuanto a los<span>&nbsp;<\/span><strong>s\u00edntomas<\/strong>, durante el periodo de invasi\u00f3n (hasta el d\u00eda 5), puede presentarse<span>&nbsp;<\/span><strong>fiebre, dolor de cabeza intenso, aumento en el tama\u00f1o de los ganglios, dolor muscular y cansancio<\/strong>.<\/p>\n<p class=\"\">Entre uno o tres d\u00edas luego del inicio de la fiebre,<span>&nbsp;<\/span><strong>aparecen distintas fases del exantema \u2013(erupciones en la piel).<span>&nbsp;<\/span><\/strong>Se trata de lesiones vesiculares (peque\u00f1as ampollas) que evolucionan a p\u00fastulas (lesiones con pus), caracter\u00edsticas de esta enfermedad.<span>&nbsp;<\/span><strong>&nbsp;<\/strong>Generalmente se presentan primero en la cara y luego se extiende al resto del cuerpo. Las zonas m\u00e1s afectadas son el rostro, las palmas de las manos y las plantas de los pies.<\/p>\n<p class=\"\"><strong>Ante la presencia de s\u00edntomas,<span>&nbsp;<\/span><\/strong>especialmente si existen<strong><span>&nbsp;<\/span>antecedentes de viaje<span>&nbsp;<\/span><\/strong>a zonas de casos o end\u00e9mica, o si se ha tenido<span>&nbsp;<\/span><strong>contacto estrecho<\/strong><span>&nbsp;<\/span>con una persona que contrajo el virus,<span>&nbsp;<\/span><strong>se indica aislamiento, utilizar barbijo y realizar una consulta m\u00e9dica.<\/strong><\/p>\n<p>Estos signos pueden durar de 14 a 21 d\u00edas, y la enfermedad suele auto limitarse. Los grupos m\u00e1s vulnerables son ni\u00f1os y ni\u00f1as, de acuerdo al grado de exposici\u00f3n al virus, al estado de salud y al tipo de complicaciones que puedan aparecer.&nbsp;<\/p>\n<p class=\"\">En su<span>&nbsp;<\/span><strong>prevenci\u00f3n<\/strong><span>&nbsp;<\/span>es clave reducir el riesgo de transmisi\u00f3n de los animales a las personas en regiones end\u00e9micas y de persona a persona. Para ello, es necesario evitar el contacto f\u00edsico estrecho con quienes hayan contra\u00eddo el virus, sostener una adecuada higiene de manos y el aislamiento de los y las pacientes.<\/p>\n<p class=\"\">\n<div class=\"ubm_banner\"><a href=\"https:\/\/www.cba.gov.ar\/10-https:\/\/www.cba.gov.ar\/10-mil-viviendas\/?csrt=8333084810548506306\" target=\"_blank\" rel=\"dofollow noopener noreferrer\"><img src=\"http:\/\/hoycordobaweb.com\/wp-content\/uploads\/2022\/06\/se-confirmo-un-caso-de-viruela-simica-en-cordoba.gif\" alt=\"\"><\/a><\/div>\n<\/div>\n<\/div>\n<\/div>\n<\/div>\n<p>La entrada <a rel=\"nofollow\" href=\"https:\/\/ladecimaweb.com\/se-confirmo-un-caso-de-viruela-simica-en-cordoba\/\">Se confirm\u00f3 un caso de viruela s\u00edmica en C\u00f3rdoba<\/a> se public\u00f3 primero en <a rel=\"nofollow\" href=\"https:\/\/ladecimaweb.com\">LaDecima<\/a>.<\/p>\n","protected":false},"excerpt":{"rendered":"<p>El Ministerio de Salud informa&nbsp;el diagn\u00f3stico de viruela s\u00edmica de un residente de la provincia de 25 a\u00f1os de edad,&nbsp;con antecedente de viaje a M\u00e9xico.&nbsp;El estudio fue realizado por la ANLIS Malbr\u00e1n. Desde el \u00e1rea de Epidemiolog\u00eda de la Provincia detallaron que la persona comenz\u00f3 con s\u00edntomas el pasado 19 de junio, con fiebre, fuerte [&hellip;]<\/p>\n","protected":false},"author":1,"featured_media":43928,"comment_status":"closed","ping_status":"closed","sticky":false,"template":"","format":"standard","meta":[],"categories":[19],"tags":[],"_links":{"self":[{"href":"http:\/\/hoycordobaweb.com\/index.php\/wp-json\/wp\/v2\/posts\/43927"}],"collection":[{"href":"http:\/\/hoycordobaweb.com\/index.php\/wp-json\/wp\/v2\/posts"}],"about":[{"href":"http:\/\/hoycordobaweb.com\/index.php\/wp-json\/wp\/v2\/types\/post"}],"author":[{"embeddable":true,"href":"http:\/\/hoycordobaweb.com\/index.php\/wp-json\/wp\/v2\/users\/1"}],"replies":[{"embeddable":true,"href":"http:\/\/hoycordobaweb.com\/index.php\/wp-json\/wp\/v2\/comments?post=43927"}],"version-history":[{"count":0,"href":"http:\/\/hoycordobaweb.com\/index.php\/wp-json\/wp\/v2\/posts\/43927\/revisions"}],"wp:featuredmedia":[{"embeddable":true,"href":"http:\/\/hoycordobaweb.com\/index.php\/wp-json\/wp\/v2\/media\/43928"}],"wp:attachment":[{"href":"http:\/\/hoycordobaweb.com\/index.php\/wp-json\/wp\/v2\/media?parent=43927"}],"wp:term":[{"taxonomy":"category","embeddable":true,"href":"http:\/\/hoycordobaweb.com\/index.php\/wp-json\/wp\/v2\/categories?post=43927"},{"taxonomy":"post_tag","embeddable":true,"href":"http:\/\/hoycordobaweb.com\/index.php\/wp-json\/wp\/v2\/tags?post=43927"}],"curies":[{"name":"wp","href":"https:\/\/api.w.org\/{rel}","templated":true}]}}