{"id":43890,"date":"2022-06-29T01:34:47","date_gmt":"2022-06-29T01:34:47","guid":{"rendered":"https:\/\/www.ole.com.ar\/futbol-internacional\/vidal-boca-libertadores-colo-colo_0_HGdpeCCfSx.html"},"modified":"2022-06-29T01:34:47","modified_gmt":"2022-06-29T01:34:47","slug":"que-hizo-vidal-mientras-jugaba-boca","status":"publish","type":"post","link":"http:\/\/hoycordobaweb.com\/index.php\/2022\/06\/29\/que-hizo-vidal-mientras-jugaba-boca\/","title":{"rendered":"\u00bfQu\u00e9 hizo Vidal mientras jugaba Boca?"},"content":{"rendered":"<p><img src=\"http:\/\/hoycordobaweb.com\/wp-content\/uploads\/2022\/06\/que-hizo-vidal-mientras-jugaba-boca.jpg\"><\/p>\n<p>El chileno <a alt=\"arturo-vidal\" class=\"slug\" href=\"https:\/\/www.ole.com.ar\/tema\/arturo-vidal.html\" target=\"_blank\" title=\"arturo-vidal\" rel=\"noopener noreferrer\">Arturo Vidal<\/a> es pretendido por <a alt=\"boca-juniors\" class=\"slug\" href=\"https:\/\/www.ole.com.ar\/tema\/boca-juniors.html\" target=\"_blank\" title=\"boca-juniors\" rel=\"noopener noreferrer\">Boca<\/a>. Desde el Xeneize no se dieron se\u00f1ales de una negociaci\u00f3n cercana a cerrarse y el futbolista no parece preocupado por la actualidad del equipo argentino<strong>. El volante ni vio el partido del equipo de Sebasti\u00e1n Battaglia contra Corinthians en San Pablo, por la ida de los octavos de final de la <a alt=\"copa-libertadores\" class=\"slug\" href=\"https:\/\/www.ole.com.ar\/tema\/copa-libertadores.html\" target=\"_blank\" title=\"copa-libertadores\" rel=\"noopener noreferrer\">Copa Libertadores.<\/a><\/strong><\/p>\n<p>\u00bfQu\u00e9 hizo? Fue a ver al club de sus amores, Colo Colo, el que lo lanz\u00f3 al profesionalismo, contra Inter de Porto Alegre por la Copa Sudamericana, en el estadio San Carlos de Apoquindo. <\/p>\n<div class=\"sp__SM\">\n<div class=\"content-new \">\n<span class=\"tit-mobile\">Mir\u00e1 tambi\u00e9n<\/span><\/p>\n<div class=\"mg\">\n<div class=\"wrap-figure\">\n<picture>\n<a href=\"https:\/\/www.ole.com.ar\/futbol-internacional\/libertadores\/manotazo-rojo-corinthians_0_K0KJza4hEd.html\" target=\"_self\" rel=\"noopener noreferrer\"><br \/>\n<img class=\"img-responsive\" alt=\"Innecesario manotazo de Rojo en el penal de Corinthians\" src=\"http:\/\/hoycordobaweb.com\/wp-content\/uploads\/2022\/06\/que-hizo-vidal-mientras-jugaba-boca-2.jpg\" loading=\"lazy\"><br \/>\n<\/a>\n<\/picture>\n<\/div>\n<\/div><\/div>\n<\/div>\n<p>Incluso, realiz\u00f3 varios posteos en Instagram desde la cancha, en la que expuso su fanatismo. <\/p>\n<p>El Rey Arturo, recordar, tiene contrato por un a\u00f1o m\u00e1s con el Inter de Mil\u00e1n. Otro interesado es Flamengo, probable rival de Boca en cuartos de final si supera al Corinthians.<\/p>\n<div class=\"sp__Normal\">\n<div class=\"image-embeb image-trigger\" readability=\"6\">\n<picture><source media=\"(min-width: 720px)\" srcset=\"http:\/\/hoycordobaweb.com\/wp-content\/uploads\/2022\/06\/que-hizo-vidal-mientras-jugaba-boca-3.jpg\"><img itemprop=\"image\" src=\"http:\/\/hoycordobaweb.com\/wp-content\/uploads\/2022\/06\/que-hizo-vidal-mientras-jugaba-boca-3.jpg\" loading=\"lazy\" alt=\"Las stories de Vidal en Instagram.\">\n<\/picture><figcaption readability=\"2\">\n<p>Las stories de Vidal en Instagram.\n<\/p>\n<\/figcaption><\/div>\n<\/div>\n<div class=\"sp__SM\">\n<div class=\"content-new \">\n<span class=\"tit-mobile\">Mir\u00e1 tambi\u00e9n<\/span><\/p>\n<div class=\"mg\">\n<div class=\"wrap-figure\">\n<picture>\n<a href=\"https:\/\/www.ole.com.ar\/boca-juniors\/boca-corinthians-agresion-micro-brasil_0_qgxSiEzqdr.html\" target=\"_self\" rel=\"noopener noreferrer\"><br \/>\n<img class=\"img-responsive\" alt=\"Atacaron al micro de Boca en Brasil\" src=\"http:\/\/hoycordobaweb.com\/wp-content\/uploads\/2022\/06\/que-hizo-vidal-mientras-jugaba-boca-4.jpg\" loading=\"lazy\"><br \/>\n<\/a>\n<\/picture>\n<\/div>\n<\/div><\/div>\n<\/div>\n<div class=\"sp__Normal\">\n<div class=\"image-embeb image-trigger\" readability=\"6\">\n<picture><source media=\"(min-width: 720px)\" srcset=\"http:\/\/hoycordobaweb.com\/wp-content\/uploads\/2022\/06\/que-hizo-vidal-mientras-jugaba-boca-5.jpg\"><img itemprop=\"image\" src=\"http:\/\/hoycordobaweb.com\/wp-content\/uploads\/2022\/06\/que-hizo-vidal-mientras-jugaba-boca-5.jpg\" loading=\"lazy\" alt=\"Las stories de Vidal en Instagram.\">\n<\/picture><figcaption readability=\"2\">\n<p>Las stories de Vidal en Instagram.\n<\/p>\n<\/figcaption><\/div>\n<\/div>\n<div class=\"sp__Normal\">\n<div class=\"image-embeb image-trigger\" readability=\"6\">\n<picture><source media=\"(min-width: 720px)\" srcset=\"http:\/\/hoycordobaweb.com\/wp-content\/uploads\/2022\/06\/que-hizo-vidal-mientras-jugaba-boca-6.jpg\"><img itemprop=\"image\" src=\"http:\/\/hoycordobaweb.com\/wp-content\/uploads\/2022\/06\/que-hizo-vidal-mientras-jugaba-boca-6.jpg\" loading=\"lazy\" alt=\"Las stories de Vidal en Instagram.\">\n<\/picture><figcaption readability=\"2\">\n<p>Las stories de Vidal en Instagram.\n<\/p>\n<\/figcaption><\/div>\n<\/div>\n<p><opta-widget sport=\"football\" widget=\"timeline\" competition=\"369\" season=\"2022\" match=\"2287921\" template=\"normal\" live=\"true\" orientation=\"horizontal\" vertical_timebar_height=\"260\" show_match_header=\"true\" show_score=\"true\" show_crests=\"true\" show_assists=\"all\" show_team_formation=\"true\" show_clock=\"true\" show_period_dividers=\"true\" show_halftime_score=\"false\" show_date=\"true\" date_format=\"dddd D MMMM YYYY\" show_attendance=\"true\" show_images=\"true\" show_referee=\"true\" show_venue=\"true\" show_cards=\"all\" show_goals=\"true\" show_penalties_missed=\"true\" show_subs=\"false\" show_goals_combined=\"false\" show_shootouts=\"false\" show_competition_name=\"true\" competition_naming=\"full\" team_naming=\"full\" player_naming=\"full\" show_live=\"true\" show_logo=\"false\" show_title=\"true\" breakpoints=\"400, 700\"><\/opta-widget><opta-widget sport=\"football\" widget=\"matchstats\" competition=\"369\" season=\"2022\" match=\"2287921\" template=\"lineups\" live=\"true\" side=\"both\" column_count=\"1\" side_by_side=\"true\" show_match_header=\"true\" show_score=\"true\" show_halftime_score=\"false\" show_crests=\"false\" show_team_formation=\"true\" show_competition_name=\"true\" show_date=\"false\" date_format=\"dddd D MMMM YYYY\" order_by=\"position\" group_by_position=\"false\" show_position=\"true\" show_images=\"false\" show_key=\"false\" show_starters=\"true\" show_goalkeepers=\"true\" show_defenders=\"true\" show_midfielders=\"true\" show_forwards=\"true\" show_subs=\"true\" show_unused_subs=\"false\" show_managers=\"true\" show_captain=\"false\" show_match_events=\"true\" competition_naming=\"full\" team_naming=\"full\" player_naming=\"full\" show_live=\"false\" show_logo=\"false\" show_title=\"true\" breakpoints=\"400, 700\"><\/opta-widget><opta-widget widget=\"commentary\" competition=\"369\" season=\"2022\" match=\"2287921\" template=\"normal\" live=\"true\" data_type=\"auto\" order_by=\"time_descending\" show_event_icons=\"true\" show_minor_events=\"true\" fixed_height_comments=\"300\" show_live=\"true\" show_logo=\"false\" show_title=\"true\" breakpoints=\"400\" sport=\"football\"><\/opta-widget><opta-widget sport=\"football\" widget=\"heatmap\" competition=\"369\" season=\"2022\" match=\"2287921\" preselected_player template=\"normal\" live=\"true\" show_maps=\"all\" orientation=\"horizontal\" side=\"both\" dimension=\"2D\" one_direction=\"false\" show_match_header=\"true\" show_score=\"true\" show_halftime_score=\"false\" show_crests=\"false\" show_team_formation=\"true\" show_competition_name=\"true\" show_date=\"true\" date_format=\"dddd D MMMM YYYY\" show_team_sheets=\"true\" show_subs=\"true\" show_position=\"true\" show_timecontrols=\"true\" show_timecontrols_buttons=\"true\" show_timecontrols_bar=\"true\" show_tooltips=\"false\" competition_naming=\"full\" team_naming=\"full\" player_naming=\"full\" show_logo=\"false\" show_title=\"true\" breakpoints=\"400, 700\"><\/opta-widget><opta-widget widget=\"standings\" competition=\"369\" season=\"2022\" template=\"normal\" live=\"true\" default_nav=\"1\" side=\"combined\" data_detail=\"default\" show_key=\"true\" show_crests=\"true\" points_in_first_column=\"true\" lose_before_draw=\"false\" competition_naming=\"full\" team_naming=\"full\" date_format=\"dddd D MMMM YYYY\" sorting=\"false\" show_live=\"false\" show_relegation_average=\"true\" show_logo=\"true\" show_title=\"true\" breakpoints=\"382\" sport=\"football\"><\/opta-widget> <\/p>\n<div class=\"entry-tags\">\n<h2>TEMAS QUE APARECEN EN ESTA NOTA<\/h2>\n<\/p><\/div>\n","protected":false},"excerpt":{"rendered":"<p>El chileno Arturo Vidal es pretendido por Boca. Desde el Xeneize no se dieron se\u00f1ales de una negociaci\u00f3n cercana a cerrarse y el futbolista no parece preocupado por la actualidad del equipo argentino. El volante ni vio el partido del equipo de Sebasti\u00e1n Battaglia contra Corinthians en San Pablo, por la ida de los octavos [&hellip;]<\/p>\n","protected":false},"author":1,"featured_media":43891,"comment_status":"open","ping_status":"closed","sticky":false,"template":"","format":"standard","meta":[],"categories":[16],"tags":[],"_links":{"self":[{"href":"http:\/\/hoycordobaweb.com\/index.php\/wp-json\/wp\/v2\/posts\/43890"}],"collection":[{"href":"http:\/\/hoycordobaweb.com\/index.php\/wp-json\/wp\/v2\/posts"}],"about":[{"href":"http:\/\/hoycordobaweb.com\/index.php\/wp-json\/wp\/v2\/types\/post"}],"author":[{"embeddable":true,"href":"http:\/\/hoycordobaweb.com\/index.php\/wp-json\/wp\/v2\/users\/1"}],"replies":[{"embeddable":true,"href":"http:\/\/hoycordobaweb.com\/index.php\/wp-json\/wp\/v2\/comments?post=43890"}],"version-history":[{"count":0,"href":"http:\/\/hoycordobaweb.com\/index.php\/wp-json\/wp\/v2\/posts\/43890\/revisions"}],"wp:featuredmedia":[{"embeddable":true,"href":"http:\/\/hoycordobaweb.com\/index.php\/wp-json\/wp\/v2\/media\/43891"}],"wp:attachment":[{"href":"http:\/\/hoycordobaweb.com\/index.php\/wp-json\/wp\/v2\/media?parent=43890"}],"wp:term":[{"taxonomy":"category","embeddable":true,"href":"http:\/\/hoycordobaweb.com\/index.php\/wp-json\/wp\/v2\/categories?post=43890"},{"taxonomy":"post_tag","embeddable":true,"href":"http:\/\/hoycordobaweb.com\/index.php\/wp-json\/wp\/v2\/tags?post=43890"}],"curies":[{"name":"wp","href":"https:\/\/api.w.org\/{rel}","templated":true}]}}