{"id":43886,"date":"2022-06-29T14:49:30","date_gmt":"2022-06-29T14:49:30","guid":{"rendered":"https:\/\/www.ole.com.ar\/futbol-internacional\/libertadores\/vior-pereira-bajas-corinthians-vs-boca_0_9oGwOg09aw.html"},"modified":"2022-06-29T14:49:30","modified_gmt":"2022-06-29T14:49:30","slug":"vitor-pereira-nunca-en-mi-vida-tuve-un-escenario-tan-dificil","status":"publish","type":"post","link":"http:\/\/hoycordobaweb.com\/index.php\/2022\/06\/29\/vitor-pereira-nunca-en-mi-vida-tuve-un-escenario-tan-dificil\/","title":{"rendered":"V\u00edtor Pereira: \u00abNunca en mi vida tuve un escenario tan dif\u00edcil\u00bb"},"content":{"rendered":"<p><img src=\"http:\/\/hoycordobaweb.com\/wp-content\/uploads\/2022\/06\/vitor-pereira-nunca-en-mi-vida-tuve-un-escenario-tan-dificil.jpg\"><\/p>\n<p>El 0 a 0 de <a alt=\"corinthians\" class=\"slug\" href=\"https:\/\/www.ole.com.ar\/tema\/corinthians.html\" target=\"_blank\" title=\"corinthians\" rel=\"noopener noreferrer\">Corinthians<\/a> ante <a alt=\"boca-juniors\" class=\"slug\" href=\"https:\/\/www.ole.com.ar\/tema\/boca-juniors.html\" target=\"_blank\" title=\"boca-juniors\" rel=\"noopener noreferrer\">Boca<\/a> por el partido de ida de los octavos de final de la Copa Libertadores dej\u00f3 un sabor amargo en el conjunto brasile\u00f1o. No s\u00f3lo por no haber conseguido una victoria para llegar m\u00e1s tranquilos a la Bombonera, sino tambi\u00e9n por la dificultad para armar el equipo que tuvo <a alt=\"vitor-pereira\" class=\"slug\" href=\"https:\/\/www.ole.com.ar\/tema\/vitor-pereira.html\" target=\"_blank\" title=\"vitor-pereira\" rel=\"noopener noreferrer\">Vitor Pereira<\/a>. Al finalizar el partido, <strong>el DT se refiri\u00f3 a las m\u00faltiples bajas y se mostr\u00f3 optimista para la vuelta.<\/strong><\/p>\n<p>\u00ab<strong>De verdad, nunca en mi vida, en mi carrera, hab\u00eda tenido un escenario como \u00e9ste<\/strong>. Hay muchos jugadores fuera, casi se puede hacer un equipo\u00bb, lament\u00f3 Pereira en conferencia de prensa post partido. Y a\u00f1adi\u00f3: \u00abPero en el esp\u00edritu de Corinthians ,<strong> fue mano a mano y pudimos haber ganado.<\/strong> Esto nos enorgullece. Es tratar de sobrevivir a esta marea, esta tormenta, y seguir con vida.\u00bb<\/p>\n<div class=\"sp__SM\">\n<div class=\"content-new \">\n<span class=\"tit-mobile\">Mir\u00e1 tambi\u00e9n<\/span><\/p>\n<div class=\"mg\">\n<div class=\"wrap-figure\">\n<picture>\n<a href=\"https:\/\/www.ole.com.ar\/boca-juniors\/willian-recupera-revancha-boca_0_azO2MQx4oK.html\" target=\"_self\" rel=\"noopener noreferrer\"><br \/>\n<img class=\"img-responsive\" alt=\"Willian: hombro dislocado y en duda para la revancha contra Boca\" src=\"http:\/\/hoycordobaweb.com\/wp-content\/uploads\/2022\/06\/vitor-pereira-nunca-en-mi-vida-tuve-un-escenario-tan-dificil-2.jpg\" loading=\"lazy\"><br \/>\n<\/a>\n<\/picture>\n<\/div>\n<\/div><\/div>\n<\/div>\n<p>\u00ab<strong>Quer\u00edamos un 1-0 o un 2-1, pero no se pudo<\/strong>. Jugamos con la plantilla que ten\u00edamos, encontramos la forma de contraatacar a Boca y crear dificultades. Jugamos al l\u00edmite de las opciones que tenemos\u00bb, analiz\u00f3.<\/p>\n<p>\u00abQuer\u00edamos presentar nuestra mejor fortaleza, pero<strong> el calendario brasile\u00f1o nos est\u00e1 masacrando y quitando jugadores<\/strong>. Hoy, dos m\u00e1s\u00bb, remarc\u00f3 el entrenador. A la lista de siete jugadores que perdi\u00f3 por lesi\u00f3n -Maycon, Paulinho, Gil, Gustavo Mosquito, Renato Augusto, Rafael Ramos y Du Queiroz-, s<strong>e le sumaron dos nuevos nombres: Fagner y Willian,<\/strong> que se lesionaron ante Boca.<\/p>\n<div class=\"sp__Normal\">\n<div class=\"image-embeb image-trigger\" readability=\"6\">\n<picture><source media=\"(min-width: 720px)\" srcset=\"http:\/\/hoycordobaweb.com\/wp-content\/uploads\/2022\/06\/vitor-pereira-nunca-en-mi-vida-tuve-un-escenario-tan-dificil-3.jpg\"><img itemprop=\"image\" src=\"http:\/\/hoycordobaweb.com\/wp-content\/uploads\/2022\/06\/vitor-pereira-nunca-en-mi-vida-tuve-un-escenario-tan-dificil-3.jpg\" loading=\"lazy\" alt=\"Willian se sum\u00f3 a la lista de lesionados en el Corinthians.\">\n<\/picture><figcaption readability=\"2\">\n<p>Willian se sum\u00f3 a la lista de lesionados en el Corinthians.\n<\/p>\n<\/figcaption><\/div>\n<\/div>\n<div class=\"sp__SM\">\n<div class=\"content-new \">\n<span class=\"tit-mobile\">Mir\u00e1 tambi\u00e9n<\/span><\/p>\n<div class=\"mg\">\n<div class=\"wrap-figure\">\n<picture>\n<a href=\"https:\/\/www.ole.com.ar\/boca-juniors\/boca-villa-mensaje-bombonera_0_tCcClT8Vcl.html\" target=\"_self\" rel=\"noopener noreferrer\"><br \/>\n<img class=\"img-responsive\" alt=\"El mensaje de Villa para la revancha en la Bombonera\" src=\"http:\/\/hoycordobaweb.com\/wp-content\/uploads\/2022\/06\/vitor-pereira-nunca-en-mi-vida-tuve-un-escenario-tan-dificil-4.jpg\" loading=\"lazy\"><br \/>\n<\/a>\n<\/picture>\n<\/div>\n<\/div><\/div>\n<\/div>\n<p>Sobre la vuelta ante Boca el pr\u00f3ximo martes 5 de julio, explic\u00f3: \u00abTenemos a Fluminense y <strong>luego vamos a Argentina para ganarle a Boca en su casa. <\/strong>Lo mejor es descansar, dormir y empezar a pensar en la salida del Fluminense desde ma\u00f1ana\u00bb. Y sentenci\u00f3: <strong>\u00abLa clasificatoria est\u00e1 abierta. Vamos all\u00ed a luchar por la victoria.\u00bb<\/strong><\/p>\n<h2><strong>Willian: hombro dislocado y en duda para la revancha contra Boca\u200b<\/strong><\/h2>\n<p>As\u00ed como a Boca le quedaron buenas sensaciones luego del empate sin goles en San Pablo, por la ida de octavos de la Copa Libertadores, del lado del Corinthians la cosa fue al rev\u00e9s. Y adem\u00e1s de no haber podido hacer valer la local\u00eda, penal atajado por Rossi mediante,<strong> termin\u00f3 con dos jugadores tocados que podr\u00edan sumarse a la lista de bajas para la revancha de la semana que viene.<\/strong><\/p>\n<div class=\"sp__SM\">\n<div class=\"content-new \">\n<span class=\"tit-mobile\">Mir\u00e1 tambi\u00e9n<\/span><\/p>\n<div class=\"mg\">\n<div class=\"wrap-figure\">\n<picture>\n<a href=\"https:\/\/www.ole.com.ar\/boca-juniors\/audios-var-corinthians-boca-polemica_0_wyqSHZV0fD.html\" target=\"_self\" rel=\"noopener noreferrer\"><br \/>\n<img class=\"img-responsive\" alt=\"Los audios del VAR en las pol\u00e9micas de Corinthians - Boca\" src=\"http:\/\/hoycordobaweb.com\/wp-content\/uploads\/2022\/06\/vitor-pereira-nunca-en-mi-vida-tuve-un-escenario-tan-dificil-5.jpg\" loading=\"lazy\"><br \/>\n<\/a>\n<\/picture>\n<\/div>\n<\/div><\/div>\n<\/div>\n<div class=\"sp__SM\">\n<div class=\"content-new \">\n<span class=\"tit-mobile\">Mir\u00e1 tambi\u00e9n<\/span><\/p>\n<div class=\"mg\">\n<div class=\"wrap-figure\">\n<picture>\n<a href=\"https:\/\/www.ole.com.ar\/futbol-internacional\/libertadores\/medios-paulistas-corinthians-boca_0_oxdYJG7QzG.html\" target=\"_self\" rel=\"noopener noreferrer\"><br \/>\n<img class=\"img-responsive\" alt=\"Qu\u00e9 dijeron los medios de Brasil tras el empate entre Boca y Corinthians\" src=\"http:\/\/hoycordobaweb.com\/wp-content\/uploads\/2022\/06\/vitor-pereira-nunca-en-mi-vida-tuve-un-escenario-tan-dificil-6.jpg\" loading=\"lazy\"><br \/>\n<\/a>\n<\/picture>\n<\/div>\n<\/div><\/div>\n<\/div>\n<p>El caso m\u00e1s resonante fue el de Willian, el ex jugador del Chelsea, quien a los 37 minutos del segundo tiempo, tras un choque con Benedetto, s<strong>e disloc\u00f3 el hombro<\/strong>. El t\u00e9cnico quiso sacarlo pero el brasile\u00f1o pidi\u00f3 seguir en cancha: ingres\u00f3 nuevamente y al final termin\u00f3 pidiendo el cambio a los 44, despu\u00e9s de sacarse el hombro por segunda vez.<\/p>\n<p>El cuerpo m\u00e9dico del Timao actu\u00f3 r\u00e1pidamente para ponerle el hombro nuevamente en su lugar en el vestuario y <strong>los trabajos en la zona se estiraron durante la madrugada con un fisioterapeuta personal<\/strong>, seg\u00fan mostr\u00f3 la pareja de Willian en sus redes sociales.<\/p>\n<div class=\"sp__Normal\">\n<div class=\"image-embeb image-trigger\" readability=\"6\">\n<picture><source media=\"(min-width: 720px)\" srcset=\"http:\/\/hoycordobaweb.com\/wp-content\/uploads\/2022\/06\/vitor-pereira-nunca-en-mi-vida-tuve-un-escenario-tan-dificil-7.jpg\"><img itemprop=\"image\" src=\"http:\/\/hoycordobaweb.com\/wp-content\/uploads\/2022\/06\/vitor-pereira-nunca-en-mi-vida-tuve-un-escenario-tan-dificil-7.jpg\" loading=\"lazy\" alt=\"Willian ya trabaja pensando en la vuelta.\">\n<\/picture><figcaption readability=\"2\">\n<p>Willian ya trabaja pensando en la vuelta.\n<\/p>\n<\/figcaption><\/div>\n<\/div>\n<p>Adem\u00e1s de lo de Willian, Corinthians sufri\u00f3 la lesi\u00f3n de Fagner, quien <strong>dej\u00f3 la cancha en el entretiempo con dolores en el muslo<\/strong>. Horas antes del partido, Du Queiroz qued\u00f3 descartado por una contractura.<\/p>\n<div class=\"sp__SM\">\n<div class=\"content-new \">\n<span class=\"tit-mobile\">Mir\u00e1 tambi\u00e9n<\/span><\/p>\n<div class=\"mg\">\n<div class=\"wrap-figure\">\n<picture>\n<a href=\"https:\/\/www.ole.com.ar\/boca-juniors\/battaglia-corinthians-boca-copa_0_xwKROCKF32.html\" target=\"_self\" rel=\"noopener noreferrer\"><br \/>\n<img class=\"img-responsive\" alt=\"Battaglia: &quot;Se dio el partido que pens\u00e1bamos&quot;\" src=\"http:\/\/hoycordobaweb.com\/wp-content\/uploads\/2022\/06\/vitor-pereira-nunca-en-mi-vida-tuve-un-escenario-tan-dificil-8.jpg\" loading=\"lazy\"><br \/>\n<\/a>\n<\/picture>\n<\/div>\n<\/div><\/div>\n<\/div>\n<div class=\"entry-tags\">\n<h2>TEMAS QUE APARECEN EN ESTA NOTA<\/h2>\n<\/p><\/div>\n","protected":false},"excerpt":{"rendered":"<p>El 0 a 0 de Corinthians ante Boca por el partido de ida de los octavos de final de la Copa Libertadores dej\u00f3 un sabor amargo en el conjunto brasile\u00f1o. No s\u00f3lo por no haber conseguido una victoria para llegar m\u00e1s tranquilos a la Bombonera, sino tambi\u00e9n por la dificultad para armar el equipo que [&hellip;]<\/p>\n","protected":false},"author":1,"featured_media":43887,"comment_status":"open","ping_status":"closed","sticky":false,"template":"","format":"standard","meta":[],"categories":[16],"tags":[],"_links":{"self":[{"href":"http:\/\/hoycordobaweb.com\/index.php\/wp-json\/wp\/v2\/posts\/43886"}],"collection":[{"href":"http:\/\/hoycordobaweb.com\/index.php\/wp-json\/wp\/v2\/posts"}],"about":[{"href":"http:\/\/hoycordobaweb.com\/index.php\/wp-json\/wp\/v2\/types\/post"}],"author":[{"embeddable":true,"href":"http:\/\/hoycordobaweb.com\/index.php\/wp-json\/wp\/v2\/users\/1"}],"replies":[{"embeddable":true,"href":"http:\/\/hoycordobaweb.com\/index.php\/wp-json\/wp\/v2\/comments?post=43886"}],"version-history":[{"count":0,"href":"http:\/\/hoycordobaweb.com\/index.php\/wp-json\/wp\/v2\/posts\/43886\/revisions"}],"wp:featuredmedia":[{"embeddable":true,"href":"http:\/\/hoycordobaweb.com\/index.php\/wp-json\/wp\/v2\/media\/43887"}],"wp:attachment":[{"href":"http:\/\/hoycordobaweb.com\/index.php\/wp-json\/wp\/v2\/media?parent=43886"}],"wp:term":[{"taxonomy":"category","embeddable":true,"href":"http:\/\/hoycordobaweb.com\/index.php\/wp-json\/wp\/v2\/categories?post=43886"},{"taxonomy":"post_tag","embeddable":true,"href":"http:\/\/hoycordobaweb.com\/index.php\/wp-json\/wp\/v2\/tags?post=43886"}],"curies":[{"name":"wp","href":"https:\/\/api.w.org\/{rel}","templated":true}]}}