{"id":43856,"date":"2022-06-29T03:09:00","date_gmt":"2022-06-29T03:09:00","guid":{"rendered":"http:\/\/hoycordobaweb.com\/index.php\/2022\/06\/29\/boca-merecio-mas-en-brasil-ante-corinthians-pero-el-0-0-no-le-cayo-mal-de-cara-a-la-vuelta\/"},"modified":"2022-06-29T03:09:00","modified_gmt":"2022-06-29T03:09:00","slug":"boca-merecio-mas-en-brasil-ante-corinthians-pero-el-0-0-no-le-cayo-mal-de-cara-a-la-vuelta","status":"publish","type":"post","link":"http:\/\/hoycordobaweb.com\/index.php\/2022\/06\/29\/boca-merecio-mas-en-brasil-ante-corinthians-pero-el-0-0-no-le-cayo-mal-de-cara-a-la-vuelta\/","title":{"rendered":"Boca mereci\u00f3 m\u00e1s en Brasil ante Corinthians pero el 0-0 no le cay\u00f3 mal de cara a la vuelta"},"content":{"rendered":"<p><img src=\"http:\/\/hoycordobaweb.com\/wp-content\/uploads\/2022\/06\/boca-merecio-mas-en-brasil-ante-corinthians-pero-el-0-0-no-le-cayo-mal-de-cara-a-la-vuelta.jpg\"><\/p>\n<figure class=\"mb-3\"><img loading=\"lazy\" src=\"http:\/\/hoycordobaweb.com\/wp-content\/uploads\/2022\/06\/boca-merecio-mas-en-brasil-ante-corinthians-pero-el-0-0-no-le-cayo-mal-de-cara-a-la-vuelta-2.jpg\" width=\"100%\" height=\"100%\" alt=\"Foto AFP\"><figcaption> (Foto: AFP). <\/figcaption><\/figure>\n<p>Boca valid\u00f3 esta noche de martes con una igualdad sin goles en su visita a Corinthians, en San Pablo, la \u00abvieja importancia\u00bb que ten\u00edan los empates como visitante por cualquier marcador antes que apareciera la doble validez del gol de visitante, regla esta que qued\u00f3 extinguida a partir de este arranque de los octavos de final de Copa Libertadores.<\/p>\n<p>Por eso cuando la semana pr\u00f3xima los \u00abxeneizes\u00bb reciban a los paulistas en la Bombonera seguramente este empate de este martes s\u00ed <strong>pueda considerarse con el \u00abdoble valor\u00bb de haberse conseguido fuera de casa, y nada menos que en Brasi<\/strong>l.<\/p>\n<div class=\"jumbotron pt-4 mt-3\" readability=\"46\">\n<h3 class=\"module-title\">Cinco hinchas de Boca, demorados acusados de cometer actos de racismo<\/h3>\n<p>Cinco hinchas de Boca fueron demorados esta noche en las inmediaciones del estadio Neo Qu\u00edmica Arena, de Corinthians, acusados de llevar adelante actos racistas contra parciales del equipo paulista.<\/p>\n<p>Seg\u00fan le indicaron a T\u00e9lam fuentes del Juzgado Criminal en la comisar\u00eda del estadio de Corinthians, <strong>la acusaci\u00f3n al primero de los detenidos fue realizada por dos hinchas locales que filmaron al agresor, un argentino que no ten\u00eda documentos pero es residente en Brasil, ataviado con una camiseta de Boca e imitando a un simio para burlarse de ellos<\/strong>.<\/p>\n<p>Los dos denunciantes fueron Gabriel Ferreira y Guilherme Vieira. El primero de ellos le dijo a T\u00e9lam que est\u00e1n <strong>\u00abcansados de que los hinchas de Boca hagan siempre lo mismo, con estos ataques racistas\u00bb.<\/strong><\/p>\n<p>Por su parte Vieira manifest\u00f3 que a partir de estos episodios no ten\u00eda \u00abganas de hablar con la prensa argentina ni con ning\u00fan argentino\u00bb.<\/p>\n<p>Este hecho, caratulado como \u00abinjuria racial\u00bb, se produce apenas tres d\u00edas despu\u00e9s de que Boca fuera multado por Conmebol con el pago de 100.000 d\u00f3lares justamente por agravios racistas realizados por hinchas \u00abxeneizes\u00bb a parciales de Corinthians acontecidos durante el encuentro de mayo pasado en la Bombonera, en el encuentro que ambos protagonizaron por la Zona E de la fase de grupos de esta Copa Libertadores.<\/p>\n<p>Tras la aprehensi\u00f3n del hincha boquense el consulado argentino en San Pablo tom\u00f3 cartas en el asunto.<\/p>\n<p>Los hinchas argentinos, seg\u00fan le indicaron fuentes policiales a T\u00e9lam en la comisar\u00eda situada en el subsuelo del estadio Neo Qu\u00edmica Arena, podr\u00edan ser trasladados ya en la pr\u00f3xima madrugada del mi\u00e9rcoles a otro lugar de detenci\u00f3n fuera de este escenario deportivo, tal como aconteciera con un aficionado mendocino en abril pasado, cuando aqu\u00ed jugaron el partido de ida de la fase de grupos. Este pag\u00f3 una fianza y fue liberado.<\/p>\n<\/p><\/div>\n<p>La postura de Boca incidi\u00f3 para la imagen irresoluta que dej\u00f3 Corinthians especialmente en el primer tiempo, donde los dirigidos por Sebasti\u00e1n Battaglia dejaron la impresi\u00f3n de ser un equipo en permanente solidificaci\u00f3n, sin brillo pero con eficiencia.<\/p>\n<p>Boca se vio como un equipo fortificado del medio hacia atr\u00e1s como Boca, que sin embargo no declinaba sus opciones de ataque al contar con tres delanteros bien plantados como lo fueron Exequiel Zeballos y Sebasti\u00e1n Villa por los costados, como wines derecho e izquierdo a la vieja usanza futbolera, y un centrodelantero como Dar\u00edo Benedetto afincado entre ambos.<\/p>\n<p>Pero por si esto fuera poco, Boca jug\u00f3 con un \u00ab10\u00bb tambi\u00e9n de \u00abvieja data\u00bb, no un enganche t\u00edpico. Este hombre fue el paraguayo \u00d3scar Romero.<\/p>\n<p>Se podr\u00eda decir entonces que el Boca de Battaglia que supervisa desde el Cosejo de F\u00fatbol, Juan Rom\u00e1n Riquelme, es una imagen reversionada de aquel equipo multiganador de Carlos Bianchi (con las distancias del caso), que juega \u00aba la antigua\u00bb para ser efectivo en los tiempos modernos.<\/p>\n<p>Y este partido fue una prueba nada menor para este conjunto boquense, porque despu\u00e9s de transitar un tiempo bastante prolongado de dudas, hoy empez\u00f3 a verse a que juega, o pretende hacerlo, en busca de plasmar una idea y a partir de ella ir forjando su propio estilo.<\/p>\n<p>Fue clave, antes, durante y despu\u00e9s, la postura colectiva ante un compromiso de fuste frente al segundo del Brasileirao, escolta del bicampe\u00f3n de Am\u00e9rica, Palmeiras, que sin embargo dispuso de una ocasi\u00f3n inmejorable para quedarse con todo en las postrimer\u00edas del primer tiempo.<\/p>\n<p>Es que <strong>hubo una falta penal cometida por Marcos Rojo que convalid\u00f3 el VAR, que reci\u00e9n empez\u00f3 a accionar en esta instancia de la competencia, y que el \u00abespecialista\u00bb Agust\u00edn Rossi le contuvo magn\u00edficamente a R\u00f3ger Guedes lanz\u00e1ndose hacia su derecha<\/strong>.<\/p>\n<p>Esta acci\u00f3n y otra salvada justamente por el propio Rojo en el arranque del complemento fueron las dos mayores acciones de riesgo propiciadas por los brasile\u00f1os.<\/p>\n<p>Mientras que para Boca hubo un tiro libre de Romero que Cassio sac\u00f3 sobre su \u00e1ngulo superior izquierdo en el segundo tiempo que tambi\u00e9n podr\u00eda haber cambiado el destino del partido.<\/p>\n<p>Pero al final todo qued\u00f3 como al principio, y<strong> Boca, que tuvo la despedida sin ingresar de Eduardo Salvio y la publicidad de Qatar Airways de su camiseta<\/strong>, se fue del ex Arena Corinthians con un sabor m\u00e1s \u00abcuartofinalista\u00bb que cuando lleg\u00f3 a San Pablo.<\/p>\n","protected":false},"excerpt":{"rendered":"<p>(Foto: AFP). Boca valid\u00f3 esta noche de martes con una igualdad sin goles en su visita a Corinthians, en San Pablo, la \u00abvieja importancia\u00bb que ten\u00edan los empates como visitante por cualquier marcador antes que apareciera la doble validez del gol de visitante, regla esta que qued\u00f3 extinguida a partir de este arranque de los [&hellip;]<\/p>\n","protected":false},"author":1,"featured_media":43857,"comment_status":"open","ping_status":"closed","sticky":false,"template":"","format":"standard","meta":[],"categories":[16],"tags":[],"_links":{"self":[{"href":"http:\/\/hoycordobaweb.com\/index.php\/wp-json\/wp\/v2\/posts\/43856"}],"collection":[{"href":"http:\/\/hoycordobaweb.com\/index.php\/wp-json\/wp\/v2\/posts"}],"about":[{"href":"http:\/\/hoycordobaweb.com\/index.php\/wp-json\/wp\/v2\/types\/post"}],"author":[{"embeddable":true,"href":"http:\/\/hoycordobaweb.com\/index.php\/wp-json\/wp\/v2\/users\/1"}],"replies":[{"embeddable":true,"href":"http:\/\/hoycordobaweb.com\/index.php\/wp-json\/wp\/v2\/comments?post=43856"}],"version-history":[{"count":0,"href":"http:\/\/hoycordobaweb.com\/index.php\/wp-json\/wp\/v2\/posts\/43856\/revisions"}],"wp:featuredmedia":[{"embeddable":true,"href":"http:\/\/hoycordobaweb.com\/index.php\/wp-json\/wp\/v2\/media\/43857"}],"wp:attachment":[{"href":"http:\/\/hoycordobaweb.com\/index.php\/wp-json\/wp\/v2\/media?parent=43856"}],"wp:term":[{"taxonomy":"category","embeddable":true,"href":"http:\/\/hoycordobaweb.com\/index.php\/wp-json\/wp\/v2\/categories?post=43856"},{"taxonomy":"post_tag","embeddable":true,"href":"http:\/\/hoycordobaweb.com\/index.php\/wp-json\/wp\/v2\/tags?post=43856"}],"curies":[{"name":"wp","href":"https:\/\/api.w.org\/{rel}","templated":true}]}}