{"id":43840,"date":"2022-06-27T19:47:33","date_gmt":"2022-06-27T19:47:33","guid":{"rendered":"https:\/\/www.ole.com.ar\/futbol-internacional\/lautaro-martinez-atletico-madrid_0_qZE81SJK3h.html"},"modified":"2022-06-27T19:47:33","modified_gmt":"2022-06-27T19:47:33","slug":"el-dia-que-lautaro-firmo-con-el-atletico-de-madrid","status":"publish","type":"post","link":"http:\/\/hoycordobaweb.com\/index.php\/2022\/06\/27\/el-dia-que-lautaro-firmo-con-el-atletico-de-madrid\/","title":{"rendered":"El d\u00eda que Lautaro firm\u00f3 con el Atl\u00e9tico de Madrid"},"content":{"rendered":"<p><img src=\"http:\/\/hoycordobaweb.com\/wp-content\/uploads\/2022\/06\/el-dia-que-lautaro-firmo-con-el-atletico-de-madrid.jpg\"><\/p>\n<p><a alt=\"lautaro-martinez\" class=\"slug\" href=\"https:\/\/www.ole.com.ar\/tema\/lautaro-martinez.html\" target=\"_blank\" title=\"lautaro-martinez\" rel=\"noopener noreferrer\">Lautaro Mart\u00ednez <\/a>ya estaba instalado en 2017 como uno de los mejores delanteros del f\u00fatbol argentino. Formaba parte de las convocatorias del t\u00e9cnico de la <a alt=\"seleccion-argentina\" class=\"slug\" href=\"https:\/\/www.ole.com.ar\/tema\/seleccion-argentina.html\" target=\"_blank\" title=\"seleccion-argentina\" rel=\"noopener noreferrer\">Selecci\u00f3n<\/a>, Jorge Sampaoli, quien finalmente no lo incluy\u00f3 en la lista para el Mundial de Rusia 2018.<\/p>\n<p>Lo quer\u00edan varios clubes: el Barcelona, el Real Madrid, el Borussia Dortmund, el Inter de Mil\u00e1n, quien finalmente se lo llev\u00f3, y tambi\u00e9n el Atl\u00e9tico de Madrid. Sobre el inter\u00e9s del Colchonero, el diario Mundo Deportivo de Espa\u00f1a public\u00f3 un documento: el atacante firm\u00f3 contrato con el equipo de <a alt=\"diego-simeone\" class=\"slug\" href=\"https:\/\/www.ole.com.ar\/tema\/diego-simeone.html\" target=\"_blank\" title=\"diego-simeone\" rel=\"noopener noreferrer\">Diego Simeone<\/a>. <strong>Mostr\u00f3 dos fotograf\u00edas, una del futbolista con una birome en la mano y otra con la carpeta con el escudo del club.<\/strong><\/p>\n<h2><strong>Las im\u00e1genes\u200b<\/strong><br \/><\/h2>\n<div class=\"sp__Normal\">\n<div class=\"image-embeb image-trigger\" readability=\"6\">\n<picture><source media=\"(min-width: 720px)\" srcset=\"http:\/\/hoycordobaweb.com\/wp-content\/uploads\/2022\/06\/el-dia-que-lautaro-firmo-con-el-atletico-de-madrid-2.jpg\"><img itemprop=\"image\" src=\"http:\/\/hoycordobaweb.com\/wp-content\/uploads\/2022\/06\/el-dia-que-lautaro-firmo-con-el-atletico-de-madrid-2.jpg\" loading=\"lazy\" alt=\"Lautaro Mart\u00ednez cuando firm\u00f3 con el Atl\u00e9tico de Madrid (Mundo Deportivo).\">\n<\/picture><figcaption readability=\"2\">\n<p>Lautaro Mart\u00ednez cuando firm\u00f3 con el Atl\u00e9tico de Madrid (Mundo Deportivo).\n<\/p>\n<\/figcaption><\/div>\n<\/div>\n<div class=\"sp__Normal\">\n<div class=\"image-embeb image-trigger\" readability=\"6\">\n<picture><source media=\"(min-width: 720px)\" srcset=\"http:\/\/hoycordobaweb.com\/wp-content\/uploads\/2022\/06\/el-dia-que-lautaro-firmo-con-el-atletico-de-madrid-3.jpg\"><img itemprop=\"image\" src=\"http:\/\/hoycordobaweb.com\/wp-content\/uploads\/2022\/06\/el-dia-que-lautaro-firmo-con-el-atletico-de-madrid-3.jpg\" loading=\"lazy\" alt=\"Lautaro Mart\u00ednez cuando firm\u00f3 con el Atl\u00e9tico de Madrid (Mundo Deportivo).\">\n<\/picture><figcaption readability=\"2\">\n<p>Lautaro Mart\u00ednez cuando firm\u00f3 con el Atl\u00e9tico de Madrid (Mundo Deportivo).\n<\/p>\n<\/figcaption><\/div>\n<\/div>\n<p>\u00bfPor qu\u00e9 finalmente se fue al Nerazzurro? El equipo que ya contaba con Javier Zanetti, amigo de Diego Milito (entonces manager de la Academia) hizo una oferta superadora a la del club espa\u00f1ol, que era de 12 millones de euros.&nbsp;<\/p>\n<p>En aquella \u00e9poca, varias cr\u00f3nicas de medios espa\u00f1oles hab\u00edan dado por cerrado el acuerdo con el Atl\u00e9tico de Madrid. Incluso Roly Z\u00e1rate, que era uno de los representantes del futbolista, hab\u00eda declarado que el pase estaba hecho en \u00abun 99%\u00bb. Pero el Inter puso 25 millones de euros y el acuerdo con el Aleti qued\u00f3 nulo.<\/p>\n<div class=\"sp__SM\">\n<div class=\"content-new \">\n<span class=\"tit-mobile\">Mir\u00e1 tambi\u00e9n<\/span><\/p>\n<div class=\"mg\">\n<div class=\"wrap-figure\">\n<picture>\n<a href=\"https:\/\/www.ole.com.ar\/futbol-internacional\/museo-legends-madrid_0_DiYmbY96hy.html\" target=\"_self\" rel=\"noopener noreferrer\"><br \/>\n<img class=\"img-responsive\" alt=\"Qu\u00e9 es el nuevo museo del f\u00fatbol de Legends en Madrid\" src=\"http:\/\/hoycordobaweb.com\/wp-content\/uploads\/2022\/06\/el-dia-que-lautaro-firmo-con-el-atletico-de-madrid-4.jpg\" loading=\"lazy\"><br \/>\n<\/a>\n<\/picture>\n<\/div>\n<\/div><\/div>\n<\/div>\n<p><strong>Ol\u00e9 <\/strong>consult\u00f3 con el Beto Yaqu\u00e9, representante de Mart\u00ednez en aquella \u00e9poca, quien explic\u00f3 que por estar en un pleito legal con el futbolista no puede hacer declaraciones.<\/p>\n<p>\u00bfQu\u00e9 se puede interpretar? \u00bfQue Lautaro firm\u00f3 un precontrato que no le otorgaba al Atl\u00e9tico de Madrid una seguridad de contar con el?<\/p>\n<p>M\u00e1s de una vez se dijo que el Cholo quer\u00eda a Lautaro. \u00bfCoincidir\u00e1n alguna vez?<\/p>\n<div class=\"sp__SM\">\n<div class=\"content-new \">\n<span class=\"tit-mobile\">Mir\u00e1 tambi\u00e9n<\/span><\/p>\n<div class=\"mg\">\n<div class=\"wrap-figure\">\n<picture>\n<a href=\"https:\/\/www.ole.com.ar\/river-plate\/luis-suarez-debut-libertadores-nacional_0_XBMwKqihUd.html\" target=\"_self\" rel=\"noopener noreferrer\"><br \/>\n<img class=\"img-responsive\" alt=\"El d\u00eda que Luis Su\u00e1rez debut\u00f3 por Libertadores y casi enfrenta a River\" src=\"http:\/\/hoycordobaweb.com\/wp-content\/uploads\/2022\/06\/el-dia-que-lautaro-firmo-con-el-atletico-de-madrid-5.jpg\" loading=\"lazy\"><br \/>\n<\/a>\n<\/picture>\n<\/div>\n<\/div><\/div>\n<\/div>\n<div class=\"entry-tags\">\n<h2>TEMAS QUE APARECEN EN ESTA NOTA<\/h2>\n<\/p><\/div>\n","protected":false},"excerpt":{"rendered":"<p>Lautaro Mart\u00ednez ya estaba instalado en 2017 como uno de los mejores delanteros del f\u00fatbol argentino. Formaba parte de las convocatorias del t\u00e9cnico de la Selecci\u00f3n, Jorge Sampaoli, quien finalmente no lo incluy\u00f3 en la lista para el Mundial de Rusia 2018. Lo quer\u00edan varios clubes: el Barcelona, el Real Madrid, el Borussia Dortmund, el [&hellip;]<\/p>\n","protected":false},"author":1,"featured_media":43841,"comment_status":"open","ping_status":"closed","sticky":false,"template":"","format":"standard","meta":[],"categories":[16],"tags":[],"_links":{"self":[{"href":"http:\/\/hoycordobaweb.com\/index.php\/wp-json\/wp\/v2\/posts\/43840"}],"collection":[{"href":"http:\/\/hoycordobaweb.com\/index.php\/wp-json\/wp\/v2\/posts"}],"about":[{"href":"http:\/\/hoycordobaweb.com\/index.php\/wp-json\/wp\/v2\/types\/post"}],"author":[{"embeddable":true,"href":"http:\/\/hoycordobaweb.com\/index.php\/wp-json\/wp\/v2\/users\/1"}],"replies":[{"embeddable":true,"href":"http:\/\/hoycordobaweb.com\/index.php\/wp-json\/wp\/v2\/comments?post=43840"}],"version-history":[{"count":0,"href":"http:\/\/hoycordobaweb.com\/index.php\/wp-json\/wp\/v2\/posts\/43840\/revisions"}],"wp:featuredmedia":[{"embeddable":true,"href":"http:\/\/hoycordobaweb.com\/index.php\/wp-json\/wp\/v2\/media\/43841"}],"wp:attachment":[{"href":"http:\/\/hoycordobaweb.com\/index.php\/wp-json\/wp\/v2\/media?parent=43840"}],"wp:term":[{"taxonomy":"category","embeddable":true,"href":"http:\/\/hoycordobaweb.com\/index.php\/wp-json\/wp\/v2\/categories?post=43840"},{"taxonomy":"post_tag","embeddable":true,"href":"http:\/\/hoycordobaweb.com\/index.php\/wp-json\/wp\/v2\/tags?post=43840"}],"curies":[{"name":"wp","href":"https:\/\/api.w.org\/{rel}","templated":true}]}}