{"id":43828,"date":"2022-06-28T12:26:33","date_gmt":"2022-06-28T12:26:33","guid":{"rendered":"https:\/\/www.ole.com.ar\/spotify\/ole-podcast-spotify-boca-libertadores_0_iRTMk0nEOK.html"},"modified":"2022-06-28T12:26:33","modified_gmt":"2022-06-28T12:26:33","slug":"el-podcast-de-ole-en-spotify-boca-y-la-copa-entre-el-objetivo-y-la-obsesion","status":"publish","type":"post","link":"http:\/\/hoycordobaweb.com\/index.php\/2022\/06\/28\/el-podcast-de-ole-en-spotify-boca-y-la-copa-entre-el-objetivo-y-la-obsesion\/","title":{"rendered":"El podcast de Ol\u00e9 en Spotify: Boca y la Copa, entre el objetivo y la obsesi\u00f3n"},"content":{"rendered":"<p><img src=\"http:\/\/hoycordobaweb.com\/wp-content\/uploads\/2022\/06\/el-podcast-de-ole-en-spotify-boca-y-la-copa-entre-el-objetivo-y-la-obsesion.jpg\"><\/p>\n<p>Este martes 28 de junio sali\u00f3 al aire el episodio N\u00b082 <strong>del podcast de Ol\u00e9 en Spotify.<\/strong> En esta oportunidad, en <strong>La Primera Jugada <\/strong>aprovechamos la previa del partido entre Corinthians-Boca por la ida de los octavos de final de la Libertadores para hablar sobre la obsesi\u00f3n del Xeneize por la Copa. Si ese deseo tras 15 a\u00f1os de sequ\u00eda no se convierte en presi\u00f3n.<\/p>\n<div class=\"sp__SM\">\n<div class=\"content-new \">\n<span class=\"tit-mobile\">Mir\u00e1 tambi\u00e9n<\/span><\/p>\n<div class=\"mg\">\n<div class=\"wrap-figure\">\n<picture>\n<a href=\"https:\/\/www.ole.com.ar\/boca-juniors\/corinthians-boca-octavos-libertadores_0_0GtXlcbUgM.html\" target=\"_self\" rel=\"noopener noreferrer\"><br \/>\n<img class=\"img-responsive\" alt=\"Boca ante Corinthians: la batalla de VARsil\" src=\"http:\/\/hoycordobaweb.com\/wp-content\/uploads\/2022\/06\/el-podcast-de-ole-en-spotify-boca-y-la-copa-entre-el-objetivo-y-la-obsesion-2.jpg\" loading=\"lazy\"><br \/>\n<\/a>\n<\/picture>\n<\/div>\n<\/div><\/div>\n<\/div>\n<p><strong>\u200b<\/strong>En este podcast, los conductores <strong>Emi Pins\u00f3n<\/strong> y <strong>Vero Brunati <\/strong>argumentan sobre la mejora futbol\u00edstica de Boca tras obtener la Copa de la Liga y establecen dos comparaciones: con el PSG por esa obsesi\u00f3n por la copa m\u00e1s preciada a nivel continental y Battaglia-Scaloni, ambos entrenadores con poca experiencia que debieron agarrar un fierro caliente y esquivan las balas.<\/p>\n<h2> <\/h2>\n<h2><strong>ESCUCH\u00c1 EL PODCAST GRATIS AC\u00c1:<\/strong><\/h2>\n<p><a href=\"https:\/\/www.ole.com.ar\/futbol-primera\/capitulo-goleada-ricardo-alvarez_0_8I1OvErkNR.html\" target=\"_blank\" rel=\"noopener noreferrer\"><strong>Despu\u00e9s del desembarco en Twitch<\/strong><\/a>, la familia <strong>Ol\u00e9<\/strong> se sigue agrandando en este 2022 y sumando nuevos formatos para llegar a m\u00e1s audiencia. El lanzamiento en marzo de este podcast diario de noticias deportivas, conducido por<strong> Emi Pins\u00f3n y Vero Brunati,<\/strong> se da en el marco de un trabajo en conjunto con Spotify, la plataforma l\u00edder de audio a nivel mundial, <strong>y la producci\u00f3n de Torneos.<\/strong><\/p>\n<h2><strong>Escuch\u00e1 el trailer de La Primera Jugada:<\/strong><\/h2>\n<div class=\"entry-tags\">\n<h2>TEMAS QUE APARECEN EN ESTA NOTA<\/h2>\n<\/p><\/div>\n","protected":false},"excerpt":{"rendered":"<p>Este martes 28 de junio sali\u00f3 al aire el episodio N\u00b082 del podcast de Ol\u00e9 en Spotify. En esta oportunidad, en La Primera Jugada aprovechamos la previa del partido entre Corinthians-Boca por la ida de los octavos de final de la Libertadores para hablar sobre la obsesi\u00f3n del Xeneize por la Copa. Si ese deseo [&hellip;]<\/p>\n","protected":false},"author":1,"featured_media":43829,"comment_status":"open","ping_status":"closed","sticky":false,"template":"","format":"standard","meta":[],"categories":[16],"tags":[],"_links":{"self":[{"href":"http:\/\/hoycordobaweb.com\/index.php\/wp-json\/wp\/v2\/posts\/43828"}],"collection":[{"href":"http:\/\/hoycordobaweb.com\/index.php\/wp-json\/wp\/v2\/posts"}],"about":[{"href":"http:\/\/hoycordobaweb.com\/index.php\/wp-json\/wp\/v2\/types\/post"}],"author":[{"embeddable":true,"href":"http:\/\/hoycordobaweb.com\/index.php\/wp-json\/wp\/v2\/users\/1"}],"replies":[{"embeddable":true,"href":"http:\/\/hoycordobaweb.com\/index.php\/wp-json\/wp\/v2\/comments?post=43828"}],"version-history":[{"count":0,"href":"http:\/\/hoycordobaweb.com\/index.php\/wp-json\/wp\/v2\/posts\/43828\/revisions"}],"wp:featuredmedia":[{"embeddable":true,"href":"http:\/\/hoycordobaweb.com\/index.php\/wp-json\/wp\/v2\/media\/43829"}],"wp:attachment":[{"href":"http:\/\/hoycordobaweb.com\/index.php\/wp-json\/wp\/v2\/media?parent=43828"}],"wp:term":[{"taxonomy":"category","embeddable":true,"href":"http:\/\/hoycordobaweb.com\/index.php\/wp-json\/wp\/v2\/categories?post=43828"},{"taxonomy":"post_tag","embeddable":true,"href":"http:\/\/hoycordobaweb.com\/index.php\/wp-json\/wp\/v2\/tags?post=43828"}],"curies":[{"name":"wp","href":"https:\/\/api.w.org\/{rel}","templated":true}]}}