{"id":43770,"date":"2022-06-26T22:37:13","date_gmt":"2022-06-26T22:37:13","guid":{"rendered":"https:\/\/ladecimaweb.com\/?p=13823"},"modified":"2022-06-26T22:37:13","modified_gmt":"2022-06-26T22:37:13","slug":"bajaron-los-casos-de-coronavirus-pero-subieron-las-muertes-en-el-pais","status":"publish","type":"post","link":"http:\/\/hoycordobaweb.com\/index.php\/2022\/06\/26\/bajaron-los-casos-de-coronavirus-pero-subieron-las-muertes-en-el-pais\/","title":{"rendered":"Bajaron los casos de coronavirus, pero subieron las muertes en el pa\u00eds"},"content":{"rendered":"<div class=\"boldgrid-section\">\n<div class=\"container\">\n<div class=\"row\">\n<div class=\"col-md-12 col-xs-12 col-sm-12\">\n<p>El Ministerio de Salud confirm\u00f3 la detecci\u00f3n de<span>&nbsp;<\/span><strong>25.680 nuevos casos<\/strong><span>&nbsp;<\/span>de<span>&nbsp;<\/span><a class=\"slug\" title=\"coronavirus-en-argentina\" href=\"https:\/\/www.clarin.com\/tema\/coronavirus-en-argentina.html\" target=\"_blank\" rel=\"noopener noreferrer\">coronavirus<\/a><span>&nbsp;<\/span>durante los \u00faltimos 7 d\u00edas, mientras que en el mismo plazo se reportaron otras<span>&nbsp;<\/span><strong>54 muertes<\/strong><span>&nbsp;<\/span>por la enfermedad pand\u00e9mica. Los datos fueron publicados en el parte sanitario semanal que se difundi\u00f3 esta tarde.<\/p>\n<div id=\"div-gpt-ad-inread\" class=\"ad-slot \" data-adtype=\"inread\" data-google-query-id=\"CPaxr_WVzPgCFSk4uQYd7LcNnQ\">\n<div id=\"google_ads_iframe_\/242767168\/clarin\/sociedad\/nota\/inread_0__container__\">Con estos n\u00fameros, siguen bajando los contagios de Covid, que <strong>descendieron 8,5%<\/strong>&nbsp;respecto del domingo pasado. Pero el dato negativo es que volvieron a subir los fallecidos: fueron&nbsp;<strong>un 145% m\u00e1s<\/strong>&nbsp;que los 22 reportados hace una semana.&nbsp;<\/div>\n<\/div>\n<p>Las estad\u00edsticas oficiales fueron actualizadas con la informaci\u00f3n que aportaron las provincias entre las 0 del domingo pasado y la misma hora de hoy.<\/p>\n<p class=\"\">Las nuevas infecciones de Covid<span>&nbsp;<\/span><strong>mantienen una baja sostenida&nbsp;en las \u00faltimas semanas<\/strong>, tras el repunte provocado por lo que los expertos definieron como la cuarta ola de la<span>&nbsp;<\/span><a class=\"slug\" title=\"pandemia\" href=\"https:\/\/www.clarin.com\/tema\/pandemia.html\" target=\"_blank\" rel=\"noopener noreferrer\">pandemia<\/a>. El domingo pasado se hab\u00edan informado 28.039 nuevos positivos, lo que represent\u00f3 una ca\u00edda semanal del<strong><span>&nbsp;<\/span>23%<\/strong>.<\/p>\n<p>Los 36.835 informados aquel domingo 12 mostraban un descenso del<strong><span>&nbsp;<\/span>20%<\/strong><span>&nbsp;<\/span>en comparaci\u00f3n con los 46.045 del 5 de junio. Y esta cifra era a su vez<span>&nbsp;<\/span><strong>un 11% menor<\/strong><span>&nbsp;<\/span>que los 51.778 informados el 29 de mayo. Este es, hasta hoy, el n\u00famero m\u00e1s alto desde que se informan semanalmente los casos.<\/p>\n<p>Desde el inicio de la crisis sanitaria, en marzo de 2020, se confirmaron<span>&nbsp;<\/span><strong>9.367.172 infecciones<\/strong><span>&nbsp;<\/span>de Covid, la 13\u00b0 cifra m\u00e1s alta a nivel global. La enfermedad provoc\u00f3<span>&nbsp;<\/span><strong>129.070 muertes<\/strong>, por lo que Argentina es el 14\u00b0 pa\u00eds con mayor cantidad de fallecidos a nivel global, seg\u00fan datos del sitio Worldometers.<\/p>\n<h2 class=\"\">Las muertes por Covid de la \u00faltima semana<\/h2>\n<p class=\"\">Las 54 muertes informadas este domingo representan un fuerte salto respecto de la semana pasada, aunque estad\u00edsticamente sigue siendo una cifra relativamente baja en el contexto de la pandemia. De hecho, de los 12 reportes que se emitieron en forma semanal, es la 8\u00b0 cifra m\u00e1s alta.<\/p>\n<p>Como es habitual, la Provincia de Buenos Aires volvi\u00f3 a tener la cifra m\u00e1s alta de muertes (23), esta vez seguida por C\u00f3rdoba y Mendoza (5 cada una). El detalle nacional es el siguiente:<\/p>\n<ul>\n<li>Buenos Aires 23<\/li>\n<li>CABA 1<\/li>\n<li>Catamarca 2<\/li>\n<li>Chubut 1<\/li>\n<li>C\u00f3rdoba 5<\/li>\n<li>Entre R\u00edos 4<\/li>\n<li>Jujuy 1<\/li>\n<li>La Pampa 4<\/li>\n<li>La Rioja 1<\/li>\n<li>Mendoza 5<\/li>\n<li>Neuqu\u00e9n 1<\/li>\n<li>R\u00edo Negro 2<\/li>\n<li>San Juan 4<\/li>\n<\/ul>\n<p>Actualmente hay<strong><span>&nbsp;<\/span>386 pacientes Covid internados en terapia intensiva<\/strong><span>&nbsp;<\/span>en la Argentina, mientras que la ocupaci\u00f3n de camas cr\u00edticas -por todas las patolog\u00edas- es del<strong><span>&nbsp;<\/span>43,2%<\/strong>, un nivel que se mantiene estaba desde fines de abril.&nbsp;<\/p>\n<h2>Las vacunas contra el Covid<\/h2>\n<p class=\"\">El Ministerio de Salud anunci\u00f3 en las \u00faltimas la entrega de un lote de 1 mill\u00f3n de dosis y anticip\u00f3 que<span>&nbsp;<\/span><strong>se usar\u00e1n como refuerzo en esquemas heter\u00f3logos<\/strong>.<\/p>\n<p>Las dosis que se entregaron ahora son las que envasaron en el laboratorio Richmond. Del total de 1.426.000, 1.044.250 ya salieron de la planta de Pilar. As\u00ed, todav\u00eda quedan pendientes de entrega 7.593.990 dosis.<\/p>\n<p>Seg\u00fan inform\u00f3 Naci\u00f3n, se van a distribuir \u201ca requerimiento de las jurisdicciones\u201d desde esta semana. La mayor parte, como siempre en el reparto de vacunas, ser\u00e1 para la provincia de Buenos Aires, con 403.875 dosis. A la Capital Federal ir\u00e1n 70.000 y entre las otras jurisdicciones que recibir\u00e1n m\u00e1s dosis se cuentan C\u00f3rdoba (86.625), Santa Fe (81.000), Mendoza (46.125) y Tucum\u00e1n (39.375).<\/p>\n<p>Seg\u00fan los datos publicados por el Monitor P\u00fablico de Vacunaci\u00f3n, desde el inicio de la campa\u00f1a nacional a fines de 2020, se aplicaron 105.481.211 dosis. Se distribuyen de la siguiente manera:<\/p>\n<ul class=\"\">\n<li>Vacunados con esquema iniciado: 40.835.277 personas<\/li>\n<li>Vacunados con esquema completo: 37.584.941 personas<\/li>\n<li>Vacunados con dosis adicional: 3.092.780 personas<\/li>\n<li>Vacunados con dosis de refuerzo: 23.968.213 persona<\/li>\n<\/ul>\n<div class=\"ubm_banner\"><a href=\"https:\/\/www.cba.gov.ar\/10-https:\/\/www.cba.gov.ar\/10-mil-viviendas\/?csrt=8333084810548506306\" target=\"_blank\" rel=\"dofollow noopener noreferrer\"><img src=\"http:\/\/hoycordobaweb.com\/wp-content\/uploads\/2022\/06\/bajaron-los-casos-de-coronavirus-pero-subieron-las-muertes-en-el-pais.gif\" alt=\"\"><\/a><\/div>\n<\/div>\n<\/div>\n<\/div>\n<\/div>\n<p>La entrada <a rel=\"nofollow\" href=\"https:\/\/ladecimaweb.com\/13823-2\/\">Bajaron los casos de coronavirus, pero subieron las muertes en el pa\u00eds<\/a> se public\u00f3 primero en <a rel=\"nofollow\" href=\"https:\/\/ladecimaweb.com\">LaDecima<\/a>.<\/p>\n","protected":false},"excerpt":{"rendered":"<p>El Ministerio de Salud confirm\u00f3 la detecci\u00f3n de&nbsp;25.680 nuevos casos&nbsp;de&nbsp;coronavirus&nbsp;durante los \u00faltimos 7 d\u00edas, mientras que en el mismo plazo se reportaron otras&nbsp;54 muertes&nbsp;por la enfermedad pand\u00e9mica. Los datos fueron publicados en el parte sanitario semanal que se difundi\u00f3 esta tarde. Con estos n\u00fameros, siguen bajando los contagios de Covid, que descendieron 8,5%&nbsp;respecto del domingo [&hellip;]<\/p>\n","protected":false},"author":1,"featured_media":43771,"comment_status":"closed","ping_status":"closed","sticky":false,"template":"","format":"standard","meta":[],"categories":[19],"tags":[],"_links":{"self":[{"href":"http:\/\/hoycordobaweb.com\/index.php\/wp-json\/wp\/v2\/posts\/43770"}],"collection":[{"href":"http:\/\/hoycordobaweb.com\/index.php\/wp-json\/wp\/v2\/posts"}],"about":[{"href":"http:\/\/hoycordobaweb.com\/index.php\/wp-json\/wp\/v2\/types\/post"}],"author":[{"embeddable":true,"href":"http:\/\/hoycordobaweb.com\/index.php\/wp-json\/wp\/v2\/users\/1"}],"replies":[{"embeddable":true,"href":"http:\/\/hoycordobaweb.com\/index.php\/wp-json\/wp\/v2\/comments?post=43770"}],"version-history":[{"count":0,"href":"http:\/\/hoycordobaweb.com\/index.php\/wp-json\/wp\/v2\/posts\/43770\/revisions"}],"wp:featuredmedia":[{"embeddable":true,"href":"http:\/\/hoycordobaweb.com\/index.php\/wp-json\/wp\/v2\/media\/43771"}],"wp:attachment":[{"href":"http:\/\/hoycordobaweb.com\/index.php\/wp-json\/wp\/v2\/media?parent=43770"}],"wp:term":[{"taxonomy":"category","embeddable":true,"href":"http:\/\/hoycordobaweb.com\/index.php\/wp-json\/wp\/v2\/categories?post=43770"},{"taxonomy":"post_tag","embeddable":true,"href":"http:\/\/hoycordobaweb.com\/index.php\/wp-json\/wp\/v2\/tags?post=43770"}],"curies":[{"name":"wp","href":"https:\/\/api.w.org\/{rel}","templated":true}]}}