{"id":43753,"date":"2022-06-26T16:20:00","date_gmt":"2022-06-26T16:20:00","guid":{"rendered":"http:\/\/hoycordobaweb.com\/index.php\/2022\/06\/26\/a-20-anos-de-los-asesinatos-de-kosteki-y-santillan-se-mantienen-las-demandas-sociales\/"},"modified":"2022-06-26T16:20:00","modified_gmt":"2022-06-26T16:20:00","slug":"a-20-anos-de-los-asesinatos-de-kosteki-y-santillan-se-mantienen-las-demandas-sociales","status":"publish","type":"post","link":"http:\/\/hoycordobaweb.com\/index.php\/2022\/06\/26\/a-20-anos-de-los-asesinatos-de-kosteki-y-santillan-se-mantienen-las-demandas-sociales\/","title":{"rendered":"A 20 a\u00f1os de los asesinatos de Kosteki y Santill\u00e1n, se mantienen las demandas sociales"},"content":{"rendered":"<p><img src=\"http:\/\/hoycordobaweb.com\/wp-content\/uploads\/2022\/06\/a-20-anos-de-los-asesinatos-de-kosteki-y-santillan-se-mantienen-las-demandas-sociales.jpg\"><\/p>\n<div class=\"video_repositive\"> <a class=\"video_sticky\" href=\"javascript:void();\" onclick=\"removeStuckVideo(true);\"><i class=\"far fa-window-close\"><\/i><\/a> <\/p>\n<div id=\"OUVimZybkWs\" class=\"video_telam\" readability=\"6\">\n<div class=\"feature_article_inner\" readability=\"32\">\n<p><h2 class=\"text-center\">A 20 a\u00f1os de los asesinatos de Kosteki y Santill\u00e1n (Informe completo)<\/h2>\n<\/p><\/div>\n<p>VER VIDEO <i class=\"fas fa-play\"><\/i><\/p>\n<\/p><\/div><\/div>\n<p>Este domingo se cumplir\u00e1n 20 a\u00f1os de los asesinatos de los militantes del MTD An\u00edbal Ver\u00f3n Maximiliano Kosteki y Dar\u00edo Santill\u00e1n durante la represi\u00f3n a la jornada de protesta que tuvo lugar el 26 de junio de 2002 en los alrededores del Puente Pueyrred\u00f3n, ejecutada durante la gesti\u00f3n del presidente Eduardo Duhalde y que deriv\u00f3 en un adelantamiento de las elecciones.<\/p>\n<p>Aquella protesta comenz\u00f3 con una concentraci\u00f3n temprana en las inmediaciones del Puente Pueyrred\u00f3n que delimita con las avenidas Mitre y a Hip\u00f3lito Yrigoyen, a pocas cuadras de la estaci\u00f3n ferroviaria de la localidad bonaerense de Avellaneda, rebautizada por ley a partir de 2013 como <strong>\u00abEstaci\u00f3n Dar\u00edo Santill\u00e1n y Maximiliano Kosteki\u00bb<\/strong>.<\/p>\n<figure class=\"mb-3\"><img loading=\"lazy\" src=\"http:\/\/hoycordobaweb.com\/wp-content\/uploads\/2022\/06\/a-20-anos-de-los-asesinatos-de-kosteki-y-santillan-se-mantienen-las-demandas-sociales-2.jpg\" width=\"100%\" height=\"100%\" alt=\"Daro Santilln fue asesinado en el interior del hall ferroviario a manos de los expolicas Alfredo Fanchiotti y Alejandro Acosta Foto Pepe Mateos para Clarn\"><figcaption> Dar\u00edo Santill\u00e1n fue asesinado en el interior del hall ferroviario a manos de los expolic\u00edas Alfredo Fanchiotti y Alejandro Acosta \/ Foto: Pepe Mateos para Clar\u00edn. <\/figcaption><\/figure>\n<p>Hasta all\u00ed hab\u00edan llegado militantes y dirigentes del MTD (Movimiento de Trabajadores Desocupados) An\u00edbal Ver\u00f3n de distintos distritos de la provincia, integrantes de la Coordinadora del mismo nombre, como tambi\u00e9n de otras organizaciones, como el Movimiento Teresa Rodr\u00edguez (MTR) y el Polo Obrero.<\/p>\n<p>En un clima de fuerte tensi\u00f3n, dado que los convocantes se propon\u00edan bloquear los accesos a la Capital Federal mientras que el Gobierno de entonces busc\u00f3 impedirlo a cualquier precio y al mismo tiempo alent\u00f3 una campa\u00f1a en los medios contra las organizaciones piqueteras, la concentraci\u00f3n lleg\u00f3 hasta el l\u00edmite entre CABA y Avellaneda en reclamo de la generaci\u00f3n de <strong>\u00abtrabajo digno, aumento de salarios, planes sociales y bolsones de alimentos\u00bb<\/strong>.<\/p>\n<p>En las primeras filas de las columnas que llegaron por la avenida Mitre se ve\u00edan banderas del MTD An\u00edbal Ver\u00f3n con las consignas de <strong>\u00abtrabajo, dignidad y cambio social\u00bb<\/strong>; la movilizaci\u00f3n se produc\u00eda a seis meses del estallido social que hab\u00eda derrocado al gobierno de Fernando De la R\u00faa en diciembre de 2001 con casi 40 personas muertas alrededor del pa\u00eds y m\u00e1s de 100 heridos graves.<\/p>\n<figure class=\"mb-3\"><img loading=\"lazy\" src=\"http:\/\/hoycordobaweb.com\/wp-content\/uploads\/2022\/06\/a-20-anos-de-los-asesinatos-de-kosteki-y-santillan-se-mantienen-las-demandas-sociales-3.jpg\" width=\"100%\" height=\"100%\" alt=\"Expolica Alfredo Fanchiotti Foto Amarelle Gustavo\"><figcaption> Expolic\u00eda Alfredo Fanchiotti \/ Foto: Amarelle Gustavo. <\/figcaption><\/figure>\n<p>Minutos despu\u00e9s del mediod\u00eda de aquel 26 de junio de 2002, tras empujones entre manifestantes y los efectivos de la Polic\u00eda Bonaerense, gases lacrim\u00f3genos y la respuesta de las pedradas, se desat\u00f3 en el lugar una fuerte represi\u00f3n que liber\u00f3 los accesos del Puente Pueyrred\u00f3n y traslad\u00f3 los enfrentamientos hacia la avenida Hip\u00f3lito Yrigoyen -ex Pav\u00f3n- hacia el sur en direcci\u00f3n a la exestaci\u00f3n Avellaneda.<\/p>\n<p>Los grupos de las fuerzas represivas de la Polic\u00eda Bonaerense continuaron con su acci\u00f3n por la avenida Mitre en direcci\u00f3n al centro de Avellaneda con una gran cantidad de heridos de balas de plomo disparadas por Itakas, aunque tambi\u00e9n se tiraron postas de goma.<\/p>\n<figure class=\"mb-3\"><img loading=\"lazy\" src=\"http:\/\/hoycordobaweb.com\/wp-content\/uploads\/2022\/06\/a-20-anos-de-los-asesinatos-de-kosteki-y-santillan-se-mantienen-las-demandas-sociales-4.jpg\" width=\"100%\" height=\"100%\" alt=\"Ex cabo policial Alejandro Acosta\"><figcaption> Ex cabo policial Alejandro Acosta. <\/figcaption><\/figure>\n<p>Tras el feroz <strong>operativo represivo montado por las fuerzas policiales<\/strong> -con carros de asalto, camiones hidrantes y motos-, Maximiliano Kosteki fue asesinado de un balazo en las puertas del supermercado Carrefour, sobre la avenida Yrigoyen de Avellaneda, en tanto que Dar\u00edo Santill\u00e1n fue matado en el interior del hall ferroviario a manos de los expolic\u00edas Alfredo Fanchiotti y Alejandro Acosta, un acontecimiento pol\u00edtico-hist\u00f3rico que a partir de ese momento pas\u00f3 a conocerse como la \u00abmasacre de Avellaneda\u00bb.<\/p>\n<p>D\u00edas despu\u00e9s se supo -gracias a documentos fotogr\u00e1ficos- que <strong>Dar\u00edo Santill\u00e1n al momento de su muerte estaba socorriendo a Maximiliano Kosteki<\/strong>, ya ca\u00eddo en el suelo del hall de la estaci\u00f3n ferroviaria, cuando un polic\u00eda le dispar\u00f3 por la espalda.<\/p>\n<p>Al d\u00eda siguiente de la tragedia, el diario <strong>Clar\u00edn <\/strong>titul\u00f3 el hecho en su tapa simplemente as\u00ed:<strong> \u00abLa crisis caus\u00f3 dos nuevas muertes\u00bb<\/strong>.<\/p>\n<figure class=\"mb-3\"><img loading=\"lazy\" src=\"http:\/\/hoycordobaweb.com\/wp-content\/uploads\/2022\/06\/a-20-anos-de-los-asesinatos-de-kosteki-y-santillan-se-mantienen-las-demandas-sociales-5.jpg\" width=\"100%\" height=\"100%\" alt=\"Tapa del diario Clarn el 27 de junio de 2002\"><figcaption> Tapa del diario Clar\u00edn el 27 de junio de 2002. <\/figcaption><\/figure>\n<blockquote class><p>\u00abHoy, a 20 a\u00f1os de aquella tragedia nuestras consignas siguen siendo las mismas, como son el trabajo digno y alimento para el pueblo, cambio social, una nueva educaci\u00f3n, una vida digna\u00bb<cite class=\"author\">Juan Pablo Nocelli, referente del MTD An\u00edbal Ver\u00f3n <\/cite><\/p><\/blockquote>\n<p>A\u00f1os despu\u00e9s, a fuerza del impulso de la causa judicial impulsada por quienes hab\u00edan sido heridos y por los familiares de los dos j\u00f3venes asesinados, se logr\u00f3 la condena a los autores materiales de los cr\u00edmenes: El comisario Fanchiotti y el cabo Acosta fueron condenados a prisi\u00f3n perpetua por doble homicidio y siete tentativas de homicidio.<\/p>\n<p>D\u00edas despu\u00e9s de la masacre, el 2 de julio de 2002, Eduardo Duhalde anunciaba el adelantamiento de los comicios presidenciales para marzo, en un intento por evitar correr la misma suerte de sus predecesores, que hab\u00edan ca\u00eddo producto de una revuelta popular.<\/p>\n<p>Con el correr de los a\u00f1os <strong>Dar\u00edo Santill\u00e1n y Maximiliano Kosteki se convirtieron en la expresi\u00f3n genuina de una juventud militante<\/strong>, una juventud rebelde, dispuesta a dar pelea por una sociedad m\u00e1s justa. Ambos hoy son s\u00edmbolos de lucha, que el pueblo hizo propios despu\u00e9s de sus asesinatos.<\/p>\n<figure class=\"mb-3\"><img loading=\"lazy\" src=\"http:\/\/hoycordobaweb.com\/wp-content\/uploads\/2022\/06\/a-20-anos-de-los-asesinatos-de-kosteki-y-santillan-se-mantienen-las-demandas-sociales-6.jpg\" width=\"100%\" height=\"100%\" alt=\"Foto Pepe Mateos para Clarn\"><figcaption> Foto: Pepe Mateos para Clar\u00edn. <\/figcaption><\/figure>\n<p>Juan Pablo Nocelli, referente del MTD An\u00edbal Ver\u00f3n desde antes de la \u00abmasacre de Avellaneda\u00bb, remarc\u00f3 en di\u00e1logo con T\u00e9lam: \u00abHoy, a 20 a\u00f1os de aquella tragedia nuestras consignas siguen siendo las mismas, como son el trabajo digno y alimento para el pueblo, cambio social, una nueva educaci\u00f3n, una vida digna\u00bb.<\/p>\n<p>\u00abCreemos -a\u00f1adi\u00f3 Nocelli- que despu\u00e9s de tantos a\u00f1os los problemas sociales de fondo siguen vigentes en la Argentina y la lucha se mantiene por la recuperaci\u00f3n de m\u00e1s derechos sociales. A m\u00e1s de 20 a\u00f1os seguimos reclamando que se haga justicia tambi\u00e9n con los responsables pol\u00edticos de aquella masacre de Avellaneda. Hoy seguimos diciendo que la masacre de Avellaneda fue un crimen de Estado\u00bb.<\/p>\n<p>Maximiliano Kosteki, de 25 a\u00f1os de edad, form\u00f3 parte del MTD An\u00edbal Ver\u00f3n de la localidad de Guernica, en el partido de Presidente Per\u00f3n, y Dar\u00edo Santill\u00e1n, de 21, militaba en el MTD de Lan\u00fas, ambos en el sur bonaerense.<\/p>\n<blockquote class><p>A m\u00e1s de 20 a\u00f1os seguimos reclamando que se haga justicia tambi\u00e9n con los responsables pol\u00edticos de aquella masacre de Avellaneda. Hoy seguimos diciendo que la masacre de Avellaneda fue un crimen de Estado\u00bb<cite class=\"author\">Juan Pablo Nocelli, referente del MTD An\u00edbal Ver\u00f3n<\/cite><\/p><\/blockquote>\n<p><\/p>\n<h2 class>El MTD An\u00edbal Ver\u00f3n<\/h2>\n<p>Desde el MTD An\u00edbal Ver\u00f3n -que estuvo presente en en aquel tr\u00e1gico 26 de junio de 2002- se desprendieron varios grupos que se fueron integrando a otras organizaciones o que fundaron nuevas.<\/p>\n<p>Hoy, el MTD An\u00edbal Ver\u00f3n -nacido en los barrios m\u00e1s humildes de la localidad de Florencio Varela- sigue existiendo y en su armado pol\u00edtico, sus protestas y de planes de lucha callejeros est\u00e1 m\u00e1s cercano al Frente de Organizaciones en Lucha (FOL), que a su vez articula con los movimientos piqueteros de izquierda encabezados por el Polo Obrero, brazo piquetero del Partido Obrero (PO).<\/p>\n<p>Otros grupos escindidos de \u00abla Ver\u00f3n\u00bb -como se la conoc\u00eda popularmente en esos a\u00f1os- hoy est\u00e1n militando en las distintas versiones del Frente Popular Dar\u00edo Santill\u00e1n (FPDS).<\/p>\n<figure class=\"mb-3\"><img loading=\"lazy\" src=\"http:\/\/hoycordobaweb.com\/wp-content\/uploads\/2022\/06\/a-20-anos-de-los-asesinatos-de-kosteki-y-santillan-se-mantienen-las-demandas-sociales-7.jpg\" width=\"100%\" height=\"100%\" alt=\"Telam SE\"><figcaption><\/figcaption><\/figure>\n","protected":false},"excerpt":{"rendered":"<p>A 20 a\u00f1os de los asesinatos de Kosteki y Santill\u00e1n (Informe completo) VER VIDEO Este domingo se cumplir\u00e1n 20 a\u00f1os de los asesinatos de los militantes del MTD An\u00edbal Ver\u00f3n Maximiliano Kosteki y Dar\u00edo Santill\u00e1n durante la represi\u00f3n a la jornada de protesta que tuvo lugar el 26 de junio de 2002 en los alrededores [&hellip;]<\/p>\n","protected":false},"author":1,"featured_media":43754,"comment_status":"open","ping_status":"closed","sticky":false,"template":"","format":"standard","meta":[],"categories":[19],"tags":[],"_links":{"self":[{"href":"http:\/\/hoycordobaweb.com\/index.php\/wp-json\/wp\/v2\/posts\/43753"}],"collection":[{"href":"http:\/\/hoycordobaweb.com\/index.php\/wp-json\/wp\/v2\/posts"}],"about":[{"href":"http:\/\/hoycordobaweb.com\/index.php\/wp-json\/wp\/v2\/types\/post"}],"author":[{"embeddable":true,"href":"http:\/\/hoycordobaweb.com\/index.php\/wp-json\/wp\/v2\/users\/1"}],"replies":[{"embeddable":true,"href":"http:\/\/hoycordobaweb.com\/index.php\/wp-json\/wp\/v2\/comments?post=43753"}],"version-history":[{"count":0,"href":"http:\/\/hoycordobaweb.com\/index.php\/wp-json\/wp\/v2\/posts\/43753\/revisions"}],"wp:featuredmedia":[{"embeddable":true,"href":"http:\/\/hoycordobaweb.com\/index.php\/wp-json\/wp\/v2\/media\/43754"}],"wp:attachment":[{"href":"http:\/\/hoycordobaweb.com\/index.php\/wp-json\/wp\/v2\/media?parent=43753"}],"wp:term":[{"taxonomy":"category","embeddable":true,"href":"http:\/\/hoycordobaweb.com\/index.php\/wp-json\/wp\/v2\/categories?post=43753"},{"taxonomy":"post_tag","embeddable":true,"href":"http:\/\/hoycordobaweb.com\/index.php\/wp-json\/wp\/v2\/tags?post=43753"}],"curies":[{"name":"wp","href":"https:\/\/api.w.org\/{rel}","templated":true}]}}