{"id":43683,"date":"2022-06-25T14:17:22","date_gmt":"2022-06-25T14:17:22","guid":{"rendered":"https:\/\/www.ole.com.ar\/futbol-internacional\/ronaldinho-mexico-regreso-jugador_0_llIwQpzLLJ.html"},"modified":"2022-06-25T14:17:22","modified_gmt":"2022-06-25T14:17:22","slug":"ronaldinho-vuelve-al-futbol-de-mexico-y-sera-directivo-de-un-club-del-ascenso","status":"publish","type":"post","link":"http:\/\/hoycordobaweb.com\/index.php\/2022\/06\/25\/ronaldinho-vuelve-al-futbol-de-mexico-y-sera-directivo-de-un-club-del-ascenso\/","title":{"rendered":"Ronaldinho vuelve al f\u00fatbol de M\u00e9xico y ser\u00e1 directivo de un club del ascenso"},"content":{"rendered":"<p><img src=\"http:\/\/hoycordobaweb.com\/wp-content\/uploads\/2022\/06\/ronaldinho-vuelve-al-futbol-de-mexico-y-sera-directivo-de-un-club-del-ascenso.jpg\"><\/p>\n<p><a alt=\"ronaldinho\" class=\"slug\" href=\"https:\/\/www.ole.com.ar\/tema\/ronaldinho.html\" target=\"_blank\" title=\"ronaldinho\" rel=\"noopener noreferrer\">Ronaldinho <\/a>tuvo un breve paso por el f\u00fatbol mexicano cuando en la temporada 2014-2015 visti\u00f3 los colores de Quer\u00e9taro. Con sus 29 partidos y 8 goles en el elenco azteca le dio nombre al club y adem\u00e1s hizo disfrutar al fan\u00e1tico mexicano promedio que vio a una de las leyendas m\u00e1s grandes de la historia pasear su categor\u00eda por los distintos escenarios de la Liga MX. <strong>Ahora regresar\u00e1 a M\u00e9xico, pero a otra instituci\u00f3n y ya no como jugador&#8230;<\/strong><\/p>\n<div class=\"sp__Normal htmlLibre\">\n<div class=\"embed-responsive-c\" readability=\"7.903125\">\n<blockquote class=\"twitter-tweet\" readability=\"9.659375\">\n<p lang=\"es\" dir=\"ltr\">El Real San Luis, nuevo equipo de la Segunda Divisi\u00f3n, dando la sorpresa del verano en M\u00e9xico: La llegada de Ronaldinho.<\/p>\n<p>El campe\u00f3n mundial brasile\u00f1o ser\u00eda directivo de este nuevo club y tambi\u00e9n debutar\u00eda como auxiliar t\u00e9cnico de Ra\u00fal Arias. <a href=\"https:\/\/t.co\/bcpLC1ERT4\">pic.twitter.com\/bcpLC1ERT4<\/a><\/p>\n<p>\u2014 Rafael Rivera (@RafaDato2) <a href=\"https:\/\/twitter.com\/RafaDato2\/status\/1540671398196064257?ref_src=twsrc%5Etfw\">June 25, 2022<\/a><\/p><\/blockquote><\/div>\n<\/div>\n<div class=\"sp__SM\">\n<div class=\"content-new \">\n<span class=\"tit-mobile\">Mir\u00e1 tambi\u00e9n<\/span><\/p>\n<div class=\"mg\">\n<div class=\"wrap-figure\">\n<picture>\n<a href=\"https:\/\/www.ole.com.ar\/futbol-internacional\/roberto-carlos-rive-boca-scaloni_0_nPfjvAiufS.html\" target=\"_self\" rel=\"noopener noreferrer\"><br \/>\n<img class=\"img-responsive\" alt=\"Roberto Carlos: River o Boca, la Scaloneta y los rituales que sigue respetando\" src=\"http:\/\/hoycordobaweb.com\/wp-content\/uploads\/2022\/06\/ronaldinho-vuelve-al-futbol-de-mexico-y-sera-directivo-de-un-club-del-ascenso-2.jpg\" loading=\"lazy\"><br \/>\n<\/a>\n<\/picture>\n<\/div>\n<\/div><\/div>\n<\/div>\n<p>Es que el Real San Luis Club de Futbol lo anunci\u00f3 como su nuevo refuerzo y en la publicaci\u00f3n que realiz\u00f3 en redes sociales no brind\u00f3 muchos detalles sobre cu\u00e1l ser\u00e1 su funci\u00f3n en la nueva instituci\u00f3n. Este conjunto que se fund\u00f3 el&nbsp;10 de junio de 2022<strong>&nbsp;es parte de la Serie A de la Liga Premier de Federaci\u00f3n Mexicana de F\u00fatbol, que ser\u00eda la segunda divisi\u00f3n.<\/strong><\/p>\n<div class=\"sp__SM\">\n<div class=\"content-new \">\n<span class=\"tit-mobile\">Mir\u00e1 tambi\u00e9n<\/span><\/p>\n<div class=\"mg\">\n<div class=\"wrap-figure\">\n<picture>\n<a href=\"https:\/\/www.ole.com.ar\/fuera-de-juego\/ronaldinho-neymar-fiesta-miami_0_LuMGJPGFCX.html\" target=\"_self\" rel=\"noopener noreferrer\"><br \/>\n<img class=\"img-responsive\" alt=\"Las im\u00e1genes de Ronaldinho y Neymar de fiesta en Miami\" src=\"http:\/\/hoycordobaweb.com\/wp-content\/uploads\/2022\/06\/ronaldinho-vuelve-al-futbol-de-mexico-y-sera-directivo-de-un-club-del-ascenso-3.jpg\" loading=\"lazy\"><br \/>\n<\/a>\n<\/picture>\n<\/div>\n<\/div><\/div>\n<\/div>\n<p>A pesar de que en la publicaci\u00f3n no dieron detalles de sus funciones, distintos portales aseguraron que estar\u00e1 dentro de la dirigencia del club y adem\u00e1s ser\u00e1 auxiliar t\u00e9cnico de Ra\u00fal Arias. De este modo el pueblo mexicano se entusiasma por verlo otra vez al astro brasile\u00f1o en su pa\u00eds y este s\u00e1bado se har\u00e1 oficial la incorporaci\u00f3n de Dinho.<\/p>\n<div class=\"sp__SM\">\n<div class=\"content-new \">\n<span class=\"tit-mobile\">Mir\u00e1 tambi\u00e9n<\/span><\/p>\n<div class=\"mg\">\n<div class=\"wrap-figure\">\n<picture>\n<a href=\"https:\/\/www.ole.com.ar\/messi\/messipedia-messi-cumple-anos_0_Xe8q2pvzAH.html\" target=\"_self\" rel=\"noopener noreferrer\"><br \/>\n<img class=\"img-responsive\" alt=\"La Messipedia: el diccionario de Leo, de Antonela a la zurda\" src=\"http:\/\/hoycordobaweb.com\/wp-content\/uploads\/2022\/06\/ronaldinho-vuelve-al-futbol-de-mexico-y-sera-directivo-de-un-club-del-ascenso-4.jpg\" loading=\"lazy\"><br \/>\n<\/a>\n<\/picture>\n<\/div>\n<\/div><\/div>\n<\/div>\n<h2><strong>Ronaldinho y una c\u00e1bala en Quer\u00e9taro<\/strong><\/h2>\n<p>Las c\u00e1balas, o costumbres como alguna vez las llam\u00f3 Carlos Bilardo, trascienden a la l\u00f3gica y en distintas partes del mundo mantienen ciertas reglas para evitar la mala suerte. En el conjunto mexicano no le escapan a esto y en la \u00e9poca de Ronaldinho \u00e9l no se entrenaba los lunes. Ese d\u00eda de la semana el brasile\u00f1o ten\u00eda compromisos comerciales y no iba a los entrenamientos.<\/p>\n<p>\u00abTrabajar con Ronaldinho fue toda una experiencia. Lo m\u00e1s dif\u00edcil de entender era que ya no quer\u00eda entrenar, \u00e9l era feliz jugando y por eso no iba a entrenar los lunes, algo que sus compa\u00f1eros no entend\u00edan. Los lunes no iba porque Ronaldinho fue imagen de un par de empresas de Grupo Imagen y grab\u00f3 temas de patrocinios\u00bb, cont\u00f3 Joaqu\u00edn Beltr\u00e1n, quien en ese momento era directivo del club.<\/p>\n<div class=\"sp__SM\">\n<div class=\"content-new \">\n<span class=\"tit-mobile\">Mir\u00e1 tambi\u00e9n<\/span><\/p>\n<div class=\"mg\">\n<div class=\"wrap-figure\">\n<picture>\n<a href=\"https:\/\/www.ole.com.ar\/futbol-internacional\/ronaldinho-roberto-carlos-miami-chapur_0_oP2ecHG8Ur.html\" target=\"_self\" rel=\"noopener noreferrer\"><br \/>\n<img class=\"img-responsive\" alt=\"La argentina detr\u00e1s del partido top en Miami entre Dinho y Roberto Carlos\" src=\"http:\/\/hoycordobaweb.com\/wp-content\/uploads\/2022\/06\/ronaldinho-vuelve-al-futbol-de-mexico-y-sera-directivo-de-un-club-del-ascenso-5.jpg\" loading=\"lazy\"><br \/>\n<\/a>\n<\/picture>\n<\/div>\n<\/div><\/div>\n<\/div>\n<p>En un di\u00e1logo con el podcast Desde la Reda de Mediotiempo el ex dirigente cont\u00f3 que en aquel entonces el equipo que dirig\u00eda V\u00edctor Manuel Vucetich hab\u00eda logrado cosechar buenos resultados y el plantel se termin\u00f3 acostumbrando a la ausencia del ex Barcelona. \u00abDespu\u00e9s se hizo costumbre que no llegaba a entrenar los lunes y los jugadores empezaron a entender esa din\u00e1mica. Cua<strong>ndo Dinho se sinti\u00f3 c\u00f3modo y sus compa\u00f1eros tambi\u00e9n fue cuando mejor estuvo en el futbol mexicano porque fue l\u00edder de asistencias en alg\u00fan momento de la temporada, con goles importantes para clasificar a esa primera Liguilla (Clausura 2015)\u00bb, agreg\u00f3.<\/strong><\/p>\n<p> \u00abRonaldinho ya estaba tan contento en el grupo que hubo un lunes en el que se le ocurri\u00f3 aparecer en el entrenamiento y sus compa\u00f1eros le gritaban que se fuera, que qu\u00e9 hac\u00eda ah\u00ed. Lo agarraron de c\u00e1bala que no iba los lunes a entrenar y el equipo llevaba muy buenos resultados.<strong><mark> Total que Ronaldinho se termin\u00f3 yendo a su casa ese lunes por la c\u00e1bala<\/mark><\/strong>\u00ab, destac\u00f3.<\/p>\n<div class=\"entry-tags\">\n<h2>TEMAS QUE APARECEN EN ESTA NOTA<\/h2>\n<\/p><\/div>\n","protected":false},"excerpt":{"rendered":"<p>Ronaldinho tuvo un breve paso por el f\u00fatbol mexicano cuando en la temporada 2014-2015 visti\u00f3 los colores de Quer\u00e9taro. Con sus 29 partidos y 8 goles en el elenco azteca le dio nombre al club y adem\u00e1s hizo disfrutar al fan\u00e1tico mexicano promedio que vio a una de las leyendas m\u00e1s grandes de la historia [&hellip;]<\/p>\n","protected":false},"author":1,"featured_media":43684,"comment_status":"open","ping_status":"closed","sticky":false,"template":"","format":"standard","meta":[],"categories":[16],"tags":[],"_links":{"self":[{"href":"http:\/\/hoycordobaweb.com\/index.php\/wp-json\/wp\/v2\/posts\/43683"}],"collection":[{"href":"http:\/\/hoycordobaweb.com\/index.php\/wp-json\/wp\/v2\/posts"}],"about":[{"href":"http:\/\/hoycordobaweb.com\/index.php\/wp-json\/wp\/v2\/types\/post"}],"author":[{"embeddable":true,"href":"http:\/\/hoycordobaweb.com\/index.php\/wp-json\/wp\/v2\/users\/1"}],"replies":[{"embeddable":true,"href":"http:\/\/hoycordobaweb.com\/index.php\/wp-json\/wp\/v2\/comments?post=43683"}],"version-history":[{"count":0,"href":"http:\/\/hoycordobaweb.com\/index.php\/wp-json\/wp\/v2\/posts\/43683\/revisions"}],"wp:featuredmedia":[{"embeddable":true,"href":"http:\/\/hoycordobaweb.com\/index.php\/wp-json\/wp\/v2\/media\/43684"}],"wp:attachment":[{"href":"http:\/\/hoycordobaweb.com\/index.php\/wp-json\/wp\/v2\/media?parent=43683"}],"wp:term":[{"taxonomy":"category","embeddable":true,"href":"http:\/\/hoycordobaweb.com\/index.php\/wp-json\/wp\/v2\/categories?post=43683"},{"taxonomy":"post_tag","embeddable":true,"href":"http:\/\/hoycordobaweb.com\/index.php\/wp-json\/wp\/v2\/tags?post=43683"}],"curies":[{"name":"wp","href":"https:\/\/api.w.org\/{rel}","templated":true}]}}