{"id":43616,"date":"2022-06-23T22:00:35","date_gmt":"2022-06-23T22:00:35","guid":{"rendered":"https:\/\/ladecimaweb.com\/?p=13813"},"modified":"2022-06-23T22:00:35","modified_gmt":"2022-06-23T22:00:35","slug":"la-tasa-de-desocupacion-bajo-al-7-en-el-primer-trimestre-del-ano","status":"publish","type":"post","link":"http:\/\/hoycordobaweb.com\/index.php\/2022\/06\/23\/la-tasa-de-desocupacion-bajo-al-7-en-el-primer-trimestre-del-ano\/","title":{"rendered":"La tasa de desocupaci\u00f3n baj\u00f3 al 7% en el primer trimestre del a\u00f1o"},"content":{"rendered":"<div class=\"boldgrid-section\">\n<div class=\"container\">\n<div class=\"row\">\n<div class=\"col-md-12 col-xs-12 col-sm-12\">\n<p class=\"\"><span>La tasa de desocupaci\u00f3n se ubic\u00f3 en el 7% al cierre del primer trimestre del a\u00f1o, con una merma de 3,2 puntos porcentuales respecto al 10,2 % de igual periodo del 2021, inform\u00f3 hoy el Instituto Nacional de Estad\u00edstica y Censos (Indec).<\/span><\/p>\n<p><span>Respecto al \u00faltimo trimestre de 2021, la tasa de desocupaci\u00f3n se mantuvo en su nivel.<\/span><\/p>\n<p><span>El Indec precis\u00f3 adem\u00e1s que en el primer trimestre de 2022, la tasa de actividad se ubic\u00f3 en 46,5%, con un crecimiento 0,2 puntos porcentuales en la comparaci\u00f3n interanual.<\/span><\/p>\n<p><span>En tanto, la tasa de empleo fue del 43,3%, un porcentaje considerado r\u00e9cord para un primer trimestre del a\u00f1o desde el inicio de la serie, en 2016.<\/span><\/p>\n<div class=\"twitter-tweet twitter-tweet-rendered\"><iframe id=\"twitter-widget-0\" class=\"\" title=\"Twitter Tweet\" src=\"https:\/\/platform.twitter.com\/embed\/Tweet.html?creatorScreenName=agenciatelam&amp;dnt=false&amp;embedId=twitter-widget-0&amp;features=eyJ0ZndfdHdlZXRfZWRpdF9iYWNrZW5kIjp7ImJ1Y2tldCI6Im9mZiIsInZlcnNpb24iOm51bGx9LCJ0ZndfcmVmc3JjX3Nlc3Npb24iOnsiYnVja2V0Ijoib2ZmIiwidmVyc2lvbiI6bnVsbH0sInRmd190d2VldF9yZXN1bHRfbWlncmF0aW9uXzEzOTc5Ijp7ImJ1Y2tldCI6InR3ZWV0X3Jlc3VsdCIsInZlcnNpb24iOm51bGx9LCJ0Zndfc2Vuc2l0aXZlX21lZGlhX2ludGVyc3RpdGlhbF8xMzk2MyI6eyJidWNrZXQiOiJpbnRlcnN0aXRpYWwiLCJ2ZXJzaW9uIjpudWxsfSwidGZ3X2V4cGVyaW1lbnRzX2Nvb2tpZV9leHBpcmF0aW9uIjp7ImJ1Y2tldCI6MTIwOTYwMCwidmVyc2lvbiI6bnVsbH0sInRmd191c2VyX2ZvbGxvd19pbnRlbnRfMTQ0MDYiOnsiYnVja2V0IjoiZm9sbG93IiwidmVyc2lvbiI6bnVsbH0sInRmd190d2VldF9lZGl0X2Zyb250ZW5kIjp7ImJ1Y2tldCI6Im9mZiIsInZlcnNpb24iOm51bGx9fQ%3D%3D&amp;frame=false&amp;hideCard=false&amp;hideThread=false&amp;id=1540047280266518531&amp;lang=es&amp;origin=https%3A%2F%2Fwww.telam.com.ar%2Fnotas%2F202206%2F596407-desocupacion-primer-trimestre-7.html&amp;sessionId=b8c023e6840d6969dcc0b40f8522605fabf766f1&amp;siteScreenName=agenciatelam&amp;theme=light&amp;widgetsVersion=b45a03c79d4c1%3A1654150928467&amp;width=550px\" frameborder=\"0\" scrolling=\"no\" allowfullscreen=\"allowfullscreen\" data-tweet-id=\"1540047280266518531\" data-mce-fragment=\"1\"><\/iframe><\/div>\n<p><span>En la comparaci\u00f3n interanual, la tasa de empleo mostr\u00f3 un crecimiento de 1,7 puntos porcentual, mientras que en el cotejo trimestral marc\u00f3 una leve ca\u00edda de 0,3 puntos porcentuales.<\/span><\/p>\n<p><span>En lo que respecta al desempleo, el Indec detall\u00f3 que en el primer trimestre tambi\u00e9n baj\u00f3 la tasa de desocupados demandantes, al 6,9% contra el 8,7% de enero-marzo del 2021 y frente al 8,6% de octubre-diciembre del 2021.<\/span><\/p>\n<p><strong>\u201cEsto demuestra que existe una mayor demanda de horas para trabajar\u201d<\/strong><span>, se\u00f1alaron desde el Ministerio de Econom\u00eda luego de que la dependencia estad\u00edstica diera a conocer los n\u00fameros.<\/span><\/p>\n<p><span>En tanto, los subocupados no demandantes, es decir aquellos que trabajan menos de 35 horas semanales y no quieren m\u00e1s carga horaria, se mantuvieron en 3,1%, frente al 3,2% de enero-marzo del a\u00f1o pasado y 3,5% del \u00faltimo trimestre del 2021.<\/span><\/p>\n<p><span>Esta baja de la tasa de desocupaci\u00f3n del 10,2% en el a\u00f1o pasado al 7% de este a\u00f1o se dio en el marco de un crecimiento del 6% del Producto Bruto Interno (PBI), mientras que la econom\u00eda del trimestre enero-marzo estuvo 0,9% por encima de la de octubre-diciembre.<\/span><\/p>\n<p><span>Al observar las poblaciones espec\u00edficas, dentro del universo de 14 a\u00f1os y m\u00e1s, desagregado por sexo, la tasa de actividad para los varones fue de 68,6%, mientras que en el caso de las mujeres se ubic\u00f3 en 50,2%.<\/span><\/p>\n<p><span>A nivel geogr\u00e1fico, las regiones que presentaron mayores tasas de actividad fueron Cuyo (47,9%), Pampeana (47,4%) y Gran Buenos Aires (46,7%).<\/span><\/p>\n<p><span>En tanto, la que present\u00f3 la menor tasa de actividad en el primer trimestre del a\u00f1o fue la regi\u00f3n Noreste (43,6%).<\/span><\/p>\n<p><span>A su vez, al considerar el tama\u00f1o de los aglomerados, en los de 500.000 y m\u00e1s habitantes, la tasa de actividad (47,1%) fue superior que en la ciudades y localidades con menos de 500.000 habitantes (44,1%).<\/span><\/p>\n<p><span>Entre la poblaci\u00f3n ocupada, el 73,5% son asalariados, de los cuales el 35,9% no cuenta con descuento jubilatorio, por lo que su actividad se desarrolla en el \u00e1mbito informal.<\/span><\/p>\n<p><span>En tanto, el 23,1% trabaja por cuenta propia, 3,0% son patrones y 0,5% son trabajadores familiares sin remuneraci\u00f3n.<\/span><\/p>\n<p><span>Al analizar la poblaci\u00f3n ocupada por nivel educativo, m\u00e1s de la mitad de las personas ocupadas (59,4%) cuenta con secundario completo, mientras que el 40,4% posee estudio superior y universitario (completo o incompleto).<\/span><\/p>\n<p><span>Entre los desocupados y el tiempo que llevan buscando trabajo, el 58,1% del total se ubica dentro de un rango de entre 1 y 12 meses, mientras que el 41,8% lleva m\u00e1s de un a\u00f1o.<\/span><\/p>\n<p><span>En lo referente a la desocupaci\u00f3n del 7%, en el caso de la poblaci\u00f3n ubicada dentro de un rango de 14 y m\u00e1s, la tasa fue de 8,3% para las mujeres, y de 5,9% para los varones.<\/span><\/p>\n<p><span>Entre las regiones, las que mostraron la mayor tasa de desocupaci\u00f3n fueron las regiones Pampeana y Gran Buenos Aires, con 7,4% y 7,3% respectivamente.<\/span><\/p>\n<p><span>Mientras que menor tasa de desocupaci\u00f3n correspondi\u00f3 a la Patagonia, con el 4,8%.<\/span><\/p>\n<p><span>En referencia al nivel educativo de las personas desocupadas, 70,7% cuentan con hasta secundario completo, y 29,3% presentan nivel superior y universitario, completo o incompleto.<\/span><\/p>\n<div class=\"ubm_banner\"><a href=\"https:\/\/www.cba.gov.ar\/10-mil-viviendas\/?csrt=8333084810548506306\" target=\"_blank\" rel=\"dofollow noopener noreferrer\"><img src=\"http:\/\/hoycordobaweb.com\/wp-content\/uploads\/2022\/06\/la-tasa-de-desocupacion-bajo-al-7-en-el-primer-trimestre-del-ano.gif\" alt=\"\"><\/a><\/div>\n<\/div>\n<\/div>\n<\/div>\n<\/div>\n<p>La entrada <a rel=\"nofollow\" href=\"https:\/\/ladecimaweb.com\/la-tasa-de-desocupacion-bajo-al-7-en-el-primer-trimestre-del-ano\/\">La tasa de desocupaci\u00f3n baj\u00f3 al 7% en el primer trimestre del a\u00f1o<\/a> se public\u00f3 primero en <a rel=\"nofollow\" href=\"https:\/\/ladecimaweb.com\">LaDecima<\/a>.<\/p>\n","protected":false},"excerpt":{"rendered":"<p>La tasa de desocupaci\u00f3n se ubic\u00f3 en el 7% al cierre del primer trimestre del a\u00f1o, con una merma de 3,2 puntos porcentuales respecto al 10,2 % de igual periodo del 2021, inform\u00f3 hoy el Instituto Nacional de Estad\u00edstica y Censos (Indec). Respecto al \u00faltimo trimestre de 2021, la tasa de desocupaci\u00f3n se mantuvo en [&hellip;]<\/p>\n","protected":false},"author":1,"featured_media":43617,"comment_status":"closed","ping_status":"closed","sticky":false,"template":"","format":"standard","meta":[],"categories":[19],"tags":[],"_links":{"self":[{"href":"http:\/\/hoycordobaweb.com\/index.php\/wp-json\/wp\/v2\/posts\/43616"}],"collection":[{"href":"http:\/\/hoycordobaweb.com\/index.php\/wp-json\/wp\/v2\/posts"}],"about":[{"href":"http:\/\/hoycordobaweb.com\/index.php\/wp-json\/wp\/v2\/types\/post"}],"author":[{"embeddable":true,"href":"http:\/\/hoycordobaweb.com\/index.php\/wp-json\/wp\/v2\/users\/1"}],"replies":[{"embeddable":true,"href":"http:\/\/hoycordobaweb.com\/index.php\/wp-json\/wp\/v2\/comments?post=43616"}],"version-history":[{"count":0,"href":"http:\/\/hoycordobaweb.com\/index.php\/wp-json\/wp\/v2\/posts\/43616\/revisions"}],"wp:featuredmedia":[{"embeddable":true,"href":"http:\/\/hoycordobaweb.com\/index.php\/wp-json\/wp\/v2\/media\/43617"}],"wp:attachment":[{"href":"http:\/\/hoycordobaweb.com\/index.php\/wp-json\/wp\/v2\/media?parent=43616"}],"wp:term":[{"taxonomy":"category","embeddable":true,"href":"http:\/\/hoycordobaweb.com\/index.php\/wp-json\/wp\/v2\/categories?post=43616"},{"taxonomy":"post_tag","embeddable":true,"href":"http:\/\/hoycordobaweb.com\/index.php\/wp-json\/wp\/v2\/tags?post=43616"}],"curies":[{"name":"wp","href":"https:\/\/api.w.org\/{rel}","templated":true}]}}