{"id":43585,"date":"2022-06-23T12:22:58","date_gmt":"2022-06-23T12:22:58","guid":{"rendered":"https:\/\/www.mujerhoy.com\/moda\/no-te-pierdas\/falda-mini-hym-barata-8-euros-comoda-hace-tipazo-20220623114200-nt.html"},"modified":"2022-06-23T12:22:58","modified_gmt":"2022-06-23T12:22:58","slug":"necesitas-esta-minifalda-de-hm-es-comodisima-hace-tipazo-y-solo-cuesta-8-euros","status":"publish","type":"post","link":"http:\/\/hoycordobaweb.com\/index.php\/2022\/06\/23\/necesitas-esta-minifalda-de-hm-es-comodisima-hace-tipazo-y-solo-cuesta-8-euros\/","title":{"rendered":"Necesitas esta minifalda de H&amp;M: es comod\u00edsima, hace tipazo y solo cuesta 8 euros"},"content":{"rendered":"<div><img src=\"http:\/\/hoycordobaweb.com\/wp-content\/uploads\/2022\/06\/necesitas-esta-minifalda-de-hm-es-comodisima-hace-tipazo-y-solo-cuesta-8-euros.jpg\" class=\"ff-og-image-inserted\"><\/div>\n<p><!-- AUTHOR --><!-- COMPONENTS --><\/p>\n<p class=\"voc-paragraph\">Una <a data-voc-vtm-id=\"in-text-traffic\" href=\"https:\/\/www.mujerhoy.com\/moda\/tendencias\/mini-faldas-denim-estampadas-cargo-stradivarius-pull-and-bear-zara-alargan-piernas-20220314132617-nt.html\">falda de corte mini<\/a> es una prenda <strong>muy c\u00f3moda y ponible<\/strong> que, adem\u00e1s, sienta de maravilla. Es por ello que se trata de una tendencia que nunca pasa de moda y las marcas <a data-voc-vtm-id=\"in-text-traffic\" href=\"https:\/\/www.mujerhoy.com\/moda\/no-te-pierdas\/minifaldas-verano-tiendas-low-cost-zara-mango-lucir-piernas-efecto-estilizador-20220607134806-ga.html\">low cost<\/a> nos traen opciones para todos los gustos, <a data-voc-vtm-id=\"in-text-traffic\" href=\"https:\/\/www.mujerhoy.com\/moda\/tendencias\/minifaldas-lisas-estampadas-para-llevar-con-sandalias-de-tacon-alargan-piernas-20220514121516-ga.html\">tanto lisas como estampadas<\/a>.\n<\/p>\n<p class=\"voc-paragraph\">Hoy queremos hablar de una minifalda que hemos encontrado en H&amp;M y que para nosotras se ha convertido en un aut\u00e9ntico flechazo. \u00bfPor qu\u00e9? Porque te permite lucir piernas y presumir de <a data-voc-vtm-id=\"in-text-traffic\" href=\"https:\/\/www.mujerhoy.com\/moda\/no-te-pierdas\/falda-mini-zara-barata-versatil-hace-tipazo-look-triunfa-instagram-20220225105300-nt.html\">tipazo<\/a> sin necesidad de gastar mucho dinero.\n<\/p>\n<p class=\"voc-paragraph\">Se trata de una falda corta que tiene un dise\u00f1o de corte entallado, por lo que estiliza much\u00edsimo la figura. Tambi\u00e9n cuenta con una cintura el\u00e1stica ancha que contribuye a marcar las curvas naturales del cuerpo.\n<\/p>\n<p class=\"voc-paragraph\">Ha sido confeccionada con <strong>un tejido de punto suave<\/strong> que tiene un acabado el\u00e1stico. Esto hace que se amolde f\u00e1cilmente a la silueta y acent\u00faa su \u00abefecto tipazo\u00bb.\n<\/p>\n<div class=\"voc-detail__cmp\" readability=\"6\">\n<div class=\"voc-photo-combo-three fw-xs\" readability=\"7\">\n<p class=\"figure-caption\"><span class=\"voc-photo-caption\">La falda est\u00e1 disponible en cinco colores \/ <\/span><span class=\"voc-photo-author\">H&amp;M<\/span><\/p>\n<\/div>\n<\/div>\n<p class=\"voc-paragraph\">Otro de los motivos por los que nos ha conquistado es que est\u00e1 disponible <strong>en cinco colores<\/strong> que se adaptan a diferentes estilos: negro, naranja, gris oscuro, verde y verde caqui. <\/p>\n<p class=\"voc-paragraph\">Su sencillo dise\u00f1o la convierte en la prenda perfecta para lucir tu top estampado favorito. O, si buscas algo m\u00e1s informal, puedes llevarla con una camiseta b\u00e1sica. En ambos casos conseguir\u00e1s un conjunto fresco y desenfadado que es perfecto para el verano.\n<\/p>\n<p class=\"voc-paragraph\">En cuanto al calzado, unas deportivas de suela gruesa son la mejor apuesta si quieres ir c\u00f3moda y, al mismo tiempo, rejuvenecer tu look. Aunque tambi\u00e9n queda de maravilla con unas sandalias planas o incluso con unas slippers.\n<\/p>\n<p class=\"voc-paragraph\">Y lo mejor es que la falda no solo es muy ponible y favorecedora, sino que tambi\u00e9n es tan barata que est\u00e1 al alcance incluso de los bolsillos m\u00e1s ajustados, pues solamente cuesta 7,99 euros.\n<\/p>\n<p class=\"voc-paragraph\">Ahora bien, la disponibilidad de tallas puede variar en funci\u00f3n del color que elijas, por lo que tendr\u00e1s que consultarla <strong>en la p\u00e1gina web de la marca o en tienda<\/strong>.\n<\/p>\n<div class=\"voc-detail__cmp voc-detail__cmp--pad-lr voc-detail__cmp--pad-lr--bdr\">\n<div class=\"voc-ficha-detail__wrapper\">\n<section class=\"voc-ficha-detail\">\n<h4 class=\"voc-ficha-detail-title voc-title-section\">Te recomendamos<\/h4>\n<\/section>\n<\/div>\n<\/div>\n<p><!-- TOPICS --><\/p>\n","protected":false},"excerpt":{"rendered":"<p>Una falda de corte mini es una prenda muy c\u00f3moda y ponible que, adem\u00e1s, sienta de maravilla. Es por ello que se trata de una tendencia que nunca pasa de moda y las marcas low cost nos traen opciones para todos los gustos, tanto lisas como estampadas. Hoy queremos hablar de una minifalda que hemos [&hellip;]<\/p>\n","protected":false},"author":1,"featured_media":43586,"comment_status":"closed","ping_status":"closed","sticky":false,"template":"","format":"standard","meta":[],"categories":[1],"tags":[],"_links":{"self":[{"href":"http:\/\/hoycordobaweb.com\/index.php\/wp-json\/wp\/v2\/posts\/43585"}],"collection":[{"href":"http:\/\/hoycordobaweb.com\/index.php\/wp-json\/wp\/v2\/posts"}],"about":[{"href":"http:\/\/hoycordobaweb.com\/index.php\/wp-json\/wp\/v2\/types\/post"}],"author":[{"embeddable":true,"href":"http:\/\/hoycordobaweb.com\/index.php\/wp-json\/wp\/v2\/users\/1"}],"replies":[{"embeddable":true,"href":"http:\/\/hoycordobaweb.com\/index.php\/wp-json\/wp\/v2\/comments?post=43585"}],"version-history":[{"count":0,"href":"http:\/\/hoycordobaweb.com\/index.php\/wp-json\/wp\/v2\/posts\/43585\/revisions"}],"wp:featuredmedia":[{"embeddable":true,"href":"http:\/\/hoycordobaweb.com\/index.php\/wp-json\/wp\/v2\/media\/43586"}],"wp:attachment":[{"href":"http:\/\/hoycordobaweb.com\/index.php\/wp-json\/wp\/v2\/media?parent=43585"}],"wp:term":[{"taxonomy":"category","embeddable":true,"href":"http:\/\/hoycordobaweb.com\/index.php\/wp-json\/wp\/v2\/categories?post=43585"},{"taxonomy":"post_tag","embeddable":true,"href":"http:\/\/hoycordobaweb.com\/index.php\/wp-json\/wp\/v2\/tags?post=43585"}],"curies":[{"name":"wp","href":"https:\/\/api.w.org\/{rel}","templated":true}]}}