{"id":43530,"date":"2022-06-21T20:47:24","date_gmt":"2022-06-21T20:47:24","guid":{"rendered":"https:\/\/www.ole.com.ar\/futbol-internacional\/inglaterra\/fabio-vieira-arsenal-mercado-pases_0_b94V3S3fkz.html"},"modified":"2022-06-21T20:47:24","modified_gmt":"2022-06-21T20:47:24","slug":"premier-league-la-tercera-compra-mas-cara-de-la-temporada","status":"publish","type":"post","link":"http:\/\/hoycordobaweb.com\/index.php\/2022\/06\/21\/premier-league-la-tercera-compra-mas-cara-de-la-temporada\/","title":{"rendered":"Premier League: la tercera compra m\u00e1s cara de la temporada"},"content":{"rendered":"<p><img src=\"http:\/\/hoycordobaweb.com\/wp-content\/uploads\/2022\/06\/premier-league-la-tercera-compra-mas-cara-de-la-temporada.jpg\"><\/p>\n<p>El mercado de pases para la temporada 2022\/23 esta al rojo vivo, y ya ha tenido a los <a target=\"_blank\" href=\"https:\/\/www.ole.com.ar\/tema\/premier-league.html\" rel=\"noopener noreferrer\">clubes ingleses<\/a> como principales protagonistas. Primero fue el <a target=\"_blank\" href=\"https:\/\/www.ole.com.ar\/tema\/manchester-city.html\" rel=\"noopener noreferrer\"><strong>Manchester City<\/strong><\/a> <strong>con Erling Haaland<\/strong>, luego el <strong><a target=\"_blank\" href=\"https:\/\/www.ole.com.ar\/tema\/liverpool.html\" rel=\"noopener noreferrer\">Liverpool <\/a>con Darwin Nu\u00f1ez<\/strong>, y ahora el <strong><a target=\"_blank\" href=\"https:\/\/www.ole.com.ar\/tema\/arsenal.html\" rel=\"noopener noreferrer\">Arsenal,<\/a>&nbsp;que no se qued\u00f3 atr\u00e1s&nbsp;y anunci\u00f3 la compra del volante portugu\u00e9s Fabio Vieira<\/strong>, procedente del <strong><a target=\"_blank\" href=\"https:\/\/www.ole.com.ar\/tema\/porto.html\" rel=\"noopener noreferrer\">Porto<\/a>, en una cifra top.<\/strong><\/p>\n<div class=\"sp__Normal\">\n<div class=\"image-embeb image-trigger\" readability=\"6\">\n<picture><source media=\"(min-width: 720px)\" srcset=\"http:\/\/hoycordobaweb.com\/wp-content\/uploads\/2022\/06\/premier-league-la-tercera-compra-mas-cara-de-la-temporada-2.jpg\"><img itemprop=\"image\" src=\"http:\/\/hoycordobaweb.com\/wp-content\/uploads\/2022\/06\/premier-league-la-tercera-compra-mas-cara-de-la-temporada-2.jpg\" loading=\"lazy\" alt=\"Vieira firm\u00f3 un contrato por 5 temporadas con el club ingl\u00e9s. Foto: Twitter @Arsenal\">\n<\/picture><figcaption readability=\"2\">\n<p>Vieira firm\u00f3 un contrato por 5 temporadas con el club ingl\u00e9s. Foto: Twitter @Arsenal\n<\/p>\n<\/figcaption><\/div>\n<\/div>\n<div class=\"sp__Normal\">\n<div class=\"image-embeb image-trigger\" readability=\"6\">\n<picture><source media=\"(min-width: 720px)\" srcset=\"http:\/\/hoycordobaweb.com\/wp-content\/uploads\/2022\/06\/premier-league-la-tercera-compra-mas-cara-de-la-temporada-3.jpg\"><img itemprop=\"image\" src=\"http:\/\/hoycordobaweb.com\/wp-content\/uploads\/2022\/06\/premier-league-la-tercera-compra-mas-cara-de-la-temporada-3.jpg\" loading=\"lazy\" alt=\"Fabio Vieira es nuevo refuerzo del Arsenal\">\n<\/picture><figcaption readability=\"2\">\n<p>Fabio Vieira es nuevo refuerzo del Arsenal\n<\/p>\n<\/figcaption><\/div>\n<\/div>\n<p><strong>Los Gunners pagar\u00e1n 40 millones&nbsp;de euros al equipo de Lisboa <\/strong>por la ficha del futbolista de 22 a\u00f1os, los cuales se dividen en 35 millones fijos y los otros cinco en variables. El luso, que fue pedido por&nbsp;<strong>Mikel Arteta<\/strong> con el objetivo mejorar la creaci\u00f3n de juego,&nbsp;<strong>estar\u00e1&nbsp;vinculado con el equipo de Londres por cinco temporadas.<\/strong><\/p>\n<div class=\"sp__SM\">\n<div class=\"content-new \">\n<span class=\"tit-mobile\">Mir\u00e1 tambi\u00e9n<\/span><\/p>\n<div class=\"mg\">\n<div class=\"wrap-figure\">\n<picture>\n<a href=\"https:\/\/www.ole.com.ar\/futbol-internacional\/mane-bayern-senegal_0_78tCK5OfUl.html\" target=\"_self\" rel=\"noopener noreferrer\"><br \/>\n<img class=\"img-responsive\" alt=\"Man\u00e9: del barro de Senegal al Bayern alem\u00e1n\" src=\"http:\/\/hoycordobaweb.com\/wp-content\/uploads\/2022\/06\/premier-league-la-tercera-compra-mas-cara-de-la-temporada-4.jpg\" loading=\"lazy\"><br \/>\n<\/a>\n<\/picture>\n<\/div>\n<\/div><\/div>\n<\/div>\n<p><strong>Esta compra convierte al enganche en la cuarta compra m\u00e1s cara de este periodo de transferencias<\/strong>, solo superada por los ya mencionados fichajes de Haaland (70M) y Nu\u00f1ez (100M), adem\u00e1s de la <strong>Tchouam\u00e9ni al <a target=\"_blank\" href=\"https:\/\/www.ole.com.ar\/tema\/real-madrid.html\" rel=\"noopener noreferrer\">Real Madrid<\/a><\/strong> (100M). Igualada en cuarto lugar est\u00e1 la de <strong>Chiesa a la <a target=\"_blank\" href=\"https:\/\/www.ole.com.ar\/tema\/juventus.html\" rel=\"noopener noreferrer\">Juventus<\/a><\/strong>, que hizo efectiva la opci\u00f3n de compra de 40M que hab\u00eda puesto la <strong>Fiorentina <\/strong>antes de cederlo dos a\u00f1os atr\u00e1s.<\/p>\n<h2><strong>\u00bfC\u00f3mo juega Fabio Vieira?<\/strong><\/h2>\n<div class=\"sp__Normal\">\n<div class=\"image-embeb image-trigger\" readability=\"6.5\">\n<picture><source media=\"(min-width: 720px)\" srcset=\"http:\/\/hoycordobaweb.com\/wp-content\/uploads\/2022\/06\/premier-league-la-tercera-compra-mas-cara-de-la-temporada-5.jpg\"><img itemprop=\"image\" src=\"http:\/\/hoycordobaweb.com\/wp-content\/uploads\/2022\/06\/premier-league-la-tercera-compra-mas-cara-de-la-temporada-5.jpg\" loading=\"lazy\" alt=\"La joya del Porto fue uno de los mejores jugadores de la Liga de Portugal. Foto: FILIPE AMORIM \/ AFP\">\n<\/picture><figcaption readability=\"3\">\n<p>La joya del Porto fue uno de los mejores jugadores de la Liga de Portugal. Foto: FILIPE AMORIM \/ AFP\n<\/p>\n<\/figcaption><\/div>\n<\/div>\n<p><strong>\u200bEl futbolista de 22 a\u00f1os surgi\u00f3 de las inferiores del Porto<\/strong>, club en el que debut\u00f3 en 2020 y donde alcanz\u00f3 a disputar 76 encuentros y marcar 10 goles. <strong>Es muy polivalente y capaz de moverse por todo el frente de ataque<\/strong>, y en la \u00faltima temporada ha disputado partidos tanto por la banda derecha como por el centro, jugando de enganche o incluso desempe\u00f1\u00e1ndose como mediapunta.<\/p>\n<div class=\"sp__SM\">\n<div class=\"content-new \">\n<span class=\"tit-mobile\">Mir\u00e1 tambi\u00e9n<\/span><\/p>\n<div class=\"mg\">\n<div class=\"wrap-figure\">\n<picture>\n<a href=\"https:\/\/www.ole.com.ar\/futbol-internacional\/espana\/fenomeno-brasil_0_t5BaNQCBmv.html\" target=\"_self\" rel=\"noopener noreferrer\"><br \/>\n<img class=\"img-responsive\" alt=\"\u00bfEl Fen\u00f3meno junta a Marcelo con Dani Alves?\" src=\"http:\/\/hoycordobaweb.com\/wp-content\/uploads\/2022\/06\/premier-league-la-tercera-compra-mas-cara-de-la-temporada-6.jpg\" loading=\"lazy\"><br \/>\n<\/a>\n<\/picture>\n<\/div>\n<\/div><\/div>\n<\/div>\n<div class=\"sp__SM\">\n<div class=\"content-new \">\n<span class=\"tit-mobile\">Mir\u00e1 tambi\u00e9n<\/span><\/p>\n<div class=\"mg\">\n<div class=\"wrap-figure\">\n<picture>\n<a href=\"https:\/\/www.ole.com.ar\/futbol-internacional\/alario-eintracht-frankfurt-borre-river_0_nxzjduDDo4.html\" target=\"_self\" rel=\"noopener noreferrer\"><br \/>\n<img class=\"img-responsive\" alt=\"Dos ex goleadores de River se juntan: Alario y Borr\u00e9 ser\u00e1n compa\u00f1eros\" src=\"http:\/\/hoycordobaweb.com\/wp-content\/uploads\/2022\/06\/premier-league-la-tercera-compra-mas-cara-de-la-temporada-7.jpg\" loading=\"lazy\"><br \/>\n<\/a>\n<\/picture>\n<\/div>\n<\/div><\/div>\n<\/div>\n<p>Estas cualidades llevaron&nbsp;a que Arteta se fijara en \u00e9l y lo pidiera mejorar el apartado creativo y para reforzar&nbsp;una zona d\u00e9bil, donde&nbsp;<strong>Martin Odegaard<\/strong> era la \u00fanica opci\u00f3n similar con la contaba el DT.<\/p>\n<div class=\"sp__Normal\">\n<div class=\"image-embeb image-trigger\" readability=\"6\">\n<picture><source media=\"(min-width: 720px)\" srcset=\"http:\/\/hoycordobaweb.com\/wp-content\/uploads\/2022\/06\/premier-league-la-tercera-compra-mas-cara-de-la-temporada-8.jpg\"><img itemprop=\"image\" src=\"http:\/\/hoycordobaweb.com\/wp-content\/uploads\/2022\/06\/premier-league-la-tercera-compra-mas-cara-de-la-temporada-8.jpg\" loading=\"lazy\" alt=\"Arteta se fij\u00f3 personalmente en el mediocampista luso. Foto: REUTERS\/Rebecca Naden\">\n<\/picture><figcaption readability=\"2\">\n<p>Arteta se fij\u00f3 personalmente en el mediocampista luso. Foto: REUTERS\/Rebecca Naden\n<\/p>\n<\/figcaption><\/div>\n<\/div>\n<p><strong>El Arsenal qued\u00f3 quinto en la pasada Premier League<\/strong> y se garantiz\u00f3 un cupo en la fase de grupos de la <strong><a data-cke-saved-href=\"https:\/\/www.ole.com.ar\/futbol-internacional\/europa-league\/\" target=\"_blank\" href=\"https:\/\/www.ole.com.ar\/futbol-internacional\/europa-league\/\" rel=\"noopener noreferrer\">Europa League<\/a><\/strong>, por lo que volver\u00e1 a las competencias europeas tras un a\u00f1o de ausencia. Adem\u00e1s de esto, buscar\u00e1 la vuelta a la <a data-cke-saved-href=\"https:\/\/www.ole.com.ar\/tema\/champions-league.html\" target=\"_blank\" href=\"https:\/\/www.ole.com.ar\/tema\/champions-league.html\" rel=\"noopener noreferrer\"><strong>Champions <\/strong><\/a>y buscar\u00e1 su primer t\u00edtulo desde la <strong>Community Shield 2020\/21.<\/strong><\/p>\n<div class=\"entry-tags\">\n<h2>TEMAS QUE APARECEN EN ESTA NOTA<\/h2>\n<\/p><\/div>\n","protected":false},"excerpt":{"rendered":"<p>El mercado de pases para la temporada 2022\/23 esta al rojo vivo, y ya ha tenido a los clubes ingleses como principales protagonistas. Primero fue el Manchester City con Erling Haaland, luego el Liverpool con Darwin Nu\u00f1ez, y ahora el Arsenal,&nbsp;que no se qued\u00f3 atr\u00e1s&nbsp;y anunci\u00f3 la compra del volante portugu\u00e9s Fabio Vieira, procedente del [&hellip;]<\/p>\n","protected":false},"author":1,"featured_media":43531,"comment_status":"open","ping_status":"closed","sticky":false,"template":"","format":"standard","meta":[],"categories":[16],"tags":[],"_links":{"self":[{"href":"http:\/\/hoycordobaweb.com\/index.php\/wp-json\/wp\/v2\/posts\/43530"}],"collection":[{"href":"http:\/\/hoycordobaweb.com\/index.php\/wp-json\/wp\/v2\/posts"}],"about":[{"href":"http:\/\/hoycordobaweb.com\/index.php\/wp-json\/wp\/v2\/types\/post"}],"author":[{"embeddable":true,"href":"http:\/\/hoycordobaweb.com\/index.php\/wp-json\/wp\/v2\/users\/1"}],"replies":[{"embeddable":true,"href":"http:\/\/hoycordobaweb.com\/index.php\/wp-json\/wp\/v2\/comments?post=43530"}],"version-history":[{"count":0,"href":"http:\/\/hoycordobaweb.com\/index.php\/wp-json\/wp\/v2\/posts\/43530\/revisions"}],"wp:featuredmedia":[{"embeddable":true,"href":"http:\/\/hoycordobaweb.com\/index.php\/wp-json\/wp\/v2\/media\/43531"}],"wp:attachment":[{"href":"http:\/\/hoycordobaweb.com\/index.php\/wp-json\/wp\/v2\/media?parent=43530"}],"wp:term":[{"taxonomy":"category","embeddable":true,"href":"http:\/\/hoycordobaweb.com\/index.php\/wp-json\/wp\/v2\/categories?post=43530"},{"taxonomy":"post_tag","embeddable":true,"href":"http:\/\/hoycordobaweb.com\/index.php\/wp-json\/wp\/v2\/tags?post=43530"}],"curies":[{"name":"wp","href":"https:\/\/api.w.org\/{rel}","templated":true}]}}