{"id":43528,"date":"2022-06-21T21:54:40","date_gmt":"2022-06-21T21:54:40","guid":{"rendered":"https:\/\/www.ole.com.ar\/futbol-internacional\/argentino-transferencia-lanus-celtic_0_Apgl8yrQgh.html"},"modified":"2022-06-21T21:54:40","modified_gmt":"2022-06-21T21:54:40","slug":"la-llamativa-venta-de-lanus-a-escocia","status":"publish","type":"post","link":"http:\/\/hoycordobaweb.com\/index.php\/2022\/06\/21\/la-llamativa-venta-de-lanus-a-escocia\/","title":{"rendered":"La llamativa venta: de Lan\u00fas a Escocia"},"content":{"rendered":"<p><img src=\"http:\/\/hoycordobaweb.com\/wp-content\/uploads\/2022\/06\/la-llamativa-venta-de-lanus-a-escocia.jpg\"><\/p>\n<p><strong>El <a alt=\"celtic\" class=\"slug\" href=\"https:\/\/www.ole.com.ar\/tema\/celtic.html\" target=\"_blank\" title=\"celtic\" rel=\"noopener noreferrer\">Celtic<\/a> se har\u00e1 con los servicios de <a alt=\"alexandro-bernabei\" class=\"slug\" href=\"https:\/\/www.ole.com.ar\/tema\/alexandro-bernabei.html\" target=\"_blank\" title=\"alexandro-bernabei\" rel=\"noopener noreferrer\">Alexandro Bernabei<\/a> en este mercado de pases por un monto que supera los 4 millones de euros por el 90% del pase.<\/strong> El argentino entren\u00f3 este martes con <a alt=\"lanus\" class=\"slug\" href=\"https:\/\/www.ole.com.ar\/tema\/lanus.html\" target=\"_blank\" title=\"lanus\" rel=\"noopener noreferrer\">Lan\u00fas <\/a>y se despidi\u00f3 para sumarse al equipo escoc\u00e9s.&nbsp;<\/p>\n<div class=\"sp__SM\">\n<div class=\"content-new \">\n<span class=\"tit-mobile\">Mir\u00e1 tambi\u00e9n<\/span><\/p>\n<div class=\"mg\">\n<div class=\"wrap-figure\">\n<picture>\n<a href=\"https:\/\/www.ole.com.ar\/futbol-internacional\/champions\/champions-league-europa-argentinos-_0_1XxA2RVfVC.html\" target=\"_self\" rel=\"noopener noreferrer\"><br \/>\n<img class=\"img-responsive\" alt=\"Un argentino hizo el primer gol de la Champions 2022\/2023\" src=\"http:\/\/hoycordobaweb.com\/wp-content\/uploads\/2022\/06\/la-llamativa-venta-de-lanus-a-escocia-2.jpg\" loading=\"lazy\"><br \/>\n<\/a>\n<\/picture>\n<\/div>\n<\/div><\/div>\n<\/div>\n<p><strong>\u200bEl joven lateral izquierdo de Lan\u00fas ser\u00e1 el primer argentino en jugar para el club<\/strong> de Glasgow, que gan\u00f3 8 de las \u00faltimas 9 Scottish Premiership, incluyendo la \u00faltima liga disputada.<\/p>\n<h2>\u200bLa emotiva despedida en el vestuario de Lan\u00fas<\/h2>\n<p>Bernabei fue despedido con abrazos, elogios y motivaci\u00f3n para enfrentar su nueva etapa en Europa. \u00abGracias a todos, los quiero\u00bb, dijo el defensor.<em>\u200b<\/em><\/p>\n<div class=\"sp__Normal htmlLibre\">\n<div class=\"embed-responsive-c\" readability=\"7.9518987341772\">\n<blockquote class=\"twitter-tweet\" readability=\"9.7189873417722\">\n<p lang=\"es\" dir=\"ltr\">\ud83c\uddf1\ud83c\uddfb\ud83d\udc4b LA DESPEDIDA DE BERNA<\/p>\n<p>El lateral izquierdo Alexandro Bernabei salud\u00f3 a todos en el vestuario de <a href=\"https:\/\/twitter.com\/hashtag\/Lan%C3%BAs?src=hash&amp;ref_src=twsrc%5Etfw\">#Lan\u00fas<\/a> despu\u00e9s del entrenamiento de hoy. Viaja a Escocia \ud83c\udff4\udb40\udc67\udb40\udc62\udb40\udc73\udb40\udc63\udb40\udc74\udb40\udc7f para sumarse al Celtic en las pr\u00f3ximas horas. <\/p>\n<p>\ud83d\udcf9 Video de la intimidad compartido por el masajista Vasily Bogdanov. <a href=\"https:\/\/t.co\/hzcB6rRoCb\">pic.twitter.com\/hzcB6rRoCb<\/a><\/p>\n<p>\u2014 Fortaleza Granate (@fortalezagrana) <a href=\"https:\/\/twitter.com\/fortalezagrana\/status\/1539302350460014603?ref_src=twsrc%5Etfw\">June 21, 2022<\/a><\/p><\/blockquote><\/div>\n<\/div>\n<div class=\"sp__SM\">\n<div class=\"content-new \">\n<span class=\"tit-mobile\">Mir\u00e1 tambi\u00e9n<\/span><\/p>\n<div class=\"mg\">\n<div class=\"wrap-figure\">\n<picture>\n<a href=\"https:\/\/www.ole.com.ar\/futbol-internacional\/mane-bayern-senegal_0_78tCK5OfUl.html\" target=\"_self\" rel=\"noopener noreferrer\"><br \/>\n<img class=\"img-responsive\" alt=\"Man\u00e9: del barro de Senegal al Bayern alem\u00e1n\" src=\"http:\/\/hoycordobaweb.com\/wp-content\/uploads\/2022\/06\/la-llamativa-venta-de-lanus-a-escocia-3.jpg\" loading=\"lazy\"><br \/>\n<\/a>\n<\/picture>\n<\/div>\n<\/div><\/div>\n<\/div>\n<h2>Se van, pero tambi\u00e9n llegan<\/h2>\n<p><strong>Lan\u00fas opt\u00f3 por no quedarse inm\u00f3vil en el mercado de pases. Este martes el&nbsp;Granate hizo oficial el fichaje de Ra\u00fal Loaiza:<\/strong>&nbsp;el colombiano firm\u00f3 hasta 2025.<\/p>\n<div class=\"sp__Normal htmlLibre\">\n<div class=\"embed-responsive-c\" readability=\"5.3371559633028\">\n<blockquote class=\"twitter-tweet\" readability=\"4.9266055045872\">\n<p lang=\"es\" dir=\"ltr\">OFICIAL \u26a0\ufe0f Ra\u00fal Loaiza es nuestro primer refuerzo en este mercado de invierno: firm\u00f3 contrato hasta 2025. \u00a1Bienvenido al Granate! \ud83c\uddf1\ud83c\uddfb\ud83d\udc4a <a href=\"https:\/\/t.co\/br032vFt1G\">pic.twitter.com\/br032vFt1G<\/a><\/p>\n<p>\u2014 Club Lan\u00fas (@clublanus) <a href=\"https:\/\/twitter.com\/clublanus\/status\/1539288144763289607?ref_src=twsrc%5Etfw\">June 21, 2022<\/a><\/p><\/blockquote><\/div>\n<\/div>\n<p>\u201cHay un grupo unido y&nbsp;con el pasar de los d\u00edas nos iremos conociendo. Lan\u00fas tiene todo muy bien organizado, es un lindo club. Estoy feliz de estar ac\u00e1\u201d, dijo el volante de 28 a\u00f1os.<\/p>\n<p>Ra\u00fal Loaiza fue dirigido por <a alt=\"jorge-almiron\" class=\"slug\" href=\"https:\/\/www.ole.com.ar\/tema\/jorge-almiron.html\" target=\"_blank\" title=\"jorge-almiron\" rel=\"noopener noreferrer\">Jorge Almir\u00f3n<\/a> en dos ocasiones. Durante su paso por <a alt=\"atletico-nacional\" class=\"slug\" href=\"https:\/\/www.ole.com.ar\/tema\/atletico-nacional.html\" target=\"_blank\" title=\"atletico-nacional\" rel=\"noopener noreferrer\">Atl\u00e9tico Nacional<\/a> en Colombia y luego con <a alt=\"san-lorenzo\" class=\"slug\" href=\"https:\/\/www.ole.com.ar\/tema\/san-lorenzo.html\" target=\"_blank\" title=\"san-lorenzo\" rel=\"noopener noreferrer\">San Lorenzo<\/a> en 2018 y 2019.<\/p>\n<div class=\"sp__SM\">\n<div class=\"content-new \">\n<span class=\"tit-mobile\">Mir\u00e1 tambi\u00e9n<\/span><\/p>\n<div class=\"mg\">\n<div class=\"wrap-figure\">\n<picture>\n<a href=\"https:\/\/www.ole.com.ar\/futbol-internacional\/gotze-frankfurt-club_0_jcaKOl2kH7.html\" target=\"_self\" rel=\"noopener noreferrer\"><br \/>\n<img class=\"img-responsive\" alt=\"El nuevo destino de Mario Gotze, verdugo de la Selecci\u00f3n en 2014\" src=\"http:\/\/hoycordobaweb.com\/wp-content\/uploads\/2022\/06\/la-llamativa-venta-de-lanus-a-escocia-4.jpg\" loading=\"lazy\"><br \/>\n<\/a>\n<\/picture>\n<\/div>\n<\/div><\/div>\n<\/div>\n<h2>Almir\u00f3n no se conforma con un solo refuerzo<\/h2>\n<h2><\/h2>\n<p>Jorge Almir\u00f3n, director t\u00e9cnico del Granate, quiere que Lan\u00fas siga movi\u00e9ndose en el mercado de pases para competir en la Copa de La Liga Profesional y en la Copa Sudamericana:&nbsp;ahora apunta&nbsp;a <a alt=\"walter-bou\" class=\"slug\" href=\"https:\/\/www.ole.com.ar\/tema\/walter-bou.html\" target=\"_blank\" title=\"walter-bou\" rel=\"noopener noreferrer\">Walter Bou<\/a>.<\/p>\n<div class=\"sp__Normal\">\n<div class=\"image-embeb image-trigger\">\n<picture><source media=\"(min-width: 720px)\" srcset=\"http:\/\/hoycordobaweb.com\/wp-content\/uploads\/2022\/06\/la-llamativa-venta-de-lanus-a-escocia-5.jpg\"><img itemprop=\"image\" src=\"http:\/\/hoycordobaweb.com\/wp-content\/uploads\/2022\/06\/la-llamativa-venta-de-lanus-a-escocia-5.jpg\" loading=\"lazy\" alt=\"Walter Bou.\">\n<\/picture><figcaption>\n<p>Walter Bou.\n<\/p>\n<\/figcaption><\/div>\n<\/div>\n<p> Seg\u00fan inform\u00f3 el medio Planeta Defensa, Lan\u00fas ya est\u00e1 entablando conversaciones con el Halc\u00f3n para hacerse con los servicios del delantero<\/p>\n<div class=\"sp__SM\">\n<div class=\"content-new \">\n<span class=\"tit-mobile\">Mir\u00e1 tambi\u00e9n<\/span><\/p>\n<div class=\"mg\">\n<div class=\"wrap-figure\"> <picture>\n<a href=\"https:\/\/www.ole.com.ar\/futbol-internacional\/espana\/madrid-presentacion-refuerzo_0_xX4GutMpl7.html\" target=\"_self\" rel=\"noopener noreferrer\"><br \/>\n<img class=\"img-responsive\" alt=\"El curioso \u00eddolo de Antonio R\u00fcdiger\" src=\"http:\/\/hoycordobaweb.com\/wp-content\/uploads\/2022\/06\/la-llamativa-venta-de-lanus-a-escocia-6.jpg\" loading=\"lazy\"><br \/>\n<\/a>\n<\/picture>\n<\/div>\n<\/div><\/div>\n<\/div>\n<div class=\"entry-tags\">\n<h2>TEMAS QUE APARECEN EN ESTA NOTA<\/h2>\n<\/p><\/div>\n","protected":false},"excerpt":{"rendered":"<p>El Celtic se har\u00e1 con los servicios de Alexandro Bernabei en este mercado de pases por un monto que supera los 4 millones de euros por el 90% del pase. El argentino entren\u00f3 este martes con Lan\u00fas y se despidi\u00f3 para sumarse al equipo escoc\u00e9s.&nbsp; Mir\u00e1 tambi\u00e9n \u200bEl joven lateral izquierdo de Lan\u00fas ser\u00e1 el [&hellip;]<\/p>\n","protected":false},"author":1,"featured_media":43529,"comment_status":"open","ping_status":"closed","sticky":false,"template":"","format":"standard","meta":[],"categories":[16],"tags":[],"_links":{"self":[{"href":"http:\/\/hoycordobaweb.com\/index.php\/wp-json\/wp\/v2\/posts\/43528"}],"collection":[{"href":"http:\/\/hoycordobaweb.com\/index.php\/wp-json\/wp\/v2\/posts"}],"about":[{"href":"http:\/\/hoycordobaweb.com\/index.php\/wp-json\/wp\/v2\/types\/post"}],"author":[{"embeddable":true,"href":"http:\/\/hoycordobaweb.com\/index.php\/wp-json\/wp\/v2\/users\/1"}],"replies":[{"embeddable":true,"href":"http:\/\/hoycordobaweb.com\/index.php\/wp-json\/wp\/v2\/comments?post=43528"}],"version-history":[{"count":0,"href":"http:\/\/hoycordobaweb.com\/index.php\/wp-json\/wp\/v2\/posts\/43528\/revisions"}],"wp:featuredmedia":[{"embeddable":true,"href":"http:\/\/hoycordobaweb.com\/index.php\/wp-json\/wp\/v2\/media\/43529"}],"wp:attachment":[{"href":"http:\/\/hoycordobaweb.com\/index.php\/wp-json\/wp\/v2\/media?parent=43528"}],"wp:term":[{"taxonomy":"category","embeddable":true,"href":"http:\/\/hoycordobaweb.com\/index.php\/wp-json\/wp\/v2\/categories?post=43528"},{"taxonomy":"post_tag","embeddable":true,"href":"http:\/\/hoycordobaweb.com\/index.php\/wp-json\/wp\/v2\/tags?post=43528"}],"curies":[{"name":"wp","href":"https:\/\/api.w.org\/{rel}","templated":true}]}}